{"id":179834,"date":"2019-07-09T14:16:07","date_gmt":"2019-07-09T11:16:07","guid":{"rendered":"http:\/\/www.tvturk.com\/index.php\/33-soykirim-kurbani-srebrenitsaya-ugurlandi\/"},"modified":"2019-07-09T14:16:07","modified_gmt":"2019-07-09T11:16:07","slug":"33-soykirim-kurbani-srebrenitsaya-ugurlandi","status":"publish","type":"post","link":"http:\/\/www.tvturk.com\/index.php\/33-soykirim-kurbani-srebrenitsaya-ugurlandi\/","title":{"rendered":"33 soyk\u0131r\u0131m kurban\u0131 Srebrenitsa\u2019ya u\u011furland\u0131"},"content":{"rendered":"<p>Srebrenitsa soyk\u0131r\u0131m\u0131n\u0131n kimlikleri yeni tespit edilen 33 kurban\u0131n\u0131n cenazeleri, g\u00f6zya\u015flar\u0131yla Saraybosna\u2019dan Srebrenitsa\u2019ya u\u011furland\u0131.<\/p>\n<p>Soyk\u0131r\u0131m\u0131n y\u0131l d\u00f6n\u00fcm\u00fcnde 11 Temmuz Per\u015fembe g\u00fcn\u00fc Poto\u00e7ari\u2019deki \u015fehitli\u011fe defnedilecek olan cenazeler, \u015fehit yak\u0131nlar\u0131 ve Saraybosnal\u0131lar taraf\u0131ndan u\u011furland\u0131. T\u00f6rene, G\u00fcneydo\u011fu Avrupa \u0130\u015fbirli\u011fi S\u00fcreci Zirve Toplant\u0131s\u0131 vesilesiyle Bosna Hersek\u2019te temaslarda bulunan Cumhurba\u015fkan\u0131 Recep Tayyip Erdo\u011fan da kat\u0131ld\u0131. Erdo\u011fan\u2019a Bosna Hersek Halklar Meclisi Ba\u015fkan\u0131 ve merhum Aliya \u0130zetbegovi\u00e7\u2019in o\u011flu Bakir \u0130zetbegovi\u00e7 e\u015flik etti. Cenazelerin Srebrenitsa\u2019ya u\u011furland\u0131\u011f\u0131 t\u00f6rende Bosna Hersek Devlet Ba\u015fkanl\u0131\u011f\u0131 Konseyi Bo\u015fnak \u00dcyesi \u015eefik Caferovi\u00e7, H\u0131rvat \u00fcye Jelyko Kom\u015fi\u00e7, Bosna Hersek \u0130slam Birli\u011fi Reis-ul Ulemas\u0131 Husein Kavazovi\u00e7 ve Saraybosna Belediye Ba\u015fkan\u0131 Abdulah Skaka da haz\u0131r bulundu.<\/p>\n<p>Bosna Hersek\u2019in \u00e7e\u015fitli yerlerindeki toplu mezarlardan \u00e7\u0131kar\u0131larak yak\u0131nlar\u0131ndan al\u0131nan DNA \u00f6rnekleri vesilesiyle kimlikleri tespit edilen cenazeler aras\u0131nda bu y\u0131l en ya\u015fl\u0131 cenaze 82 ya\u015f\u0131nda \u00f6ld\u00fcr\u00fclen \u015eaha Tsvrk ve en k\u00fc\u00e7\u00fck ya\u015ftaki cenaze ise 16 ya\u015f\u0131nda \u00f6ld\u00fcr\u00fclen Osman Tsvrk olacak. Bu y\u0131lki toplu cenaze t\u00f6reninde g\u00f6m\u00fclenler aras\u0131nda baba ve o\u011ful olan Zaim Pilav (1946) ve Fuad Pilav (1976) da yer alacak. Ayn\u0131 zamanda karde\u015f olan Kas\u0131m ve As\u0131m \u0130sakovi\u00e7 ve Fahrudin ve Ziyo Muyi\u00e7 de topra\u011fa verilecek.<\/p>\n","protected":false},"excerpt":{"rendered":"<p>SREBREN\u0130TSA SOYKIRIMININ K\u0130ML\u0130KLER\u0130 YEN\u0130 TESP\u0130T ED\u0130LEN 33 KURBANININ CENAZELER\u0130, G\u00d6ZYA\u015eLARIYLA SARAYBOSNA\u2019DAN SREBREN\u0130TSA\u2019YA U\u011eURLANDI.<\/p>\n","protected":false},"author":1,"featured_media":179835,"comment_status":"closed","ping_status":"open","sticky":false,"template":"","format":"standard","meta":{"jetpack_post_was_ever_published":false,"_jetpack_newsletter_access":"","_jetpack_dont_email_post_to_subs":false,"_jetpack_newsletter_tier_id":0,"_jetpack_memberships_contains_paywalled_content":false,"_jetpack_memberships_contains_paid_content":false,"footnotes":"","jetpack_publicize_message":"","jetpack_publicize_feature_enabled":true,"jetpack_social_post_already_shared":true,"jetpack_social_options":{"image_generator_settings":{"template":"highway","default_image_id":0,"font":"","enabled":false},"version":2}},"categories":[10],"tags":[6998,2532,44221,2516],"class_list":["post-179834","post","type-post","status-publish","format-standard","has-post-thumbnail","hentry","category-dunya","tag-kurbani","tag-soykirim","tag-srebrenitsaya","tag-ugurlandi"],"jetpack_publicize_connections":[],"jetpack_featured_media_url":"https:\/\/i0.wp.com\/www.tvturk.com\/wp-content\/uploads\/2019\/07\/33-soykirim-kurbani-srebrenitsaya-ugurlandi_8ee069c.jpg?fit=1000%2C563","jetpack_sharing_enabled":true,"jetpack_shortlink":"https:\/\/wp.me\/paKIfm-KMy","_links":{"self":[{"href":"http:\/\/www.tvturk.com\/index.php\/wp-json\/wp\/v2\/posts\/179834","targetHints":{"allow":["GET"]}}],"collection":[{"href":"http:\/\/www.tvturk.com\/index.php\/wp-json\/wp\/v2\/posts"}],"about":[{"href":"http:\/\/www.tvturk.com\/index.php\/wp-json\/wp\/v2\/types\/post"}],"author":[{"embeddable":true,"href":"http:\/\/www.tvturk.com\/index.php\/wp-json\/wp\/v2\/users\/1"}],"replies":[{"embeddable":true,"href":"http:\/\/www.tvturk.com\/index.php\/wp-json\/wp\/v2\/comments?post=179834"}],"version-history":[{"count":0,"href":"http:\/\/www.tvturk.com\/index.php\/wp-json\/wp\/v2\/posts\/179834\/revisions"}],"wp:featuredmedia":[{"embeddable":true,"href":"http:\/\/www.tvturk.com\/index.php\/wp-json\/wp\/v2\/media\/179835"}],"wp:attachment":[{"href":"http:\/\/www.tvturk.com\/index.php\/wp-json\/wp\/v2\/media?parent=179834"}],"wp:term":[{"taxonomy":"category","embeddable":true,"href":"http:\/\/www.tvturk.com\/index.php\/wp-json\/wp\/v2\/categories?post=179834"},{"taxonomy":"post_tag","embeddable":true,"href":"http:\/\/www.tvturk.com\/index.php\/wp-json\/wp\/v2\/tags?post=179834"}],"curies":[{"name":"wp","href":"https:\/\/api.w.org\/{rel}","templated":true}]}}