{"id":179906,"date":"2019-07-09T15:31:53","date_gmt":"2019-07-09T12:31:53","guid":{"rendered":"http:\/\/www.tvturk.com\/index.php\/canakkalede-parcali-ay-tutulmasi-heyecani-yasanacak\/"},"modified":"2019-07-09T15:31:53","modified_gmt":"2019-07-09T12:31:53","slug":"canakkalede-parcali-ay-tutulmasi-heyecani-yasanacak","status":"publish","type":"post","link":"http:\/\/www.tvturk.com\/index.php\/canakkalede-parcali-ay-tutulmasi-heyecani-yasanacak\/","title":{"rendered":"\u00c7anakkale\u2019de Par\u00e7al\u0131 Ay Tutulmas\u0131 heyecan\u0131 ya\u015fanacak"},"content":{"rendered":"<p>G\u00f6ky\u00fcz\u00fc ile yak\u0131ndan ilgilenenlerin heyecanla bekledi\u011fi \u201cPar\u00e7al\u0131 Ay Tutulmas\u0131\u201d, 16 Temmuz 2019 tarihinde ger\u00e7ekle\u015fecek. T\u00fcrkiye\u2019den g\u00f6zlemlenebilecek bu y\u0131lki tek tutulmada Ay\u2019\u0131n yakla\u015f\u0131k y\u00fczde 65\u2019lik b\u00f6l\u00fcm\u00fc D\u00fcnya\u2019n\u0131n g\u00f6lgesinde kalacak. B\u00fcy\u00fcleyici g\u00f6k olay\u0131n\u0131 ka\u00e7\u0131rmak istemeyenler, teleskoplar\u0131yla bu ana tan\u0131kl\u0131k edebilecek.<\/p>\n<p>16 Temmuz 2019 ak\u015fam\u0131 ger\u00e7ekle\u015fecek olan \u201cPar\u00e7al\u0131 Ay Tutulmas\u0131\u201d t\u00fcm T\u00fcrkiye\u2019den takip edilebilecek. Tamam\u0131 g\u00f6zlemlenebilecek bu tutulma T\u00fcrkiye saati ile 21.43-03.18 saatlerinde ger\u00e7ekle\u015fecek. Saat 00.31\u2019de tutulma ortas\u0131nda Ay\u2019\u0131n yakla\u015f\u0131k y\u00fczde 65\u2019i D\u00fcnya\u2019n\u0131n g\u00f6lgesinde kalacak.<\/p>\n<p>Profesyonel teleskoplarla izleme imkan\u0131<\/p>\n<p>Ay\u2019\u0131n D\u00fcnya\u2019n\u0131n g\u00f6lgesinde kalmas\u0131yla karanl\u0131\u011f\u0131n artt\u0131\u011f\u0131 g\u00f6ky\u00fcz\u00fc olay\u0131, Bozcaada Cumhuriyet Meydan\u0131\u2019nda kurulacak stand ile profesyonel teleskoplarla izlenebilecek ve tutulma herkese a\u00e7\u0131k olacak.<\/p>\n","protected":false},"excerpt":{"rendered":"<p>PAR\u00c7ALI AY TUTULMASI \u00c7ANAKKALE&#8217;DE \u0130ZLENECEK<\/p>\n","protected":false},"author":1,"featured_media":179907,"comment_status":"closed","ping_status":"open","sticky":false,"template":"","format":"standard","meta":{"jetpack_post_was_ever_published":false,"_jetpack_newsletter_access":"","_jetpack_dont_email_post_to_subs":false,"_jetpack_newsletter_tier_id":0,"_jetpack_memberships_contains_paywalled_content":false,"_jetpack_memberships_contains_paid_content":false,"footnotes":"","jetpack_publicize_message":"","jetpack_publicize_feature_enabled":true,"jetpack_social_post_already_shared":true,"jetpack_social_options":{"image_generator_settings":{"template":"highway","default_image_id":0,"font":"","enabled":false},"version":2}},"categories":[1],"tags":[8544,1179,44241,32017,6143],"class_list":["post-179906","post","type-post","status-publish","format-standard","has-post-thumbnail","hentry","category-genel","tag-canakkalede","tag-heyecani","tag-parcali","tag-tutulmasi","tag-yasanacak"],"jetpack_publicize_connections":[],"jetpack_featured_media_url":"https:\/\/i0.wp.com\/www.tvturk.com\/wp-content\/uploads\/2019\/07\/canakkalede-parcali-ay-tutulmasi-heyecani-yasanacak_90e8976.jpg?fit=1000%2C666","jetpack_sharing_enabled":true,"jetpack_shortlink":"https:\/\/wp.me\/paKIfm-KNI","_links":{"self":[{"href":"http:\/\/www.tvturk.com\/index.php\/wp-json\/wp\/v2\/posts\/179906","targetHints":{"allow":["GET"]}}],"collection":[{"href":"http:\/\/www.tvturk.com\/index.php\/wp-json\/wp\/v2\/posts"}],"about":[{"href":"http:\/\/www.tvturk.com\/index.php\/wp-json\/wp\/v2\/types\/post"}],"author":[{"embeddable":true,"href":"http:\/\/www.tvturk.com\/index.php\/wp-json\/wp\/v2\/users\/1"}],"replies":[{"embeddable":true,"href":"http:\/\/www.tvturk.com\/index.php\/wp-json\/wp\/v2\/comments?post=179906"}],"version-history":[{"count":0,"href":"http:\/\/www.tvturk.com\/index.php\/wp-json\/wp\/v2\/posts\/179906\/revisions"}],"wp:featuredmedia":[{"embeddable":true,"href":"http:\/\/www.tvturk.com\/index.php\/wp-json\/wp\/v2\/media\/179907"}],"wp:attachment":[{"href":"http:\/\/www.tvturk.com\/index.php\/wp-json\/wp\/v2\/media?parent=179906"}],"wp:term":[{"taxonomy":"category","embeddable":true,"href":"http:\/\/www.tvturk.com\/index.php\/wp-json\/wp\/v2\/categories?post=179906"},{"taxonomy":"post_tag","embeddable":true,"href":"http:\/\/www.tvturk.com\/index.php\/wp-json\/wp\/v2\/tags?post=179906"}],"curies":[{"name":"wp","href":"https:\/\/api.w.org\/{rel}","templated":true}]}}