{"id":179920,"date":"2019-07-09T15:46:11","date_gmt":"2019-07-09T12:46:11","guid":{"rendered":"http:\/\/www.tvturk.com\/index.php\/esad-rejiminin-saldirisinda-3-cocuk-oldu\/"},"modified":"2019-07-09T15:46:11","modified_gmt":"2019-07-09T12:46:11","slug":"esad-rejiminin-saldirisinda-3-cocuk-oldu","status":"publish","type":"post","link":"http:\/\/www.tvturk.com\/index.php\/esad-rejiminin-saldirisinda-3-cocuk-oldu\/","title":{"rendered":"Esad rejiminin sald\u0131r\u0131s\u0131nda 3 \u00e7ocuk \u00f6ld\u00fc"},"content":{"rendered":"<p>Esad rejiminin \u0130dlib\u2019de bulunan m\u00fclteci kamp\u0131na d\u00fczenledi\u011fi hava sald\u0131r\u0131s\u0131nda 3 \u00e7ocuk hayat\u0131n\u0131 kaybederken, 5 sivil yaraland\u0131.<\/p>\n<p>Esad rejimi \u0130dlib\u2019de bulunan m\u00fclteci kamp\u0131na hava sald\u0131r\u0131s\u0131 d\u00fczenledi. Sald\u0131r\u0131da 3 \u00e7ocuk \u00f6ld\u00fc, 5 ki\u015fi yaraland\u0131. Olay yerine gelen sivil savunma ekipleri yaral\u0131lar\u0131 yak\u0131nlardaki hastanelere kald\u0131rd\u0131.<\/p>\n<p>Esad rejiminin, d\u00fcn \u0130dlib ve Hama aras\u0131ndaki k\u0131rsal b\u00f6lgelerdeki yerle\u015fim yerlerine d\u00fczenledi\u011fi sald\u0131r\u0131da 3 ki\u015fi hayat\u0131n\u0131 kaybetmi\u015fti.<\/p>\n","protected":false},"excerpt":{"rendered":"<p>ESAD REJ\u0130M\u0130N\u0130N \u0130DL\u0130B\u2019DE BULUNAN M\u00dcLTEC\u0130 KAMPINA D\u00dcZENLED\u0130\u011e\u0130 HAVA SALDIRISINDA 3 \u00c7OCUK HAYATINI KAYBEDERKEN, 5 S\u0130V\u0130L YARALANDI.<\/p>\n","protected":false},"author":1,"featured_media":179921,"comment_status":"closed","ping_status":"open","sticky":false,"template":"","format":"standard","meta":{"jetpack_post_was_ever_published":false,"_jetpack_newsletter_access":"","_jetpack_dont_email_post_to_subs":false,"_jetpack_newsletter_tier_id":0,"_jetpack_memberships_contains_paywalled_content":false,"_jetpack_memberships_contains_paid_content":false,"footnotes":"","jetpack_publicize_message":"","jetpack_publicize_feature_enabled":true,"jetpack_social_post_already_shared":true,"jetpack_social_options":{"image_generator_settings":{"template":"highway","default_image_id":0,"font":"","enabled":false},"version":2}},"categories":[10],"tags":[1008,2104,77,29857,4627],"class_list":["post-179920","post","type-post","status-publish","format-standard","has-post-thumbnail","hentry","category-dunya","tag-cocuk","tag-esad","tag-oldu","tag-rejiminin","tag-saldirisinda"],"jetpack_publicize_connections":[],"jetpack_featured_media_url":"https:\/\/i0.wp.com\/www.tvturk.com\/wp-content\/uploads\/2019\/07\/esad-rejiminin-saldirisinda-3-cocuk-oldu_b4bb284.jpg?fit=720%2C405","jetpack_sharing_enabled":true,"jetpack_shortlink":"https:\/\/wp.me\/paKIfm-KNW","_links":{"self":[{"href":"http:\/\/www.tvturk.com\/index.php\/wp-json\/wp\/v2\/posts\/179920","targetHints":{"allow":["GET"]}}],"collection":[{"href":"http:\/\/www.tvturk.com\/index.php\/wp-json\/wp\/v2\/posts"}],"about":[{"href":"http:\/\/www.tvturk.com\/index.php\/wp-json\/wp\/v2\/types\/post"}],"author":[{"embeddable":true,"href":"http:\/\/www.tvturk.com\/index.php\/wp-json\/wp\/v2\/users\/1"}],"replies":[{"embeddable":true,"href":"http:\/\/www.tvturk.com\/index.php\/wp-json\/wp\/v2\/comments?post=179920"}],"version-history":[{"count":0,"href":"http:\/\/www.tvturk.com\/index.php\/wp-json\/wp\/v2\/posts\/179920\/revisions"}],"wp:featuredmedia":[{"embeddable":true,"href":"http:\/\/www.tvturk.com\/index.php\/wp-json\/wp\/v2\/media\/179921"}],"wp:attachment":[{"href":"http:\/\/www.tvturk.com\/index.php\/wp-json\/wp\/v2\/media?parent=179920"}],"wp:term":[{"taxonomy":"category","embeddable":true,"href":"http:\/\/www.tvturk.com\/index.php\/wp-json\/wp\/v2\/categories?post=179920"},{"taxonomy":"post_tag","embeddable":true,"href":"http:\/\/www.tvturk.com\/index.php\/wp-json\/wp\/v2\/tags?post=179920"}],"curies":[{"name":"wp","href":"https:\/\/api.w.org\/{rel}","templated":true}]}}