{"id":179926,"date":"2019-07-09T15:46:34","date_gmt":"2019-07-09T12:46:34","guid":{"rendered":"http:\/\/www.tvturk.com\/index.php\/diyanet-isleri-baskani-erbas-15-temmuz-gazileriyle-bir-araya-geldi\/"},"modified":"2019-07-09T15:46:34","modified_gmt":"2019-07-09T12:46:34","slug":"diyanet-isleri-baskani-erbas-15-temmuz-gazileriyle-bir-araya-geldi","status":"publish","type":"post","link":"http:\/\/www.tvturk.com\/index.php\/diyanet-isleri-baskani-erbas-15-temmuz-gazileriyle-bir-araya-geldi\/","title":{"rendered":"Diyanet \u0130\u015fleri Ba\u015fkan\u0131 Erba\u015f, 15 Temmuz gazileriyle bir araya geldi"},"content":{"rendered":"<p>15 Temmuz hain darbe giri\u015fiminde gazi olan Diyanet \u00e7al\u0131\u015fanlar\u0131 ile kahvalt\u0131da bir araya gelen Diyanet \u0130\u015fleri Ba\u015fkan\u0131 Ali Erba\u015f, \u201cCenab-\u0131 Hak milletimizi, vatan\u0131m\u0131z\u0131, ezan\u0131m\u0131z\u0131, bayra\u011f\u0131m\u0131z\u0131 ilelebet payidar eylesin\u201d dedi.<\/p>\n<p>Diyanet \u0130\u015fleri Ba\u015fkan\u0131 Prof. Dr. Ali Erba\u015f, 15 Temmuz hain darbe giri\u015fimine kar\u015f\u0131 m\u00fccadele ederken gazi olan Diyanet personeliyle kahvalt\u0131da bir araya geldi. 15 Temmuz gecesi ya\u015fan\u0131lan\u0131n bir ihanet \u015febekesinin yapm\u0131\u015f oldu\u011fu darbe ve i\u015fgal giri\u015fiminin milletimiz taraf\u0131ndan p\u00fcsk\u00fcrt\u00fclmesi oldu\u011funu ifade eden Diyanet \u0130\u015fleri Ba\u015fkan\u0131 Erba\u015f, \u201cBu bir destand\u0131r, sizlerin yazd\u0131\u011f\u0131 bir destand\u0131r\u201d dedi. Gazili\u011fin \u015fehitlik gibi \u00f6nemli bir mertebe oldu\u011funu kaydeden Erba\u015f, \u201cHer gazi, bir \u015fehit aday\u0131 idi. Yan\u0131n\u0131zdaki arkada\u015flar\u0131n\u0131z\u0131n baz\u0131s\u0131 \u015fehit oldu, sizler gazi oldunuz\u201d diye konu\u015ftu.<\/p>\n<p>Erba\u015f, Diyanet \u0130\u015fleri Ba\u015fkanl\u0131\u011f\u0131 olarak k\u00fcrs\u00fclerde, minberlerde, mihraplarda \u015fehitli\u011fin ve gazili\u011fin \u00f6nemini anlatt\u0131klar\u0131n\u0131 belirterek, \u201cD\u00fcnyada bu duyguyu ta\u015f\u0131yan ve bu inanc\u0131 en y\u00fcksek olan millet hangi millettir diye sorsalar, teredd\u00fcts\u00fcz cevab\u0131m\u0131z bizim milletimizdir, Anadolu insan\u0131d\u0131r, T\u00fcrk milletidir, bu topraklarda ya\u015fayan insanlard\u0131r. Tarih boyunca bu b\u00f6yledir. Gen\u00e7lerimizi ve \u00e7ocuklar\u0131m\u0131z\u0131 bu duygularla yeti\u015ftirmek zorunday\u0131z\u201d ifadelerini kulland\u0131.<\/p>\n<p>Bazen ter\u00f6r gruplar\u0131 kurdurarak, bazen de ihanet \u015febekelerini destekleyerek T\u00fcrk milletini sava\u015f alanlar\u0131na \u00e7ektiklerini dile getiren Erba\u015f, \u201cCenab-\u0131 Hak milletimizi, vatan\u0131m\u0131z\u0131, ezan\u0131m\u0131z\u0131, bayra\u011f\u0131m\u0131z\u0131 ilelebet payidar eylesin in\u015fallah. Hainlerin, m\u00fcnaf\u0131klar\u0131n, d\u00fc\u015fmanlar\u0131n \u015ferlerinden milletimizi, vatan\u0131m\u0131z\u0131 ve b\u00fct\u00fcn manevi de\u011ferlerimizi muhafaza eylesin\u201d \u015feklinde konu\u015ftu.<\/p>\n<p>\u201cE\u011fer siz Allah\u2019\u0131n dinine yard\u0131m ederseniz o da size yard\u0131m eder\u201d ayetini hat\u0131rlatan Erba\u015f, konu\u015fmas\u0131n\u0131 \u015f\u00f6yle tamamlad\u0131:<\/p>\n<p>\u201cBiz millet olarak \u0130slam\u2019a hadim oldu\u011fumuz s\u00fcrece Allah bize yard\u0131m edecektir. Bu duygularla tekrar hepinize ho\u015f geldiniz diyorum. \u015eehitlerimize rahmet diliyorum. T\u00fcm gazilerimize \u015fifalar, hay\u0131rl\u0131 \u00f6m\u00fcrler ve \u00f6zellikle sizlere burada bug\u00fcn bizimle bulunman\u0131z dolay\u0131s\u0131yla, bu ortam\u0131 bizlerle payla\u015ft\u0131\u011f\u0131n\u0131z i\u00e7in \u015f\u00fckranlar\u0131m\u0131 sunuyor, afiyet olsun diyorum.\u201d<\/p>\n<p>Erba\u015f\u2019\u0131n konu\u015fmas\u0131n\u0131n ard\u0131ndan programa kat\u0131lan gaziler s\u00f6z alarak duygu ve d\u00fc\u015f\u00fcncelerini ifade ettiler. Programda Din Hizmetleri Genel M\u00fcd\u00fcr\u00fc B\u00fcnyamin Albayrak da haz\u0131r bulundu.<\/p>\n","protected":false},"excerpt":{"rendered":"<p>D\u0130YANET \u0130\u015eLER\u0130 BA\u015eKANI PROF. DR. AL\u0130 ERBA\u015e, 15 TEMMUZ HA\u0130N DARBE G\u0130R\u0130\u015e\u0130M\u0130NE KAR\u015eI M\u00dcCADELE EDERKEN GAZ\u0130 OLAN D\u0130YANET PERSONEL\u0130YLE KAHVALTIDA B\u0130R ARAYA GELD\u0130.<\/p>\n","protected":false},"author":1,"featured_media":179927,"comment_status":"closed","ping_status":"open","sticky":false,"template":"","format":"standard","meta":{"jetpack_post_was_ever_published":false,"_jetpack_newsletter_access":"","_jetpack_dont_email_post_to_subs":false,"_jetpack_newsletter_tier_id":0,"_jetpack_memberships_contains_paywalled_content":false,"_jetpack_memberships_contains_paid_content":false,"footnotes":"","jetpack_publicize_message":"","jetpack_publicize_feature_enabled":true,"jetpack_social_post_already_shared":true,"jetpack_social_options":{"image_generator_settings":{"template":"highway","default_image_id":0,"font":"","enabled":false},"version":2}},"categories":[1],"tags":[126,216,125,3150,10687,44251,127,3151,1148],"class_list":["post-179926","post","type-post","status-publish","format-standard","has-post-thumbnail","hentry","category-genel","tag-araya","tag-baskani","tag-bir","tag-diyanet","tag-erbas","tag-gazileriyle","tag-geldi","tag-isleri","tag-temmuz"],"jetpack_publicize_connections":[],"jetpack_featured_media_url":"https:\/\/i0.wp.com\/www.tvturk.com\/wp-content\/uploads\/2019\/07\/diyanet-isleri-baskani-erbas-15-temmuz-gazileriyle-bir-araya-geldi_81a36bc.jpg?fit=1000%2C666","jetpack_sharing_enabled":true,"jetpack_shortlink":"https:\/\/wp.me\/paKIfm-KO2","_links":{"self":[{"href":"http:\/\/www.tvturk.com\/index.php\/wp-json\/wp\/v2\/posts\/179926","targetHints":{"allow":["GET"]}}],"collection":[{"href":"http:\/\/www.tvturk.com\/index.php\/wp-json\/wp\/v2\/posts"}],"about":[{"href":"http:\/\/www.tvturk.com\/index.php\/wp-json\/wp\/v2\/types\/post"}],"author":[{"embeddable":true,"href":"http:\/\/www.tvturk.com\/index.php\/wp-json\/wp\/v2\/users\/1"}],"replies":[{"embeddable":true,"href":"http:\/\/www.tvturk.com\/index.php\/wp-json\/wp\/v2\/comments?post=179926"}],"version-history":[{"count":0,"href":"http:\/\/www.tvturk.com\/index.php\/wp-json\/wp\/v2\/posts\/179926\/revisions"}],"wp:featuredmedia":[{"embeddable":true,"href":"http:\/\/www.tvturk.com\/index.php\/wp-json\/wp\/v2\/media\/179927"}],"wp:attachment":[{"href":"http:\/\/www.tvturk.com\/index.php\/wp-json\/wp\/v2\/media?parent=179926"}],"wp:term":[{"taxonomy":"category","embeddable":true,"href":"http:\/\/www.tvturk.com\/index.php\/wp-json\/wp\/v2\/categories?post=179926"},{"taxonomy":"post_tag","embeddable":true,"href":"http:\/\/www.tvturk.com\/index.php\/wp-json\/wp\/v2\/tags?post=179926"}],"curies":[{"name":"wp","href":"https:\/\/api.w.org\/{rel}","templated":true}]}}