{"id":179934,"date":"2019-07-09T15:47:13","date_gmt":"2019-07-09T12:47:13","guid":{"rendered":"http:\/\/www.tvturk.com\/index.php\/fenerbahce-hazirliklarini-surdurdu-2\/"},"modified":"2019-07-09T15:47:13","modified_gmt":"2019-07-09T12:47:13","slug":"fenerbahce-hazirliklarini-surdurdu-2","status":"publish","type":"post","link":"http:\/\/www.tvturk.com\/index.php\/fenerbahce-hazirliklarini-surdurdu-2\/","title":{"rendered":"Fenerbah\u00e7e haz\u0131rl\u0131klar\u0131n\u0131 s\u00fcrd\u00fcrd\u00fc"},"content":{"rendered":"<p>Fenerbah\u00e7e, yeni sezon haz\u0131rl\u0131klar\u0131n\u0131 bug\u00fcn sabah saatlerinde yapt\u0131\u011f\u0131 antrenmanla s\u00fcrd\u00fcrd\u00fc.<\/p>\n<p>D\u00fczce Topuk Yaylas\u0131 Teknik Direkt\u00f6r Ersun Yanal y\u00f6netimindeki antrenman saat 10.30\u2019da ba\u015flad\u0131. Ko\u015fu, \u0131s\u0131nma ve koordinasyon hareketleriyle ba\u015flayan antrenmanda 2 gruba ayr\u0131lan futbolcular, pas \u00e7al\u0131\u015fmas\u0131 yapt\u0131. \u0130dman, yar\u0131 sahada oynanan \u00e7ift kale ma\u00e7larla sona erdi.<\/p>\n<p>Yeni transfer Vedat Muri\u00e7, antrenman\u0131n ilk b\u00f6l\u00fcm\u00fcnde tak\u0131mla birlikte \u00e7al\u0131\u015f\u0131rken, ikinci b\u00f6l\u00fcmdeyse bireysel \u00e7al\u0131\u015fmalarla antrenman\u0131 noktalad\u0131. Bir di\u011fer transfer Altay Bay\u0131nd\u0131r ise ilk antrenman\u0131nda tak\u0131mdan ayr\u0131 ko\u015fu ve kuvvet programlar\u0131 uygulad\u0131.<\/p>\n","protected":false},"excerpt":{"rendered":"<p>FENERBAH\u00c7E, YEN\u0130 SEZON HAZIRLIKLARINI BUG\u00dcN SABAH SAATLER\u0130NDE YAPTI\u011eI ANTRENMANLA S\u00dcRD\u00dcRD\u00dc.<\/p>\n","protected":false},"author":1,"featured_media":179935,"comment_status":"closed","ping_status":"open","sticky":false,"template":"","format":"standard","meta":{"jetpack_post_was_ever_published":false,"_jetpack_newsletter_access":"","_jetpack_dont_email_post_to_subs":false,"_jetpack_newsletter_tier_id":0,"_jetpack_memberships_contains_paywalled_content":false,"_jetpack_memberships_contains_paid_content":false,"footnotes":"","jetpack_publicize_message":"","jetpack_publicize_feature_enabled":true,"jetpack_social_post_already_shared":true,"jetpack_social_options":{"image_generator_settings":{"template":"highway","default_image_id":0,"font":"","enabled":false},"version":2}},"categories":[657],"tags":[2626,2628,2629],"class_list":["post-179934","post","type-post","status-publish","format-standard","has-post-thumbnail","hentry","category-spor","tag-fenerbahce","tag-hazirliklarini","tag-surdurdu"],"jetpack_publicize_connections":[],"jetpack_featured_media_url":"https:\/\/i0.wp.com\/www.tvturk.com\/wp-content\/uploads\/2019\/07\/fenerbahce-hazirliklarini-surdurdu_624df55.jpg?fit=1000%2C799","jetpack_sharing_enabled":true,"jetpack_shortlink":"https:\/\/wp.me\/paKIfm-KOa","_links":{"self":[{"href":"http:\/\/www.tvturk.com\/index.php\/wp-json\/wp\/v2\/posts\/179934","targetHints":{"allow":["GET"]}}],"collection":[{"href":"http:\/\/www.tvturk.com\/index.php\/wp-json\/wp\/v2\/posts"}],"about":[{"href":"http:\/\/www.tvturk.com\/index.php\/wp-json\/wp\/v2\/types\/post"}],"author":[{"embeddable":true,"href":"http:\/\/www.tvturk.com\/index.php\/wp-json\/wp\/v2\/users\/1"}],"replies":[{"embeddable":true,"href":"http:\/\/www.tvturk.com\/index.php\/wp-json\/wp\/v2\/comments?post=179934"}],"version-history":[{"count":0,"href":"http:\/\/www.tvturk.com\/index.php\/wp-json\/wp\/v2\/posts\/179934\/revisions"}],"wp:featuredmedia":[{"embeddable":true,"href":"http:\/\/www.tvturk.com\/index.php\/wp-json\/wp\/v2\/media\/179935"}],"wp:attachment":[{"href":"http:\/\/www.tvturk.com\/index.php\/wp-json\/wp\/v2\/media?parent=179934"}],"wp:term":[{"taxonomy":"category","embeddable":true,"href":"http:\/\/www.tvturk.com\/index.php\/wp-json\/wp\/v2\/categories?post=179934"},{"taxonomy":"post_tag","embeddable":true,"href":"http:\/\/www.tvturk.com\/index.php\/wp-json\/wp\/v2\/tags?post=179934"}],"curies":[{"name":"wp","href":"https:\/\/api.w.org\/{rel}","templated":true}]}}