{"id":179938,"date":"2019-07-09T16:01:25","date_gmt":"2019-07-09T13:01:25","guid":{"rendered":"http:\/\/www.tvturk.com\/index.php\/kosovada-otoyolda-fotograf-cekenlere-ceza-yagdi\/"},"modified":"2019-07-09T16:01:25","modified_gmt":"2019-07-09T13:01:25","slug":"kosovada-otoyolda-fotograf-cekenlere-ceza-yagdi","status":"publish","type":"post","link":"http:\/\/www.tvturk.com\/index.php\/kosovada-otoyolda-fotograf-cekenlere-ceza-yagdi\/","title":{"rendered":"Kosova\u2019da otoyolda foto\u011fraf \u00e7ekenlere ceza ya\u011fd\u0131"},"content":{"rendered":"<p>Kosova\u2019da do\u011fal g\u00fczellikleri nedeniyle bir\u00e7ok s\u00fcr\u00fcc\u00fcn\u00fcn arac\u0131n\u0131 durdurarak foto\u011fraf \u00e7ekti\u011fi Pri\u015ftine-\u00dcsk\u00fcp otoyolunda kazalar\u0131 \u00f6nlemek i\u00e7in harekete ge\u00e7en Kosova polisi, arac\u0131n\u0131 durduranlara ceza ya\u011fd\u0131rd\u0131.<\/p>\n<p>Kosova\u2019daki \u201cArber Xhaferi\u201d ismini ta\u015f\u0131yan otoyolun manzaras\u0131 nedeniyle bir\u00e7ok s\u00fcr\u00fcc\u00fc arac\u0131n\u0131 durdurarak foto\u011fraf \u00e7ektiriyor. Otoyolun Ka\u00e7anik Vadisi b\u00f6l\u00fcm\u00fcnde Lepents nehri \u00fczerinde in\u015fa edilen ve otoyolun bir par\u00e7as\u0131 olan 5 kilometrelik k\u00f6pr\u00fcde arac\u0131n\u0131 g\u00fcvenlik \u015feridinde durduran s\u00fcr\u00fcc\u00fcler, di\u011fer s\u00fcr\u00fcc\u00fclerin hayat\u0131n\u0131 tehlikeye at\u0131yor. Kosova polisine ba\u011fl\u0131 Otoyollar\u0131 Kontrol Birimi, Pri\u015ftine &#8211; \u00dcsk\u00fcp otoyolunda kazalar\u0131 \u00f6nlemek i\u00e7in harekete ge\u00e7ti.<\/p>\n<p>Otoyolun g\u00fcvenli\u011fini artt\u0131rmak i\u00e7in yap\u0131lan \u00e7al\u0131\u015fmalarda polis son \u00fc\u00e7 haftada toplam 33 ki\u015fiye para cezas\u0131 kesti. Otoyollar\u0131 Kontrol Birimi, arac\u0131n\u0131 otoyolda durduran 28 s\u00fcr\u00fcc\u00fcye ve otoyol tabelalar\u0131n\u0131n etraf\u0131nda ve otoyolda gezen 5 yayaya cezas\u0131na verdi.<\/p>\n<p>Kosova polisi, vatanda\u015flara karayolu trafik kurallar\u0131n\u0131 ihlal etmeme, kendilerinin ve di\u011fer ki\u015filerin hayat\u0131n\u0131 riske atmama ve trafik kurallar\u0131na sayg\u0131 duyulmas\u0131 \u00e7a\u011fr\u0131s\u0131nda bulundu.<\/p>\n","protected":false},"excerpt":{"rendered":"<p>KOSOVA\u2019DA DO\u011eAL G\u00dcZELL\u0130KLER\u0130 NEDEN\u0130YLE B\u0130R\u00c7OK S\u00dcR\u00dcC\u00dcN\u00dcN ARACINI DURDURARAK FOTO\u011eRAF \u00c7EKT\u0130\u011e\u0130 PR\u0130\u015eT\u0130NE-\u00dcSK\u00dcP OTOYOLUNDA KAZALARI \u00d6NLEMEK \u0130\u00c7\u0130N HAREKETE GE\u00c7EN KOSOVA POL\u0130S\u0130, ARACINI DURDURANLARA CEZA YA\u011eDIRDI.<\/p>\n","protected":false},"author":1,"featured_media":179939,"comment_status":"closed","ping_status":"open","sticky":false,"template":"","format":"standard","meta":{"jetpack_post_was_ever_published":false,"_jetpack_newsletter_access":"","_jetpack_dont_email_post_to_subs":false,"_jetpack_newsletter_tier_id":0,"_jetpack_memberships_contains_paywalled_content":false,"_jetpack_memberships_contains_paid_content":false,"footnotes":"","jetpack_publicize_message":"","jetpack_publicize_feature_enabled":true,"jetpack_social_post_already_shared":true,"jetpack_social_options":{"image_generator_settings":{"template":"highway","default_image_id":0,"font":"","enabled":false},"version":2}},"categories":[10],"tags":[44256,236,5874,5348,26598,6375],"class_list":["post-179938","post","type-post","status-publish","format-standard","has-post-thumbnail","hentry","category-dunya","tag-cekenlere","tag-ceza","tag-fotograf","tag-kosovada","tag-otoyolda","tag-yagdi"],"jetpack_publicize_connections":[],"jetpack_featured_media_url":"https:\/\/i0.wp.com\/www.tvturk.com\/wp-content\/uploads\/2019\/07\/kosovada-otoyolda-fotograf-cekenlere-ceza-yagdi_091c5a8.jpg?fit=1000%2C666","jetpack_sharing_enabled":true,"jetpack_shortlink":"https:\/\/wp.me\/paKIfm-KOe","_links":{"self":[{"href":"http:\/\/www.tvturk.com\/index.php\/wp-json\/wp\/v2\/posts\/179938","targetHints":{"allow":["GET"]}}],"collection":[{"href":"http:\/\/www.tvturk.com\/index.php\/wp-json\/wp\/v2\/posts"}],"about":[{"href":"http:\/\/www.tvturk.com\/index.php\/wp-json\/wp\/v2\/types\/post"}],"author":[{"embeddable":true,"href":"http:\/\/www.tvturk.com\/index.php\/wp-json\/wp\/v2\/users\/1"}],"replies":[{"embeddable":true,"href":"http:\/\/www.tvturk.com\/index.php\/wp-json\/wp\/v2\/comments?post=179938"}],"version-history":[{"count":0,"href":"http:\/\/www.tvturk.com\/index.php\/wp-json\/wp\/v2\/posts\/179938\/revisions"}],"wp:featuredmedia":[{"embeddable":true,"href":"http:\/\/www.tvturk.com\/index.php\/wp-json\/wp\/v2\/media\/179939"}],"wp:attachment":[{"href":"http:\/\/www.tvturk.com\/index.php\/wp-json\/wp\/v2\/media?parent=179938"}],"wp:term":[{"taxonomy":"category","embeddable":true,"href":"http:\/\/www.tvturk.com\/index.php\/wp-json\/wp\/v2\/categories?post=179938"},{"taxonomy":"post_tag","embeddable":true,"href":"http:\/\/www.tvturk.com\/index.php\/wp-json\/wp\/v2\/tags?post=179938"}],"curies":[{"name":"wp","href":"https:\/\/api.w.org\/{rel}","templated":true}]}}