{"id":179958,"date":"2019-07-09T16:31:38","date_gmt":"2019-07-09T13:31:38","guid":{"rendered":"http:\/\/www.tvturk.com\/index.php\/atlasglobal-istanbuldan-tiflise-direkt-ucuslarini-baslatiyor\/"},"modified":"2019-07-09T16:31:38","modified_gmt":"2019-07-09T13:31:38","slug":"atlasglobal-istanbuldan-tiflise-direkt-ucuslarini-baslatiyor","status":"publish","type":"post","link":"http:\/\/www.tvturk.com\/index.php\/atlasglobal-istanbuldan-tiflise-direkt-ucuslarini-baslatiyor\/","title":{"rendered":"Atlasglobal, \u0130stanbul\u2019dan Tiflis\u2019e direkt u\u00e7u\u015flar\u0131n\u0131 ba\u015flat\u0131yor"},"content":{"rendered":"<p>Yolcular\u0131na alternatifli u\u00e7u\u015f imkanlar\u0131 sunmaya devam eden Atlasglobal Hava Yollar\u0131, \u0130stanbul\u2019dan G\u00fcrcistan\u2019\u0131n ba\u015fkenti Tiflis\u2019e direkt seferler ba\u015flat\u0131yor. \u0130stanbul-Tiflis aras\u0131 seferlerin 16 Temmuz 2019 tarihinde ba\u015flayacak olup, haftan\u0131n d\u00f6rt g\u00fcn\u00fc kar\u015f\u0131l\u0131kl\u0131 olarak ger\u00e7ekle\u015ftirilece\u011fi ve biletlerin sat\u0131\u015fa a\u00e7\u0131ld\u0131\u011f\u0131 a\u00e7\u0131kland\u0131.<\/p>\n<p>Atlasglobal Hava Yollar\u0131, ba\u015flatt\u0131\u011f\u0131 direkt u\u00e7u\u015fla, \u00f6zellikle Moskova ve Tiflis aras\u0131nda seyahat etmesi gereken i\u015f insanlar\u0131na, tatilcilere ve \u00f6\u011frencilere \u0130stanbul aktarmal\u0131 olarak haftan\u0131n d\u00f6rt g\u00fcn\u00fc seyahat edebilme imkan\u0131 sunuyor.<\/p>\n<p>Rusya &#8211; G\u00fcrcistan aras\u0131nda seyahat etmek isteyen yolculardan gelen yo\u011fun talebe cevap vermek ad\u0131na gerekli sivil havac\u0131l\u0131k izinlerini alarak \u0130stanbul\u2019dan G\u00fcrcistan\u2019\u0131n ba\u015fkenti Tiflis\u2019e direkt seferler ger\u00e7ekle\u015ftirmeye ba\u015flayan hava yolu \u015firketi, u\u00e7u\u015flar\u0131n\u0131 haftan\u0131n d\u00f6rt g\u00fcn\u00fc olarak ger\u00e7ekle\u015ftirecek.<\/p>\n<p>T\u00fcrkiye\u2019nin tek 4 Skytrax y\u0131ld\u0131zl\u0131 hava yolu \u015firketi olan Atlasglobal Hava Yollar\u0131\u2019n\u0131n  Ticaretten Sorumlu Genel M\u00fcd\u00fcr Yard\u0131mc\u0131s\u0131 Nevzat Ar\u015fan, ba\u015flatt\u0131klar\u0131 yeni seferlerle ilgili bir a\u00e7\u0131klama ger\u00e7ekle\u015ftirdi. Moskova ve Tiflis aras\u0131nda seyahat etmesi gereken \u00e7ok say\u0131da yolcu oldu\u011funu belirten Ar\u015fan, h\u0131zl\u0131 bir aksiyon alarak ba\u015flatt\u0131klar\u0131 seferlerle, \u0130stanbul aktarmal\u0131 olarak Moskova ve Tiflis aras\u0131nda kolayca seyahat edilebilece\u011fini ve yolculardan gelen yo\u011fun talebi kar\u015f\u0131layabildikleri i\u00e7in mutlu olduklar\u0131n\u0131 s\u00f6yledi.<\/p>\n","protected":false},"excerpt":{"rendered":"<p>YOLCULARINA ALTERNAT\u0130FL\u0130 U\u00c7U\u015e \u0130MKANLARI SUNMAYA DEVAM EDEN ATLASGLOBAL HAVA YOLLARI, \u0130STANBUL\u2019DAN G\u00dcRC\u0130STAN\u2019IN BA\u015eKENT\u0130 T\u0130FL\u0130S\u2019E D\u0130REKT SEFERLER BA\u015eLATIYOR. \u0130STANBUL-T\u0130FL\u0130S ARASI SEFERLER\u0130N 16 TEMMUZ 2019 TAR\u0130H\u0130NDE BA\u015eLAYACAK OLUP, HAFTANIN D\u00d6RT G\u00dcN\u00dc KAR\u015eILIKLI OLARAK GER\u00c7EKLE\u015eT\u0130R\u0130LECE\u011e\u0130 VE B\u0130LETLER\u0130N SATI\u015eA A\u00c7ILDI\u011eI A\u00c7IKLANDI.<\/p>\n","protected":false},"author":1,"featured_media":179959,"comment_status":"closed","ping_status":"open","sticky":false,"template":"","format":"standard","meta":{"jetpack_post_was_ever_published":false,"_jetpack_newsletter_access":"","_jetpack_dont_email_post_to_subs":false,"_jetpack_newsletter_tier_id":0,"_jetpack_memberships_contains_paywalled_content":false,"_jetpack_memberships_contains_paid_content":false,"footnotes":"","jetpack_publicize_message":"","jetpack_publicize_feature_enabled":true,"jetpack_social_post_already_shared":true,"jetpack_social_options":{"image_generator_settings":{"template":"highway","default_image_id":0,"font":"","enabled":false},"version":2}},"categories":[19],"tags":[34196,14633,15812,1922,44263,17594],"class_list":["post-179958","post","type-post","status-publish","format-standard","has-post-thumbnail","hentry","category-ekonomi","tag-atlasglobal","tag-baslatiyor","tag-direkt","tag-istanbuldan","tag-tiflise","tag-ucuslarini"],"jetpack_publicize_connections":[],"jetpack_featured_media_url":"https:\/\/i0.wp.com\/www.tvturk.com\/wp-content\/uploads\/2019\/07\/atlasglobal-istanbuldan-tiflise-direkt-ucuslarini-baslatiyor_f4db68f.jpg?fit=664%2C354","jetpack_sharing_enabled":true,"jetpack_shortlink":"https:\/\/wp.me\/paKIfm-KOy","_links":{"self":[{"href":"http:\/\/www.tvturk.com\/index.php\/wp-json\/wp\/v2\/posts\/179958","targetHints":{"allow":["GET"]}}],"collection":[{"href":"http:\/\/www.tvturk.com\/index.php\/wp-json\/wp\/v2\/posts"}],"about":[{"href":"http:\/\/www.tvturk.com\/index.php\/wp-json\/wp\/v2\/types\/post"}],"author":[{"embeddable":true,"href":"http:\/\/www.tvturk.com\/index.php\/wp-json\/wp\/v2\/users\/1"}],"replies":[{"embeddable":true,"href":"http:\/\/www.tvturk.com\/index.php\/wp-json\/wp\/v2\/comments?post=179958"}],"version-history":[{"count":0,"href":"http:\/\/www.tvturk.com\/index.php\/wp-json\/wp\/v2\/posts\/179958\/revisions"}],"wp:featuredmedia":[{"embeddable":true,"href":"http:\/\/www.tvturk.com\/index.php\/wp-json\/wp\/v2\/media\/179959"}],"wp:attachment":[{"href":"http:\/\/www.tvturk.com\/index.php\/wp-json\/wp\/v2\/media?parent=179958"}],"wp:term":[{"taxonomy":"category","embeddable":true,"href":"http:\/\/www.tvturk.com\/index.php\/wp-json\/wp\/v2\/categories?post=179958"},{"taxonomy":"post_tag","embeddable":true,"href":"http:\/\/www.tvturk.com\/index.php\/wp-json\/wp\/v2\/tags?post=179958"}],"curies":[{"name":"wp","href":"https:\/\/api.w.org\/{rel}","templated":true}]}}