{"id":179960,"date":"2019-07-09T16:31:50","date_gmt":"2019-07-09T13:31:50","guid":{"rendered":"http:\/\/www.tvturk.com\/index.php\/karacabeyde-tay-satislari-protestolar-sebebiyle-ertelendi\/"},"modified":"2019-07-09T16:31:50","modified_gmt":"2019-07-09T13:31:50","slug":"karacabeyde-tay-satislari-protestolar-sebebiyle-ertelendi","status":"publish","type":"post","link":"http:\/\/www.tvturk.com\/index.php\/karacabeyde-tay-satislari-protestolar-sebebiyle-ertelendi\/","title":{"rendered":"Karacabey\u2019de tay sat\u0131\u015flar\u0131 protestolar sebebiyle ertelendi"},"content":{"rendered":"<p>Tar\u0131m \u0130\u015fletmeleri Genel M\u00fcd\u00fcrl\u00fc\u011f\u00fc\u2019ne (T\u0130GEM) ba\u011fl\u0131 Karacabey Tar\u0131m \u0130\u015fletmesi M\u00fcd\u00fcrl\u00fc\u011f\u00fc\u2019nde yeti\u015ftirilen 41 Arap tay\u0131n\u0131n sat\u0131\u015f\u0131, yap\u0131lan protestolar sebebiyle ileri bir tarihe ertelendi.<\/p>\n<p>Karacabey Tar\u0131m \u0130\u015fletmesi M\u00fcd\u00fcrl\u00fc\u011f\u00fc\u2019nde yap\u0131lan m\u00fczayedede ilk tay sat\u0131\u015fa \u00e7\u0131kt\u0131ktan hemen sonra Kaizbert isimli ayg\u0131r\u0131 protesto eden yeti\u015ftiriciler ellerindeki tabelalar\u0131 yere b\u0131rakt\u0131. Sat\u0131\u015flara k\u0131sa bir s\u00fcre ara verildi. Ya\u015fanan bu geli\u015fmenin ard\u0131ndan bir s\u00fcre sonra yeniden ba\u015flayan sat\u0131\u015flarda ise bu sefer sat\u0131\u015f i\u00e7in pey s\u00fcren yeti\u015ftiriciler art\u0131rmaya kat\u0131lmayarak protestolar\u0131n\u0131 s\u00fcrd\u00fcrmeye devam etti. Verilen aran\u0131n ard\u0131ndan yeniden ba\u015flayan ve 2 taya al\u0131c\u0131 \u00e7\u0131kmas\u0131 ile bir s\u00fcre devam eden sat\u0131\u015flar, komisyonun tekrar verdi\u011fi aran\u0131n ard\u0131ndan \u2018uygun rekabet ortam\u0131 olmad\u0131\u011f\u0131\u2018 gerek\u00e7e ileri bir tarihe ertelendi. B\u00f6ylelikle T\u0130GEM\u2019in tarihinde ilk kez bir sat\u0131\u015f yap\u0131lamam\u0131\u015f oldu.<\/p>\n","protected":false},"excerpt":{"rendered":"<p>TARIM \u0130\u015eLETMELER\u0130 GENEL M\u00dcD\u00dcRL\u00dc\u011e\u00dc\u2019NE (T\u0130GEM) BA\u011eLI KARACABEY TARIM \u0130\u015eLETMES\u0130 M\u00dcD\u00dcRL\u00dc\u011e\u00dc YET\u0130\u015eT\u0130RMES\u0130 41 ARAP TAYIN BA\u015eLAYAN SATI\u015eI, YAPILAN PROTESTOLAR NEDEN\u0130YLE \u0130LER K\u0130 B\u0130R TAR\u0130HE ERTELEND\u0130.<\/p>\n","protected":false},"author":1,"featured_media":179961,"comment_status":"closed","ping_status":"open","sticky":false,"template":"","format":"standard","meta":{"jetpack_post_was_ever_published":false,"_jetpack_newsletter_access":"","_jetpack_dont_email_post_to_subs":false,"_jetpack_newsletter_tier_id":0,"_jetpack_memberships_contains_paywalled_content":false,"_jetpack_memberships_contains_paid_content":false,"footnotes":"","jetpack_publicize_message":"","jetpack_publicize_feature_enabled":true,"jetpack_social_post_already_shared":true,"jetpack_social_options":{"image_generator_settings":{"template":"highway","default_image_id":0,"font":"","enabled":false},"version":2}},"categories":[1],"tags":[1351,15438,17627,6301,1924,44264],"class_list":["post-179960","post","type-post","status-publish","format-standard","has-post-thumbnail","hentry","category-genel","tag-ertelendi","tag-karacabeyde","tag-protestolar","tag-satislari","tag-sebebiyle","tag-tay"],"jetpack_publicize_connections":[],"jetpack_featured_media_url":"https:\/\/i0.wp.com\/www.tvturk.com\/wp-content\/uploads\/2019\/07\/karacabeyde-tay-satislari-protestolar-sebebiyle-ertelendi_35b9c6c.jpg?fit=1000%2C664","jetpack_sharing_enabled":true,"jetpack_shortlink":"https:\/\/wp.me\/paKIfm-KOA","_links":{"self":[{"href":"http:\/\/www.tvturk.com\/index.php\/wp-json\/wp\/v2\/posts\/179960","targetHints":{"allow":["GET"]}}],"collection":[{"href":"http:\/\/www.tvturk.com\/index.php\/wp-json\/wp\/v2\/posts"}],"about":[{"href":"http:\/\/www.tvturk.com\/index.php\/wp-json\/wp\/v2\/types\/post"}],"author":[{"embeddable":true,"href":"http:\/\/www.tvturk.com\/index.php\/wp-json\/wp\/v2\/users\/1"}],"replies":[{"embeddable":true,"href":"http:\/\/www.tvturk.com\/index.php\/wp-json\/wp\/v2\/comments?post=179960"}],"version-history":[{"count":0,"href":"http:\/\/www.tvturk.com\/index.php\/wp-json\/wp\/v2\/posts\/179960\/revisions"}],"wp:featuredmedia":[{"embeddable":true,"href":"http:\/\/www.tvturk.com\/index.php\/wp-json\/wp\/v2\/media\/179961"}],"wp:attachment":[{"href":"http:\/\/www.tvturk.com\/index.php\/wp-json\/wp\/v2\/media?parent=179960"}],"wp:term":[{"taxonomy":"category","embeddable":true,"href":"http:\/\/www.tvturk.com\/index.php\/wp-json\/wp\/v2\/categories?post=179960"},{"taxonomy":"post_tag","embeddable":true,"href":"http:\/\/www.tvturk.com\/index.php\/wp-json\/wp\/v2\/tags?post=179960"}],"curies":[{"name":"wp","href":"https:\/\/api.w.org\/{rel}","templated":true}]}}