{"id":179994,"date":"2019-07-09T17:31:44","date_gmt":"2019-07-09T14:31:44","guid":{"rendered":"http:\/\/www.tvturk.com\/index.php\/dogustan-engelli-olan-cocuk-yardim-bekliyor\/"},"modified":"2019-07-09T17:31:44","modified_gmt":"2019-07-09T14:31:44","slug":"dogustan-engelli-olan-cocuk-yardim-bekliyor","status":"publish","type":"post","link":"http:\/\/www.tvturk.com\/index.php\/dogustan-engelli-olan-cocuk-yardim-bekliyor\/","title":{"rendered":"Do\u011fu\u015ftan engelli olan \u00e7ocuk yard\u0131m bekliyor"},"content":{"rendered":"<p>\u015eanl\u0131urfa\u2019da do\u011fu\u015ftan engelli olan \u00e7ocuk, yeterli terapi ve do\u011fal ihtiya\u00e7lar\u0131n\u0131 kendisi temin edebilmesi i\u00e7in hay\u0131rseverlerden uzanacak yard\u0131m elini bekliyor.<\/p>\n<p>Merkez Karak\u00f6pr\u00fc il\u00e7esine ba\u011fl\u0131 Seyrantepe Mahallesi\u2019nde ya\u015fayan 14 ya\u015f\u0131ndaki Mustafa Okur do\u011fu\u015ftan engelli oldu\u011fundan dolay\u0131 do\u011fal ihtiya\u00e7lar\u0131n\u0131 kendinin temin edebilmesi i\u00e7in hay\u0131rseverlerden yard\u0131m bekliyor. Y\u00fczde 58 engelli olan Okur, hayat\u0131 boyunca fizik tedavi g\u00f6rece\u011fi i\u00e7in kendisine destek amac\u0131yla yard\u0131m bekliyor.<\/p>\n<p>\u201c\u00c7ocu\u011fumun b\u00fct\u00fcn insani ihtiya\u00e7lar\u0131n\u0131 kar\u015f\u0131l\u0131yorum\u201d<\/p>\n<p>\u00c7ocu\u011funun do\u011fu\u015ftan engelli oldu\u011funu dile getiren anne Emine Okur, \u201c\u00c7ocu\u011fum b\u00fct\u00fcn ihtiya\u00e7lar\u0131n\u0131 ben yap\u0131yorum. \u00c7ocu\u011fum kendisi bir \u015fey yapam\u0131yor. Mustafa\u2019n\u0131n banyosunu, lavabo, giysi, yeme\u011fini gibi ihtiya\u00e7lar\u0131n\u0131 ben yap\u0131yorum. \u00c7ocu\u011fum \u00f6m\u00fcr boyu fizik tedavi g\u00f6rece\u011fi i\u00e7in bizimde maddi a\u00e7\u0131dan s\u0131k\u0131nt\u0131lar\u0131m\u0131z oldu\u011fu i\u00e7in, hay\u0131rseverlerden destek bekliyoruz. Mustafa 10 y\u0131l boyunca yatalakt\u0131, aya\u011fa kalkam\u0131yordu. \u00c7ocu\u011fum daha sonra yava\u015f yava\u015f y\u00fcr\u00fcmeye, konu\u015fmaya ba\u015flad\u0131. \u00c7ocu\u011fum fiziki yap\u0131s\u0131 olarak sa\u011f taraf\u0131 elveri\u015fli kullanam\u0131yor. Mustafa okula giderken bir \u00f6\u011fretmen yard\u0131mc\u0131 oluyor. Fizik tedaviye servisle gidip geliyoruz. \u00c7ocu\u011fum y\u00fczde 58 engeli raporu var. Maddi durumumuz iyi olmad\u0131\u011f\u0131 i\u00e7in yard\u0131m bekliyoruz\u201d dedi.<\/p>\n<p>Do\u011fu\u015ftan engelli olan Mustafa Okur da, kendi ihtiya\u00e7lar\u0131n\u0131 kar\u015f\u0131layabilmesi i\u00e7in yard\u0131ma ihtiyac\u0131n\u0131n oldu\u011funu ifade etti.<\/p>\n","protected":false},"excerpt":{"rendered":"<p>DO\u011eU\u015eTAN ENGELL\u0130 OLAN 14 YA\u015eINDAK\u0130 MUSTAFA OKUR YARDIM BEKL\u0130YOR<\/p>\n","protected":false},"author":1,"featured_media":179995,"comment_status":"closed","ping_status":"open","sticky":false,"template":"","format":"standard","meta":{"jetpack_post_was_ever_published":false,"_jetpack_newsletter_access":"","_jetpack_dont_email_post_to_subs":false,"_jetpack_newsletter_tier_id":0,"_jetpack_memberships_contains_paywalled_content":false,"_jetpack_memberships_contains_paid_content":false,"footnotes":"","jetpack_publicize_message":"","jetpack_publicize_feature_enabled":true,"jetpack_social_post_already_shared":true,"jetpack_social_options":{"image_generator_settings":{"template":"highway","default_image_id":0,"font":"","enabled":false},"version":2}},"categories":[1],"tags":[4378,1008,24377,1784,572,1736],"class_list":["post-179994","post","type-post","status-publish","format-standard","has-post-thumbnail","hentry","category-genel","tag-bekliyor","tag-cocuk","tag-dogustan","tag-engelli","tag-olan","tag-yardim"],"jetpack_publicize_connections":[],"jetpack_featured_media_url":"https:\/\/i0.wp.com\/www.tvturk.com\/wp-content\/uploads\/2019\/07\/dogustan-engelli-olan-cocuk-yardim-bekliyor_e188f50.jpg?fit=1000%2C562","jetpack_sharing_enabled":true,"jetpack_shortlink":"https:\/\/wp.me\/paKIfm-KP8","_links":{"self":[{"href":"http:\/\/www.tvturk.com\/index.php\/wp-json\/wp\/v2\/posts\/179994","targetHints":{"allow":["GET"]}}],"collection":[{"href":"http:\/\/www.tvturk.com\/index.php\/wp-json\/wp\/v2\/posts"}],"about":[{"href":"http:\/\/www.tvturk.com\/index.php\/wp-json\/wp\/v2\/types\/post"}],"author":[{"embeddable":true,"href":"http:\/\/www.tvturk.com\/index.php\/wp-json\/wp\/v2\/users\/1"}],"replies":[{"embeddable":true,"href":"http:\/\/www.tvturk.com\/index.php\/wp-json\/wp\/v2\/comments?post=179994"}],"version-history":[{"count":0,"href":"http:\/\/www.tvturk.com\/index.php\/wp-json\/wp\/v2\/posts\/179994\/revisions"}],"wp:featuredmedia":[{"embeddable":true,"href":"http:\/\/www.tvturk.com\/index.php\/wp-json\/wp\/v2\/media\/179995"}],"wp:attachment":[{"href":"http:\/\/www.tvturk.com\/index.php\/wp-json\/wp\/v2\/media?parent=179994"}],"wp:term":[{"taxonomy":"category","embeddable":true,"href":"http:\/\/www.tvturk.com\/index.php\/wp-json\/wp\/v2\/categories?post=179994"},{"taxonomy":"post_tag","embeddable":true,"href":"http:\/\/www.tvturk.com\/index.php\/wp-json\/wp\/v2\/tags?post=179994"}],"curies":[{"name":"wp","href":"https:\/\/api.w.org\/{rel}","templated":true}]}}