{"id":179996,"date":"2019-07-09T17:31:50","date_gmt":"2019-07-09T14:31:50","guid":{"rendered":"http:\/\/www.tvturk.com\/index.php\/manda-evi-aciliyor\/"},"modified":"2019-07-09T17:31:50","modified_gmt":"2019-07-09T14:31:50","slug":"manda-evi-aciliyor","status":"publish","type":"post","link":"http:\/\/www.tvturk.com\/index.php\/manda-evi-aciliyor\/","title":{"rendered":"\u2019Manda Evi\u2019 a\u00e7\u0131l\u0131yor"},"content":{"rendered":"<p>BEBKA, Mill\u00ee Parklar ve Mustafakemalpa\u015fa Belediyesi payda\u015fl\u0131\u011f\u0131 ile y\u00fcr\u00fct\u00fclen Bursa K\u0131rsal\u0131nda Eko-Agro Turizm projesi \u2019Karao\u011flan Manda Evi\u2019 a\u00e7\u0131l\u0131\u015f i\u00e7in g\u00fcn say\u0131yor.<\/p>\n<p>Do\u011fa Koruma ve Mill\u00ee Parklar 2. B\u00f6lge M\u00fcd\u00fcrl\u00fc\u011f\u00fc\u2019n\u00fcn, BEBKA ve Mustafakemalpa\u015fa Belediyesi i\u015f birli\u011fiyle ile ba\u015flatt\u0131\u011f\u0131 k\u0131rsal projenin pilot k\u00f6y\u00fc Karao\u011flan Manda Evi, 12 Temmuz Cuma g\u00fcn\u00fc saat 14:30\u2019da a\u00e7\u0131l\u0131yor. B\u00f6lgenin en b\u00fcy\u00fck manda pop\u00fclasyonuna sahip mahallesi Karao\u011flan\u2019da hayata ge\u00e7irilen proje  ile manda yeti\u015ftiricili\u011fi, turizm ve pansiyonculuk e\u011fitimi alan ya\u015flar\u0131 20-60 aras\u0131nda de\u011fi\u015fen ve \u00e7o\u011funlu\u011fu kad\u0131nlardan olu\u015fan 60 ki\u015fi sertifika alacak. Manda ile ili\u015fkili \u00fcr\u00fcnlerin sat\u0131\u015f\u0131n\u0131n ger\u00e7ekle\u015ftirilece\u011fi lezzet noktas\u0131nda y\u00f6resel \u00fcr\u00fcnlerin tan\u0131t\u0131m\u0131 yap\u0131lacak.<\/p>\n<p>K\u0131rsalda s\u00fcrd\u00fcr\u00fclebilir kalk\u0131nmaya vurgu yapan Mustafakemalpa\u015fa Belediye Ba\u015fkan\u0131 Mehmet Kanar, &#8220;Eko-Agro turizm potansiyelinin de\u011ferlendirilmesi ve ekosistemin sa\u011fl\u0131kl\u0131 i\u015fleyebilmesi i\u00e7in \u00e7ok \u00f6nemli bir de\u011fer olan manda yeti\u015ftiricili\u011finin ger\u00e7ekle\u015ftirildi\u011fi Karao\u011flan mahallesinde Mill\u00ee Parklar 2. B\u00f6lge M\u00fcd\u00fcrl\u00fc\u011f\u00fc, BEBKA ve belediyemiz i\u015f birli\u011fi ile hem k\u00f6yden kente g\u00f6\u00e7\u00fc engelleyece\u011fiz, hem de b\u00f6lgeye ziyaret\u00e7i \u00e7ekerek manda ile ili\u015fkili do\u011fal \u00fcr\u00fcnlerin tan\u0131t\u0131m\u0131 ve sat\u0131\u015f\u0131n\u0131 ger\u00e7ekle\u015ftirerek b\u00f6lge halk\u0131na daha \u00e7ok gelir sa\u011flayaca\u011f\u0131z&#8221; dedi.<\/p>\n<p>12 Temmuz Cuma g\u00fcn\u00fc saat 14:30\u2019daki programda mehter konseri, proje tan\u0131t\u0131m\u0131, sertifika t\u00f6reni, manda evinin a\u00e7\u0131l\u0131\u015f\u0131 ve mahalli lezzetlerin tan\u0131t\u0131m\u0131 yap\u0131lacak.<\/p>\n","protected":false},"excerpt":{"rendered":"<p>BEBKA, M\u0130LL\u00ce PARKLAR VE MUSTAFAKEMALPA\u015eA BELED\u0130YES\u0130 PAYDA\u015eLI\u011eI \u0130LE Y\u00dcR\u00dcT\u00dcLEN BURSA KIRSALINDA EKO-AGRO TUR\u0130ZM PROJES\u0130 &#8216;KARAO\u011eLAN MANDA EV\u0130&#8217; A\u00c7ILI\u015e \u0130\u00c7\u0130N G\u00dcN SAYIYOR.<\/p>\n","protected":false},"author":1,"featured_media":179997,"comment_status":"closed","ping_status":"open","sticky":false,"template":"","format":"standard","meta":{"jetpack_post_was_ever_published":false,"_jetpack_newsletter_access":"","_jetpack_dont_email_post_to_subs":false,"_jetpack_newsletter_tier_id":0,"_jetpack_memberships_contains_paywalled_content":false,"_jetpack_memberships_contains_paid_content":false,"footnotes":"","jetpack_publicize_message":"","jetpack_publicize_feature_enabled":true,"jetpack_social_post_already_shared":true,"jetpack_social_options":{"image_generator_settings":{"template":"highway","default_image_id":0,"font":"","enabled":false},"version":2}},"categories":[1],"tags":[3105,2019,18566],"class_list":["post-179996","post","type-post","status-publish","format-standard","has-post-thumbnail","hentry","category-genel","tag-aciliyor","tag-evi","tag-manda"],"jetpack_publicize_connections":[],"jetpack_featured_media_url":"https:\/\/i0.wp.com\/www.tvturk.com\/wp-content\/uploads\/2019\/07\/manda-evi-aciliyor_61b839a.jpg?fit=1000%2C562","jetpack_sharing_enabled":true,"jetpack_shortlink":"https:\/\/wp.me\/paKIfm-KPa","_links":{"self":[{"href":"http:\/\/www.tvturk.com\/index.php\/wp-json\/wp\/v2\/posts\/179996","targetHints":{"allow":["GET"]}}],"collection":[{"href":"http:\/\/www.tvturk.com\/index.php\/wp-json\/wp\/v2\/posts"}],"about":[{"href":"http:\/\/www.tvturk.com\/index.php\/wp-json\/wp\/v2\/types\/post"}],"author":[{"embeddable":true,"href":"http:\/\/www.tvturk.com\/index.php\/wp-json\/wp\/v2\/users\/1"}],"replies":[{"embeddable":true,"href":"http:\/\/www.tvturk.com\/index.php\/wp-json\/wp\/v2\/comments?post=179996"}],"version-history":[{"count":0,"href":"http:\/\/www.tvturk.com\/index.php\/wp-json\/wp\/v2\/posts\/179996\/revisions"}],"wp:featuredmedia":[{"embeddable":true,"href":"http:\/\/www.tvturk.com\/index.php\/wp-json\/wp\/v2\/media\/179997"}],"wp:attachment":[{"href":"http:\/\/www.tvturk.com\/index.php\/wp-json\/wp\/v2\/media?parent=179996"}],"wp:term":[{"taxonomy":"category","embeddable":true,"href":"http:\/\/www.tvturk.com\/index.php\/wp-json\/wp\/v2\/categories?post=179996"},{"taxonomy":"post_tag","embeddable":true,"href":"http:\/\/www.tvturk.com\/index.php\/wp-json\/wp\/v2\/tags?post=179996"}],"curies":[{"name":"wp","href":"https:\/\/api.w.org\/{rel}","templated":true}]}}