{"id":180006,"date":"2019-07-09T17:46:36","date_gmt":"2019-07-09T14:46:36","guid":{"rendered":"http:\/\/www.tvturk.com\/index.php\/sokakta-kalan-yasli-adama-belediye-sahip-cikti\/"},"modified":"2019-07-09T17:46:36","modified_gmt":"2019-07-09T14:46:36","slug":"sokakta-kalan-yasli-adama-belediye-sahip-cikti","status":"publish","type":"post","link":"http:\/\/www.tvturk.com\/index.php\/sokakta-kalan-yasli-adama-belediye-sahip-cikti\/","title":{"rendered":"Sokakta kalan ya\u015fl\u0131 adama belediye sahip \u00e7\u0131kt\u0131"},"content":{"rendered":"<p>Osmaniye\u2019nin Kadirli il\u00e7esinde dolmu\u015f dura\u011f\u0131nda yat\u0131p kalkan ya\u015fl\u0131 adama Kadirli Belediyesi zab\u0131ta ekipleri yard\u0131m elini uzatt\u0131.<\/p>\n<p>Ya\u015fad\u0131\u011f\u0131 evden ayr\u0131larak Kadirli il\u00e7esine gelen 65 ya\u015f\u0131nda ki Hilmi Karacao\u011flu, kalacak yeri olmay\u0131nca sokakta ya\u015famaya ba\u015flad\u0131. Kimi g\u00fcn cami avlusunda kimi g\u00fcn parklarda kalan ya\u015fl\u0131 adam g\u00fcnd\u00fczleri de dolmu\u015f duraklar\u0131nda zaman ge\u00e7irdi. Ya\u015fl\u0131 adam\u0131n dolmu\u015f dura\u011f\u0131nda uzun s\u00fcre kald\u0131\u011f\u0131n\u0131 fark eden vatanda\u015flar, durumu Kadirli Belediyesine bildirdi. Kadirli Belediyesi Zab\u0131ta Amirli\u011fine ba\u011fl\u0131 ekipler Atat\u00fcrk caddesi \u00fczerinde dolmu\u015f dura\u011f\u0131nda Hilmi Karacao\u011flu\u2019nu bularak ekip arac\u0131yla belediye hizmet binas\u0131na g\u00f6t\u00fcrd\u00fc. Hi\u00e7bir yak\u0131n\u0131n\u0131n kendisine bakmad\u0131\u011f\u0131n\u0131 belirten 65 ya\u015f\u0131ndaki Hilmi Karacao\u011flu, \u201cEvden ayr\u0131ld\u0131m. Kimi g\u00fcn a\u00e7 kimi g\u00fcn tok yat\u0131p kalk\u0131yorum. Park cami avlusunda kal\u0131yorum. Ne yapaca\u011f\u0131m\u0131 da bilmiyorum\u201d \u015feklinde konu\u015ftu. Ya\u015fl\u0131 adam\u0131n bak\u0131m\u0131n\u0131 yapt\u0131ktan sonra Sosyal Hizmetler M\u00fcd\u00fcrl\u00fc\u011f\u00fcne teslim edeceklerini belirten Kadirli Belediye Ba\u015fkan\u0131 Dr. \u00d6mer Tarhan, \u201cVatanda\u015flar\u0131m\u0131z b\u00f6yle bir ya\u015fl\u0131 adam\u0131n sokakta kald\u0131\u011f\u0131n\u0131 bize ilettiler. Zab\u0131ta ekiplerimize talimat verdim. 65 ya\u015f\u0131nda oldu\u011funu ve isminin Hilmi Karacao\u011flu oldu\u011funu \u00f6\u011frendi\u011fimiz bu ya\u015fl\u0131n\u0131n gerekli bak\u0131m ve sa\u011fl\u0131k kontrol\u00fcn\u00fc yapt\u0131rd\u0131ktan sonra Sosyal Hizmetler M\u00fcd\u00fcrl\u00fc\u011f\u00fcne g\u00f6t\u00fcrece\u011fiz\u201d dedi.<\/p>\n","protected":false},"excerpt":{"rendered":"<p>SOKAKTA KALAN YA\u015eLI ADAMA BELED\u0130YE SAH\u0130P \u00c7IKTI<\/p>\n","protected":false},"author":1,"featured_media":180007,"comment_status":"closed","ping_status":"open","sticky":false,"template":"","format":"standard","meta":{"jetpack_post_was_ever_published":false,"_jetpack_newsletter_access":"","_jetpack_dont_email_post_to_subs":false,"_jetpack_newsletter_tier_id":0,"_jetpack_memberships_contains_paywalled_content":false,"_jetpack_memberships_contains_paid_content":false,"footnotes":"","jetpack_publicize_message":"","jetpack_publicize_feature_enabled":true,"jetpack_social_post_already_shared":true,"jetpack_social_options":{"image_generator_settings":{"template":"highway","default_image_id":0,"font":"","enabled":false},"version":2}},"categories":[1],"tags":[1052,134,1202,1274,3380,3031,1051],"class_list":["post-180006","post","type-post","status-publish","format-standard","has-post-thumbnail","hentry","category-genel","tag-adama","tag-belediye","tag-cikti","tag-kalan","tag-sahip","tag-sokakta","tag-yasli"],"jetpack_publicize_connections":[],"jetpack_featured_media_url":"https:\/\/i0.wp.com\/www.tvturk.com\/wp-content\/uploads\/2019\/07\/sokakta-kalan-yasli-adama-belediye-sahip-cikti_49cc726.jpg?fit=1000%2C562","jetpack_sharing_enabled":true,"jetpack_shortlink":"https:\/\/wp.me\/paKIfm-KPk","_links":{"self":[{"href":"http:\/\/www.tvturk.com\/index.php\/wp-json\/wp\/v2\/posts\/180006","targetHints":{"allow":["GET"]}}],"collection":[{"href":"http:\/\/www.tvturk.com\/index.php\/wp-json\/wp\/v2\/posts"}],"about":[{"href":"http:\/\/www.tvturk.com\/index.php\/wp-json\/wp\/v2\/types\/post"}],"author":[{"embeddable":true,"href":"http:\/\/www.tvturk.com\/index.php\/wp-json\/wp\/v2\/users\/1"}],"replies":[{"embeddable":true,"href":"http:\/\/www.tvturk.com\/index.php\/wp-json\/wp\/v2\/comments?post=180006"}],"version-history":[{"count":0,"href":"http:\/\/www.tvturk.com\/index.php\/wp-json\/wp\/v2\/posts\/180006\/revisions"}],"wp:featuredmedia":[{"embeddable":true,"href":"http:\/\/www.tvturk.com\/index.php\/wp-json\/wp\/v2\/media\/180007"}],"wp:attachment":[{"href":"http:\/\/www.tvturk.com\/index.php\/wp-json\/wp\/v2\/media?parent=180006"}],"wp:term":[{"taxonomy":"category","embeddable":true,"href":"http:\/\/www.tvturk.com\/index.php\/wp-json\/wp\/v2\/categories?post=180006"},{"taxonomy":"post_tag","embeddable":true,"href":"http:\/\/www.tvturk.com\/index.php\/wp-json\/wp\/v2\/tags?post=180006"}],"curies":[{"name":"wp","href":"https:\/\/api.w.org\/{rel}","templated":true}]}}