{"id":180028,"date":"2019-07-09T19:47:07","date_gmt":"2019-07-09T16:47:07","guid":{"rendered":"http:\/\/www.tvturk.com\/index.php\/trabzonspor-yeni-sezon-hazirliklarini-surduruyor\/"},"modified":"2019-07-09T19:47:07","modified_gmt":"2019-07-09T16:47:07","slug":"trabzonspor-yeni-sezon-hazirliklarini-surduruyor","status":"publish","type":"post","link":"http:\/\/www.tvturk.com\/index.php\/trabzonspor-yeni-sezon-hazirliklarini-surduruyor\/","title":{"rendered":"Trabzonspor yeni sezon haz\u0131rl\u0131klar\u0131n\u0131 s\u00fcrd\u00fcr\u00fcyor"},"content":{"rendered":"<p>Trabzonspor yeni sezon haz\u0131rl\u0131klar\u0131n\u0131 yapt\u0131\u011f\u0131 \u00e7ift antrenmanla s\u00fcrd\u00fcrd\u00fc.<\/p>\n<p>Mehmet Ali Y\u0131lmaz Tesislerinde, Teknik Direkt\u00f6r \u00dcnal Karaman y\u00f6netiminde sabah yap\u0131lan antrenmanda kuvvet \u00e7al\u0131\u015fmalar\u0131 yapan bordo-mavililer, 18.00\u2019de ba\u015flayan g\u00fcn\u00fcn\u00fcn ikinci antrenman\u0131nda ise pas \u00e7al\u0131\u015fmas\u0131 yapt\u0131. Antrenmanda \u00fclkelerinin milli tak\u0131mlar\u0131nda bulunan Caleb Ekuban ve Obi Mikel\u2019in yan\u0131 s\u0131ra izinli olan Yusuf Yaz\u0131c\u0131, Abd\u00fclkadir \u00d6m\u00fcr, U\u011furcan \u00c7ak\u0131r, H\u00fcseyin T\u00fcrkmen, Filip Novak ve Zargo Toure yer almad\u0131. Tedavisine devam edilen Majid Hosseini ile Ogenyi Onazi ise tak\u0131mdan ayr\u0131 \u00e7al\u0131\u015ft\u0131.<\/p>\n","protected":false},"excerpt":{"rendered":"<p>YEN\u0130 SEZON HAZIRLIKLARI KAPSAMINDA MEHMET AL\u0130 YILMAZ TES\u0130SLER\u0130\u2019NDE KAMP \u00c7ALI\u015eMALARINI S\u00dcRD\u00dcREN TRABZONSPOR, G\u00dcN\u00dc \u00c7\u0130FT ANTRENMANLA TAMAMLADI.<\/p>\n","protected":false},"author":1,"featured_media":180029,"comment_status":"closed","ping_status":"open","sticky":false,"template":"","format":"standard","meta":{"jetpack_post_was_ever_published":false,"_jetpack_newsletter_access":"","_jetpack_dont_email_post_to_subs":false,"_jetpack_newsletter_tier_id":0,"_jetpack_memberships_contains_paywalled_content":false,"_jetpack_memberships_contains_paid_content":false,"footnotes":"","jetpack_publicize_message":"","jetpack_publicize_feature_enabled":true,"jetpack_social_post_already_shared":true,"jetpack_social_options":{"image_generator_settings":{"template":"highway","default_image_id":0,"font":"","enabled":false},"version":2}},"categories":[657],"tags":[2628,4954,1772,916,87],"class_list":["post-180028","post","type-post","status-publish","format-standard","has-post-thumbnail","hentry","category-spor","tag-hazirliklarini","tag-sezon","tag-surduruyor","tag-trabzonspor","tag-yeni"],"jetpack_publicize_connections":[],"jetpack_featured_media_url":"https:\/\/i0.wp.com\/www.tvturk.com\/wp-content\/uploads\/2019\/07\/trabzonspor-yeni-sezon-hazirliklarini-surduruyor_653fea1.jpg?fit=1000%2C664","jetpack_sharing_enabled":true,"jetpack_shortlink":"https:\/\/wp.me\/paKIfm-KPG","_links":{"self":[{"href":"http:\/\/www.tvturk.com\/index.php\/wp-json\/wp\/v2\/posts\/180028","targetHints":{"allow":["GET"]}}],"collection":[{"href":"http:\/\/www.tvturk.com\/index.php\/wp-json\/wp\/v2\/posts"}],"about":[{"href":"http:\/\/www.tvturk.com\/index.php\/wp-json\/wp\/v2\/types\/post"}],"author":[{"embeddable":true,"href":"http:\/\/www.tvturk.com\/index.php\/wp-json\/wp\/v2\/users\/1"}],"replies":[{"embeddable":true,"href":"http:\/\/www.tvturk.com\/index.php\/wp-json\/wp\/v2\/comments?post=180028"}],"version-history":[{"count":0,"href":"http:\/\/www.tvturk.com\/index.php\/wp-json\/wp\/v2\/posts\/180028\/revisions"}],"wp:featuredmedia":[{"embeddable":true,"href":"http:\/\/www.tvturk.com\/index.php\/wp-json\/wp\/v2\/media\/180029"}],"wp:attachment":[{"href":"http:\/\/www.tvturk.com\/index.php\/wp-json\/wp\/v2\/media?parent=180028"}],"wp:term":[{"taxonomy":"category","embeddable":true,"href":"http:\/\/www.tvturk.com\/index.php\/wp-json\/wp\/v2\/categories?post=180028"},{"taxonomy":"post_tag","embeddable":true,"href":"http:\/\/www.tvturk.com\/index.php\/wp-json\/wp\/v2\/tags?post=180028"}],"curies":[{"name":"wp","href":"https:\/\/api.w.org\/{rel}","templated":true}]}}