{"id":180038,"date":"2019-07-09T21:01:21","date_gmt":"2019-07-09T18:01:21","guid":{"rendered":"http:\/\/www.tvturk.com\/index.php\/pakistanda-gazeteciye-suikast\/"},"modified":"2019-07-09T21:01:21","modified_gmt":"2019-07-09T18:01:21","slug":"pakistanda-gazeteciye-suikast","status":"publish","type":"post","link":"http:\/\/www.tvturk.com\/index.php\/pakistanda-gazeteciye-suikast\/","title":{"rendered":"Pakistan\u2019da gazeteciye suikast"},"content":{"rendered":"<p>Pakistan\u2019\u0131n Kara\u00e7i kentinin \u00e7e\u015fitli yerlerinde ayn\u0131 g\u00fcn i\u00e7erisinde 4 ki\u015fi vurularak \u00f6ld\u00fcr\u00fcld\u00fc. \u00d6lenlerin aras\u0131nda bir gazetecinin oldu\u011fu da kaydedildi.<\/p>\n<p>Pakistan\u2019\u0131n Kara\u00e7i kentinin \u00e7e\u015fitli yerlerinde g\u00fcn i\u00e7erisinde 4 farkl\u0131 cinayet ger\u00e7ekle\u015ftirildi. Aralar\u0131nda bir gazetecinin de oldu\u011fu d\u00f6rt ki\u015fi kimli\u011fi belirsiz ki\u015filer taraf\u0131ndan kur\u015funlanarak \u00f6ld\u00fcr\u00fcld\u00fc. \u00d6ld\u00fcr\u00fclen 3 ki\u015finin kimli\u011fi hakk\u0131nda a\u00e7\u0131klama yap\u0131lmazkan, sald\u0131r\u0131ya u\u011frayan gazetecinin ise BOL kanal\u0131nda \u00e7al\u0131\u015fan Mureed Abbas isimli spiker oldu\u011fu kaydedildi.<\/p>\n<p>Jinnah T\u0131p Merkezi  taraf\u0131ndan yap\u0131lan a\u00e7\u0131klamada, gazetecinin bu hastaneye kald\u0131r\u0131ld\u0131\u011f\u0131n\u0131 ancak hastaneye geldi\u011finde zaten ya\u015fam\u0131n\u0131 yitirmi\u015f oldu\u011fu do\u011fruland\u0131. Polis ise, yapt\u0131klar\u0131 ilk olay yeri incelemesinde b\u00f6lgedeki t\u00fcm g\u00fcvenlik kameralar\u0131n\u0131n kald\u0131r\u0131lm\u0131\u015f oldu\u011funu g\u00f6rd\u00fcklerini belirterek, olayla ilgili soru\u015fturman\u0131n devam etti\u011fini aktard\u0131.<\/p>\n","protected":false},"excerpt":{"rendered":"<p>PAK\u0130STAN&#8217;IN KARA\u00c7\u0130 KENT\u0130N\u0130N \u00c7E\u015e\u0130TL\u0130 YERLER\u0130NDE AYNI G\u00dcN \u0130\u00c7ER\u0130S\u0130NDE 4 K\u0130\u015e\u0130 VURULARAK \u00d6LD\u00dcR\u00dcLD\u00dc. \u00d6LENLER\u0130N ARASINDA MUREED ABBAS \u0130S\u0130ML\u0130 SP\u0130KER OLDU\u011eU KAYDED\u0130LD\u0130.<\/p>\n","protected":false},"author":1,"featured_media":180039,"comment_status":"closed","ping_status":"open","sticky":false,"template":"","format":"standard","meta":{"jetpack_post_was_ever_published":false,"_jetpack_newsletter_access":"","_jetpack_dont_email_post_to_subs":false,"_jetpack_newsletter_tier_id":0,"_jetpack_memberships_contains_paywalled_content":false,"_jetpack_memberships_contains_paid_content":false,"footnotes":"","jetpack_publicize_message":"","jetpack_publicize_feature_enabled":true,"jetpack_social_post_already_shared":true,"jetpack_social_options":{"image_generator_settings":{"template":"highway","default_image_id":0,"font":"","enabled":false},"version":2}},"categories":[10],"tags":[17476,5759,2109],"class_list":["post-180038","post","type-post","status-publish","format-standard","has-post-thumbnail","hentry","category-dunya","tag-gazeteciye","tag-pakistanda","tag-suikast"],"jetpack_publicize_connections":[],"jetpack_featured_media_url":"https:\/\/i0.wp.com\/www.tvturk.com\/wp-content\/uploads\/2019\/07\/pakistanda-gazeteciye-suikast_836712c.jpg?fit=426%2C426","jetpack_sharing_enabled":true,"jetpack_shortlink":"https:\/\/wp.me\/paKIfm-KPQ","_links":{"self":[{"href":"http:\/\/www.tvturk.com\/index.php\/wp-json\/wp\/v2\/posts\/180038","targetHints":{"allow":["GET"]}}],"collection":[{"href":"http:\/\/www.tvturk.com\/index.php\/wp-json\/wp\/v2\/posts"}],"about":[{"href":"http:\/\/www.tvturk.com\/index.php\/wp-json\/wp\/v2\/types\/post"}],"author":[{"embeddable":true,"href":"http:\/\/www.tvturk.com\/index.php\/wp-json\/wp\/v2\/users\/1"}],"replies":[{"embeddable":true,"href":"http:\/\/www.tvturk.com\/index.php\/wp-json\/wp\/v2\/comments?post=180038"}],"version-history":[{"count":0,"href":"http:\/\/www.tvturk.com\/index.php\/wp-json\/wp\/v2\/posts\/180038\/revisions"}],"wp:featuredmedia":[{"embeddable":true,"href":"http:\/\/www.tvturk.com\/index.php\/wp-json\/wp\/v2\/media\/180039"}],"wp:attachment":[{"href":"http:\/\/www.tvturk.com\/index.php\/wp-json\/wp\/v2\/media?parent=180038"}],"wp:term":[{"taxonomy":"category","embeddable":true,"href":"http:\/\/www.tvturk.com\/index.php\/wp-json\/wp\/v2\/categories?post=180038"},{"taxonomy":"post_tag","embeddable":true,"href":"http:\/\/www.tvturk.com\/index.php\/wp-json\/wp\/v2\/tags?post=180038"}],"curies":[{"name":"wp","href":"https:\/\/api.w.org\/{rel}","templated":true}]}}