{"id":180120,"date":"2019-07-10T10:16:38","date_gmt":"2019-07-10T07:16:38","guid":{"rendered":"http:\/\/www.tvturk.com\/index.php\/bursa-valiliginden-saganak-uyarisi\/"},"modified":"2019-07-10T10:16:38","modified_gmt":"2019-07-10T07:16:38","slug":"bursa-valiliginden-saganak-uyarisi","status":"publish","type":"post","link":"http:\/\/www.tvturk.com\/index.php\/bursa-valiliginden-saganak-uyarisi\/","title":{"rendered":"Bursa Valili\u011finden sa\u011fanak uyar\u0131s\u0131"},"content":{"rendered":"<p>Bursa Valili\u011fi, Bursa ve \u00e7evre illerde Per\u015fembe ve Cuma g\u00fcn\u00fc g\u00f6k g\u00fcr\u00fclt\u00fcl\u00fc sa\u011fanak ya\u011f\u0131\u015f\u0131n beklendi\u011fini ifade etti.<\/p>\n<p>Bursa Valili\u011fi taraf\u0131ndan yap\u0131lan yaz\u0131l\u0131 a\u00e7\u0131klamada, Bursa, Bilecik, K\u00fctahya ve Eski\u015fehir \u00e7evrelerinde Per\u015fembe ve Cuma g\u00f6k g\u00fcr\u00fclt\u00fcl\u00fc sa\u011fanak ya\u011f\u0131\u015f beklendi\u011fi belirtildi. Vatanda\u015flar\u0131n r\u00fczgar ve ya\u011fmurdan kaynakl\u0131 ya\u015fan\u0131labilecek olumsuz durumlara kar\u015f\u0131 da tedbirli olunmas\u0131 istendi.<\/p>\n<p>Bursa Valili\u011fi taraf\u0131ndan yap\u0131lan a\u00e7\u0131klama, &#8220;Eski\u015fehir B\u00f6lge Tahmin ve Erken Uyar\u0131 Merkezince yap\u0131lan son de\u011ferlendirmelere g\u00f6re; B\u00f6lgemizin 11 Temmuz Per\u015fembe g\u00fcn\u00fcnden itibaren Balkanlar \u00fczerinden gelen serin ve ya\u011f\u0131\u015fl\u0131 havan\u0131n etkisine girece\u011fi, Bursa, Bilecik, K\u00fctahya ve Eski\u015fehir \u00e7evrelerinde g\u00f6r\u00fclmesi beklenen sa\u011fanak ve g\u00f6k g\u00fcr\u00fclt\u00fcl\u00fc sa\u011fanak ya\u011f\u0131\u015flar\u0131n Cuma g\u00fcn\u00fc Eski\u015fehir \u00e7evrelerinde etkili olduktan sonra b\u00f6lgemizi terk etmesi tahmin edilmekte olup, tahmin edilen ya\u011f\u0131\u015flar\u0131n 11 Temmuz Per\u015fembe g\u00fcn\u00fc, Bursa \u00e7evrelerinde kuvvetli ve yer yer \u015fiddetli olmas\u0131 beklendi\u011finden meydana gelmesi muhtemel, ani sel, su bask\u0131nlar\u0131, yerel dolu ya\u011f\u0131\u015f\u0131, y\u0131ld\u0131r\u0131m d\u00fc\u015fmesi, heyelan ve ya\u011f\u0131\u015f an\u0131nda kuvvetli r\u00fczgar risklerine kar\u015f\u0131 dikkatli ve tedbirli olunmas\u0131, b\u00f6lgemiz genelinde mevsim normalleri \u00fczerinde seyreden hava s\u0131cakl\u0131klar\u0131n\u0131n 11 Temmuz Per\u015fembe g\u00fcn\u00fc ba\u015flayarak hafta sonuna kadar hissedilir derecede (5 &#8211; 9 derece) azalaca\u011f\u0131, r\u00fczgar\u0131n Per\u015fembe g\u00fcn\u00fc  Eski\u015fehir ve K\u00fctahya \u00e7evrelerinde g\u00fcney ve bat\u0131 zamanla kuzey ve bat\u0131 y\u00f6nlerden, Bursa ve Bilecik \u00e7evrelerinde ise kuzey ve bat\u0131 y\u00f6nlerden, kuvvetli ve k\u0131sa s\u00fcreli f\u0131rt\u0131na \u015feklinde (40 &#8211; 70 km\/saat) esmesi beklendi\u011finden, kuvvetli r\u00fczgar ve f\u0131rt\u0131nan\u0131n yol a\u00e7abilece\u011fi, a\u011fa\u00e7 ve direklerin devrilmesi, \u00e7at\u0131 u\u00e7mas\u0131 ve ula\u015f\u0131mda aksamalar gibi olumsuzluklara kar\u015f\u0131 dikkatli ve olunmas\u0131 gerekiyor&#8221; ifadeleri kullan\u0131ld\u0131.<\/p>\n","protected":false},"excerpt":{"rendered":"<p>BURSA VE \u00c7EVRES\u0130NDE PER\u015eEMBE, CUMA G\u00dcN\u00dc G\u00d6K G\u00dcR\u00dcLT\u00dcL\u00dc SA\u011eANAK YA\u011eI\u015e BEKLEN\u0130YOR.<\/p>\n","protected":false},"author":1,"featured_media":180121,"comment_status":"closed","ping_status":"open","sticky":false,"template":"","format":"standard","meta":{"jetpack_post_was_ever_published":false,"_jetpack_newsletter_access":"","_jetpack_dont_email_post_to_subs":false,"_jetpack_newsletter_tier_id":0,"_jetpack_memberships_contains_paywalled_content":false,"_jetpack_memberships_contains_paid_content":false,"footnotes":"","jetpack_publicize_message":"","jetpack_publicize_feature_enabled":true,"jetpack_social_post_already_shared":true,"jetpack_social_options":{"image_generator_settings":{"template":"highway","default_image_id":0,"font":"","enabled":false},"version":2}},"categories":[1],"tags":[4479,4463,914,306],"class_list":["post-180120","post","type-post","status-publish","format-standard","has-post-thumbnail","hentry","category-genel","tag-bursa","tag-saganak","tag-uyarisi","tag-valiliginden"],"jetpack_publicize_connections":[],"jetpack_featured_media_url":"https:\/\/i0.wp.com\/www.tvturk.com\/wp-content\/uploads\/2019\/07\/bursa-valiliginden-saganak-uyarisi_d209cbc.jpg?fit=1000%2C648","jetpack_sharing_enabled":true,"jetpack_shortlink":"https:\/\/wp.me\/paKIfm-KRa","_links":{"self":[{"href":"http:\/\/www.tvturk.com\/index.php\/wp-json\/wp\/v2\/posts\/180120","targetHints":{"allow":["GET"]}}],"collection":[{"href":"http:\/\/www.tvturk.com\/index.php\/wp-json\/wp\/v2\/posts"}],"about":[{"href":"http:\/\/www.tvturk.com\/index.php\/wp-json\/wp\/v2\/types\/post"}],"author":[{"embeddable":true,"href":"http:\/\/www.tvturk.com\/index.php\/wp-json\/wp\/v2\/users\/1"}],"replies":[{"embeddable":true,"href":"http:\/\/www.tvturk.com\/index.php\/wp-json\/wp\/v2\/comments?post=180120"}],"version-history":[{"count":0,"href":"http:\/\/www.tvturk.com\/index.php\/wp-json\/wp\/v2\/posts\/180120\/revisions"}],"wp:featuredmedia":[{"embeddable":true,"href":"http:\/\/www.tvturk.com\/index.php\/wp-json\/wp\/v2\/media\/180121"}],"wp:attachment":[{"href":"http:\/\/www.tvturk.com\/index.php\/wp-json\/wp\/v2\/media?parent=180120"}],"wp:term":[{"taxonomy":"category","embeddable":true,"href":"http:\/\/www.tvturk.com\/index.php\/wp-json\/wp\/v2\/categories?post=180120"},{"taxonomy":"post_tag","embeddable":true,"href":"http:\/\/www.tvturk.com\/index.php\/wp-json\/wp\/v2\/tags?post=180120"}],"curies":[{"name":"wp","href":"https:\/\/api.w.org\/{rel}","templated":true}]}}