{"id":180128,"date":"2019-07-10T10:17:07","date_gmt":"2019-07-10T07:17:07","guid":{"rendered":"http:\/\/www.tvturk.com\/index.php\/sivasspor-yeni-sezon-hazirliklarini-surdurdu\/"},"modified":"2019-07-10T10:17:07","modified_gmt":"2019-07-10T07:17:07","slug":"sivasspor-yeni-sezon-hazirliklarini-surdurdu","status":"publish","type":"post","link":"http:\/\/www.tvturk.com\/index.php\/sivasspor-yeni-sezon-hazirliklarini-surdurdu\/","title":{"rendered":"Sivasspor yeni sezon haz\u0131rl\u0131klar\u0131n\u0131 s\u00fcrd\u00fcrd\u00fc"},"content":{"rendered":"<p>Sivasspor, yeni sezon haz\u0131rl\u0131klar\u0131n\u0131 Gerede\u2019de ger\u00e7ekle\u015ftirdi\u011fi kamp \u00e7al\u0131\u015fmalar\u0131yla s\u00fcrd\u00fcrd\u00fc.<\/p>\n<p>Sivasspor, 2019-2020 S\u00fcper Lig Cemil Usta sezonu haz\u0131rl\u0131klar\u0131n\u0131 Gerede\u2019de yapt\u0131\u011f\u0131 \u00e7al\u0131\u015fmalarla s\u00fcrd\u00fcrd\u00fc. Teknik Direkt\u00f6r R\u0131za \u00c7al\u0131mbay y\u00f6netiminde ger\u00e7ekle\u015ftirilen idman, d\u00fcz ko\u015fu ve \u0131s\u0131nma hareketleriyle ba\u015flad\u0131. Antrenman pas istasyon \u00e7al\u0131\u015fmalar\u0131yla devam ederken, son b\u00f6l\u00fcm ise dar alanda \u00e7ift kale ma\u00e7 ile tamamland\u0131.<\/p>\n","protected":false},"excerpt":{"rendered":"<p>S\u00dcPER L\u0130G EK\u0130B\u0130 S\u0130VASSPOR, YEN\u0130 SEZON HAZIRLIKLARINI GEREDE\u2019DE YAPTI\u011eI KAMP \u00c7ALI\u015eMALARIYLA S\u00dcRD\u00dcRD\u00dc.<\/p>\n","protected":false},"author":1,"featured_media":180129,"comment_status":"closed","ping_status":"open","sticky":false,"template":"","format":"standard","meta":{"jetpack_post_was_ever_published":false,"_jetpack_newsletter_access":"","_jetpack_dont_email_post_to_subs":false,"_jetpack_newsletter_tier_id":0,"_jetpack_memberships_contains_paywalled_content":false,"_jetpack_memberships_contains_paid_content":false,"footnotes":"","jetpack_publicize_message":"","jetpack_publicize_feature_enabled":true,"jetpack_social_post_already_shared":true,"jetpack_social_options":{"image_generator_settings":{"template":"highway","default_image_id":0,"font":"","enabled":false},"version":2}},"categories":[657],"tags":[2628,4954,8011,2629,87],"class_list":["post-180128","post","type-post","status-publish","format-standard","has-post-thumbnail","hentry","category-spor","tag-hazirliklarini","tag-sezon","tag-sivasspor","tag-surdurdu","tag-yeni"],"jetpack_publicize_connections":[],"jetpack_featured_media_url":"https:\/\/i0.wp.com\/www.tvturk.com\/wp-content\/uploads\/2019\/07\/sivasspor-yeni-sezon-hazirliklarini-surdurdu_80d4df4.jpg?fit=1000%2C572","jetpack_sharing_enabled":true,"jetpack_shortlink":"https:\/\/wp.me\/paKIfm-KRi","_links":{"self":[{"href":"http:\/\/www.tvturk.com\/index.php\/wp-json\/wp\/v2\/posts\/180128","targetHints":{"allow":["GET"]}}],"collection":[{"href":"http:\/\/www.tvturk.com\/index.php\/wp-json\/wp\/v2\/posts"}],"about":[{"href":"http:\/\/www.tvturk.com\/index.php\/wp-json\/wp\/v2\/types\/post"}],"author":[{"embeddable":true,"href":"http:\/\/www.tvturk.com\/index.php\/wp-json\/wp\/v2\/users\/1"}],"replies":[{"embeddable":true,"href":"http:\/\/www.tvturk.com\/index.php\/wp-json\/wp\/v2\/comments?post=180128"}],"version-history":[{"count":0,"href":"http:\/\/www.tvturk.com\/index.php\/wp-json\/wp\/v2\/posts\/180128\/revisions"}],"wp:featuredmedia":[{"embeddable":true,"href":"http:\/\/www.tvturk.com\/index.php\/wp-json\/wp\/v2\/media\/180129"}],"wp:attachment":[{"href":"http:\/\/www.tvturk.com\/index.php\/wp-json\/wp\/v2\/media?parent=180128"}],"wp:term":[{"taxonomy":"category","embeddable":true,"href":"http:\/\/www.tvturk.com\/index.php\/wp-json\/wp\/v2\/categories?post=180128"},{"taxonomy":"post_tag","embeddable":true,"href":"http:\/\/www.tvturk.com\/index.php\/wp-json\/wp\/v2\/tags?post=180128"}],"curies":[{"name":"wp","href":"https:\/\/api.w.org\/{rel}","templated":true}]}}