{"id":180154,"date":"2019-07-10T10:46:40","date_gmt":"2019-07-10T07:46:40","guid":{"rendered":"http:\/\/www.tvturk.com\/index.php\/santiyeye-gelen-tilkiyi-elleriyle-besliyor\/"},"modified":"2019-07-10T10:46:40","modified_gmt":"2019-07-10T07:46:40","slug":"santiyeye-gelen-tilkiyi-elleriyle-besliyor","status":"publish","type":"post","link":"http:\/\/www.tvturk.com\/index.php\/santiyeye-gelen-tilkiyi-elleriyle-besliyor\/","title":{"rendered":"\u015eantiyeye gelen tilkiyi elleriyle besliyor"},"content":{"rendered":"<p>Afyonkarahisar\u2019\u0131n \u015euhut il\u00e7esindeki bir \u015fantiyede \u00e7al\u0131\u015fan Mehmet Poyraz, d\u00fczenli olarak \u015fantiyeye gelen tilkiyi kendi elleriyle besliyor.<\/p>\n<p>Daha \u00e7ok kurnazl\u0131klar\u0131yla zihinlerde yer edinen tilkiler, vah\u015fi hayvanlar olarak bilinse de insanlarla ileti\u015fimi \u00e7ok uzun y\u0131llara dayan\u0131yor. T\u00fcrkiye\u2019de hemen her b\u00f6lgede g\u00f6r\u00fclen tilkiler, \u00f6zellikle ormanl\u0131k alanlarda ya\u015f\u0131yor. Her ortama ayak uydurabilen bu hayvanlar, zaman zaman \u015fehre yak\u0131n alanlara giderek beslenme ihtiya\u00e7lar\u0131n\u0131 da kar\u015f\u0131l\u0131yor.<\/p>\n<p>\u015euhut il\u00e7esine ba\u011fl\u0131 Ba\u015f\u00f6ren k\u00f6y\u00fcnde de bir tilki, ya\u015fam alan\u0131na yak\u0131n bir noktada bulunan \u015fantiyeyi adeta mesken tuttu. \u015eantiye \u00e7al\u0131\u015fanlar\u0131ndan Mehmet Poyraz, so\u011fuk k\u0131\u015f g\u00fcnlerinde yiyecek bulamad\u0131\u011f\u0131 i\u00e7in \u015fantiyeye gelen tilkiyi beslemeye ba\u015flad\u0131. Zamanla \u015fantiyede kolayca yiyecek buldu\u011fu i\u00e7in duruma al\u0131\u015fan tilki, her g\u00fcn buraya gelmeye ba\u015flad\u0131. \u015eantiyede bulunan evlerin \u00f6n\u00fcne gelerek kendisini g\u00f6steren tilkiye \u015fantiye personelleri pencereden yiyecek uzat\u0131yor. Evcil bir hayvan gibi davranan tilkiyi g\u00f6renler ise \u015fa\u015fk\u0131nl\u0131klar\u0131n\u0131 gizleyemiyor. K\u0131\u015f aylar\u0131n\u0131n ard\u0131ndan yaz g\u00fcnlerinde de \u015fantiyeye gelen tilkiyi besleyen Poyraz\u2019\u0131n \u00e7ekti\u011fi g\u00f6r\u00fcnt\u00fcler ya\u015fananlar\u0131 g\u00f6zler \u00f6n\u00fcne seriyor.<\/p>\n","protected":false},"excerpt":{"rendered":"<p>AFYONKARAH\u0130SAR&#8217;IN \u015eUHUT \u0130L\u00c7ES\u0130NDEK\u0130 B\u0130R \u015eANT\u0130YEDE \u00c7ALI\u015eAN MEHMET \u0130S\u0130ML\u0130 B\u0130R \u015eAHIS, KI\u015e AYLARINDA \u015eANT\u0130YE&#8217;YE GELEN T\u0130LK\u0130Y\u0130 KEND\u0130 ELLER\u0130YLE BESL\u0130YOR.<\/p>\n","protected":false},"author":1,"featured_media":180155,"comment_status":"closed","ping_status":"open","sticky":false,"template":"","format":"standard","meta":{"jetpack_post_was_ever_published":false,"_jetpack_newsletter_access":"","_jetpack_dont_email_post_to_subs":false,"_jetpack_newsletter_tier_id":0,"_jetpack_memberships_contains_paywalled_content":false,"_jetpack_memberships_contains_paid_content":false,"footnotes":"","jetpack_publicize_message":"","jetpack_publicize_feature_enabled":true,"jetpack_social_post_already_shared":true,"jetpack_social_options":{"image_generator_settings":{"template":"highway","default_image_id":0,"font":"","enabled":false},"version":2}},"categories":[1],"tags":[4063,17274,307,20855,19822],"class_list":["post-180154","post","type-post","status-publish","format-standard","has-post-thumbnail","hentry","category-genel","tag-besliyor","tag-elleriyle","tag-gelen","tag-santiyeye","tag-tilkiyi"],"jetpack_publicize_connections":[],"jetpack_featured_media_url":"https:\/\/i0.wp.com\/www.tvturk.com\/wp-content\/uploads\/2019\/07\/santiyeye-gelen-tilkiyi-elleriyle-besliyor_584fced.jpg?fit=960%2C540","jetpack_sharing_enabled":true,"jetpack_shortlink":"https:\/\/wp.me\/paKIfm-KRI","_links":{"self":[{"href":"http:\/\/www.tvturk.com\/index.php\/wp-json\/wp\/v2\/posts\/180154","targetHints":{"allow":["GET"]}}],"collection":[{"href":"http:\/\/www.tvturk.com\/index.php\/wp-json\/wp\/v2\/posts"}],"about":[{"href":"http:\/\/www.tvturk.com\/index.php\/wp-json\/wp\/v2\/types\/post"}],"author":[{"embeddable":true,"href":"http:\/\/www.tvturk.com\/index.php\/wp-json\/wp\/v2\/users\/1"}],"replies":[{"embeddable":true,"href":"http:\/\/www.tvturk.com\/index.php\/wp-json\/wp\/v2\/comments?post=180154"}],"version-history":[{"count":0,"href":"http:\/\/www.tvturk.com\/index.php\/wp-json\/wp\/v2\/posts\/180154\/revisions"}],"wp:featuredmedia":[{"embeddable":true,"href":"http:\/\/www.tvturk.com\/index.php\/wp-json\/wp\/v2\/media\/180155"}],"wp:attachment":[{"href":"http:\/\/www.tvturk.com\/index.php\/wp-json\/wp\/v2\/media?parent=180154"}],"wp:term":[{"taxonomy":"category","embeddable":true,"href":"http:\/\/www.tvturk.com\/index.php\/wp-json\/wp\/v2\/categories?post=180154"},{"taxonomy":"post_tag","embeddable":true,"href":"http:\/\/www.tvturk.com\/index.php\/wp-json\/wp\/v2\/tags?post=180154"}],"curies":[{"name":"wp","href":"https:\/\/api.w.org\/{rel}","templated":true}]}}