{"id":180198,"date":"2019-07-10T11:46:29","date_gmt":"2019-07-10T08:46:29","guid":{"rendered":"http:\/\/www.tvturk.com\/index.php\/akademisyenler-suriyeli-gocmenlerle-ilgili-olumlu-haberlerin-etkisini-inceledi\/"},"modified":"2019-07-10T11:46:29","modified_gmt":"2019-07-10T08:46:29","slug":"akademisyenler-suriyeli-gocmenlerle-ilgili-olumlu-haberlerin-etkisini-inceledi","status":"publish","type":"post","link":"http:\/\/www.tvturk.com\/index.php\/akademisyenler-suriyeli-gocmenlerle-ilgili-olumlu-haberlerin-etkisini-inceledi\/","title":{"rendered":"Akademisyenler, Suriyeli g\u00f6\u00e7menlerle ilgili olumlu haberlerin etkisini inceledi"},"content":{"rendered":"<p>Ya\u015far \u00dcniversitesi \u0130leti\u015fim Fak\u00fcltesi \u00f6\u011fretim \u00fcyeleri Dr. Gizem Melek ve Dr. Dilek Melike Ulu\u00e7ay\u2019\u0131n, &#8220;Suriyeli g\u00f6\u00e7menlerle ilgili medyada yer alan olumlu haberlerin insanlar\u0131n tutum ve fikirleri \u00fczerindeki etkisini&#8221; inceledi\u011fi \u00e7al\u0131\u015fmalar\u0131, uluslararas\u0131 akademik dergide yay\u0131nland\u0131. \u00c7al\u0131\u015fma ayr\u0131ca, T\u00dcB\u0130TAK\u2019\u0131n deste\u011fiyle Uluslararas\u0131 Siyaset Bilimi Birli\u011finin Avustralya\u2019da d\u00fczenlenen 25. D\u00fcnya Kongresinde de sunuldu.<\/p>\n<p>Ya\u015far \u00dcniversitesi \u0130leti\u015fim Fak\u00fcltesi Radyo, Televizyon ve Sinema B\u00f6l\u00fcm\u00fc Doktor \u00d6\u011fretim \u00dcyesi Gizem Melek ve Halkla \u0130li\u015fkiler ve Reklamc\u0131l\u0131k B\u00f6l\u00fcm\u00fc Doktor \u00d6\u011fretim \u00dcyesi Dilek Melike Ulu\u00e7ay, medyada yer alan olumlu haberlerin Suriyeli g\u00f6\u00e7menlerle ilgili insanlar\u0131n tutumu ve fikirleri \u00fczerindeki etkisini ara\u015ft\u0131rd\u0131. \u0130ki grup \u00f6\u011frenciyle yap\u0131lan ara\u015ft\u0131rmada, \u00f6ncelikle kat\u0131l\u0131mc\u0131lar\u0131n Suriyelilerle ilgili tutumlar\u0131n\u0131 belirlemeye y\u00f6nelik bir \u00f6l\u00e7ek uyguland\u0131. Ekonomik, fiziksel, toplumsal uyum, modern ya\u015fam, k\u00fclt\u00fcrel \u00e7e\u015fitlilik, insani (yard\u0131mseverlik) konular\u0131na y\u00f6nelik tehdit ve fayda unsurlar\u0131n\u0131 i\u00e7eren 41 soru kat\u0131l\u0131mc\u0131lara y\u00f6neltildi. Kat\u0131l\u0131mc\u0131lar, olumlu ve olumsuz d\u00fc\u015f\u00fcncelerini bu sorular \u0131\u015f\u0131\u011f\u0131nda payla\u015ft\u0131.<\/p>\n<p>\u0130lk grupta yer alan 57 \u00f6\u011frenciyle bir hafta her g\u00fcn 30\u2019ar dakikal\u0131k oturumlar d\u00fczenlediklerini ve bu bir haftada toplam 24 haber okuttuklar\u0131n\u0131 belirten Melek ve Ulu\u00e7ay, &#8220;Bu oturumlarda, i\u00e7erik hakk\u0131nda bilgi vermeden onlara Suriyelilerle ilgili sadece olumlu i\u00e7erikli haberler okuttuk. Oturumlar \u00f6ncesinde ilk g\u00fcn \u00f6\u011frencilerin Suriyelilerle ilgili tutumlar\u0131n\u0131 belirlemeye y\u00f6nelik bir \u00f6l\u00e7ek uygulad\u0131k. Ayn\u0131 \u00f6l\u00e7e\u011fi 5. g\u00fcn\u00fcn sonunda haberleri okuyup oturumlar\u0131 tamamlad\u0131ktan sonra tekrarlad\u0131k. Di\u011fer taraftan 34 \u00f6\u011frencilik kontrol grubumuza ise haber okutmad\u0131k, sadece ba\u015fta ve sonda tutum \u00f6l\u00e7e\u011fini uygulad\u0131k&#8221; diyerek \u00e7al\u0131\u015fma y\u00f6ntemlerini anlatt\u0131.<\/p>\n<p>Avustralya\u2019da kongrede g\u00fcndeme geldi<\/p>\n<p>Akademisyenler, &#8220;\u00c7al\u0131\u015fman\u0131n sonucunda, ilk gruptaki olumlu haberleri okuyan \u00f6\u011frenci tutumlar\u0131nda olumlu y\u00f6nde istatistiksel olarak anlaml\u0131 bir fark bulduk. Haber okumayan kontrol grubumuzun ise tutumlar\u0131 ayn\u0131 kald\u0131. Sosyal a\u011flar ve internet i\u00e7eriklerine yo\u011fun olarak maruz kal\u0131nan bir yeni medya d\u00fczeninde bile hala geleneksel habercili\u011fin insanlar\u0131n tutum ve fikirleri \u00fczerinde \u00e7ok b\u00fcy\u00fck bir etkisi oldu\u011funu tespit ettik. Buradan anlad\u0131\u011f\u0131m\u0131z, bir hafta gibi k\u0131sa bir s\u00fcrede bile medyan\u0131n insanlar\u0131n kemikle\u015fmi\u015f olumsuz yarg\u0131lar\u0131n\u0131 olumlu y\u00f6nde de\u011fi\u015ftirebilecek g\u00fcce sahip oldu\u011fu. Bu \u00e7al\u0131\u015fma, bize medyan\u0131n ikinci a\u015fama g\u00fcndem belirleme kuram\u0131 do\u011frultusunda alg\u0131 ve tutumlar \u00fczerindeki g\u00fcc\u00fcn\u00fc bir kez daha g\u00f6stermi\u015f oldu&#8221; dedi.<\/p>\n<p>Ya\u015farl\u0131 akademisyenlerin \u00e7al\u0131\u015fmas\u0131, Madrid Complutense \u00dcniversitesinin yay\u0131nlad\u0131\u011f\u0131 uluslararas\u0131 akademik dergide de yay\u0131mland\u0131. \u00c7al\u0131\u015fma ayr\u0131ca, T\u00dcB\u0130TAK\u2019\u0131n 2224-A Yurt D\u0131\u015f\u0131 Bilimsel Etkinliklere Kat\u0131l\u0131m\u0131 Destekleme Program\u0131 deste\u011fiyle Uluslararas\u0131 Siyaset Bilimi Birli\u011finin Avustralya\u2019da d\u00fczenlenen 25. D\u00fcnya Kongresinde de sunuldu.<\/p>\n","protected":false},"excerpt":{"rendered":"<p>YA\u015eAR \u00dcN\u0130VERS\u0130TES\u0130 \u0130LET\u0130\u015e\u0130M FAK\u00dcLTES\u0130 \u00d6\u011eRET\u0130M \u00dcYELER\u0130 DR. G\u0130ZEM MELEK VE DR. D\u0130LEK MEL\u0130KE ULU\u00c7AY&#8217;IN, &#8220;SUR\u0130YEL\u0130 G\u00d6\u00c7MENLERLE \u0130LG\u0130L\u0130 MEDYADA YER ALAN OLUMLU HABERLER\u0130N \u0130NSANLARIN TUTUM VE F\u0130K\u0130RLER\u0130 \u00dcZER\u0130NDEK\u0130 ETK\u0130S\u0130N\u0130&#8221; \u0130NCELED\u0130\u011e\u0130 \u00c7ALI\u015eMALARI, ULUSLARARASI AKADEM\u0130K DERG\u0130DE YAYINLANDI. (FOOT\u011eRAFTA SOLDAN DR. G\u0130ZEM MELEK VE DR. D\u0130LEK MEL\u0130KE)<\/p>\n","protected":false},"author":1,"featured_media":180199,"comment_status":"closed","ping_status":"open","sticky":false,"template":"","format":"standard","meta":{"jetpack_post_was_ever_published":false,"_jetpack_newsletter_access":"","_jetpack_dont_email_post_to_subs":false,"_jetpack_newsletter_tier_id":0,"_jetpack_memberships_contains_paywalled_content":false,"_jetpack_memberships_contains_paid_content":false,"footnotes":"","jetpack_publicize_message":"","jetpack_publicize_feature_enabled":true,"jetpack_social_post_already_shared":true,"jetpack_social_options":{"image_generator_settings":{"template":"highway","default_image_id":0,"font":"","enabled":false},"version":2}},"categories":[1],"tags":[9066,4278,30337,44333,3012,311,8932,1036],"class_list":["post-180198","post","type-post","status-publish","format-standard","has-post-thumbnail","hentry","category-genel","tag-akademisyenler","tag-etkisini","tag-gocmenlerle","tag-haberlerin","tag-ilgili","tag-inceledi","tag-olumlu","tag-suriyeli"],"jetpack_publicize_connections":[],"jetpack_featured_media_url":"https:\/\/i0.wp.com\/www.tvturk.com\/wp-content\/uploads\/2019\/07\/akademisyenler-suriyeli-gocmenlerle-ilgili-olumlu-haberlerin-etkisini-inceledi_91e0a65.jpg?fit=1000%2C664","jetpack_sharing_enabled":true,"jetpack_shortlink":"https:\/\/wp.me\/paKIfm-KSq","_links":{"self":[{"href":"http:\/\/www.tvturk.com\/index.php\/wp-json\/wp\/v2\/posts\/180198","targetHints":{"allow":["GET"]}}],"collection":[{"href":"http:\/\/www.tvturk.com\/index.php\/wp-json\/wp\/v2\/posts"}],"about":[{"href":"http:\/\/www.tvturk.com\/index.php\/wp-json\/wp\/v2\/types\/post"}],"author":[{"embeddable":true,"href":"http:\/\/www.tvturk.com\/index.php\/wp-json\/wp\/v2\/users\/1"}],"replies":[{"embeddable":true,"href":"http:\/\/www.tvturk.com\/index.php\/wp-json\/wp\/v2\/comments?post=180198"}],"version-history":[{"count":0,"href":"http:\/\/www.tvturk.com\/index.php\/wp-json\/wp\/v2\/posts\/180198\/revisions"}],"wp:featuredmedia":[{"embeddable":true,"href":"http:\/\/www.tvturk.com\/index.php\/wp-json\/wp\/v2\/media\/180199"}],"wp:attachment":[{"href":"http:\/\/www.tvturk.com\/index.php\/wp-json\/wp\/v2\/media?parent=180198"}],"wp:term":[{"taxonomy":"category","embeddable":true,"href":"http:\/\/www.tvturk.com\/index.php\/wp-json\/wp\/v2\/categories?post=180198"},{"taxonomy":"post_tag","embeddable":true,"href":"http:\/\/www.tvturk.com\/index.php\/wp-json\/wp\/v2\/tags?post=180198"}],"curies":[{"name":"wp","href":"https:\/\/api.w.org\/{rel}","templated":true}]}}