{"id":180216,"date":"2019-07-10T12:01:43","date_gmt":"2019-07-10T09:01:43","guid":{"rendered":"http:\/\/www.tvturk.com\/index.php\/trabzonda-denizin-ortasinda-mahsur-kalanlari-boyle-kurtarmislar\/"},"modified":"2019-07-10T12:01:43","modified_gmt":"2019-07-10T09:01:43","slug":"trabzonda-denizin-ortasinda-mahsur-kalanlari-boyle-kurtarmislar","status":"publish","type":"post","link":"http:\/\/www.tvturk.com\/index.php\/trabzonda-denizin-ortasinda-mahsur-kalanlari-boyle-kurtarmislar\/","title":{"rendered":"Trabzon\u2019da denizin ortas\u0131nda mahsur kalanlar\u0131 b\u00f6yle kurtarm\u0131\u015flar"},"content":{"rendered":"<p>Trabzon\u2019un Of il\u00e7esinde ge\u00e7ti\u011fimiz g\u00fcnlerde iki ki\u015fi bal\u0131k avlamak i\u00e7in denize a\u00e7\u0131ld\u0131klar\u0131 teknenin motorunun ar\u0131zas\u0131 yapmas\u0131 sonucu 15 saat denizde kurtulmay\u0131 beklediler. Denizin ortas\u0131nda mahsur kalan ki\u015finin imdad\u0131na bir gemi yeti\u015ferek bal\u0131k\u00e7\u0131lar\u0131 kurtar\u0131rken, o anlara ait yeni g\u00f6r\u00fcnt\u00fcler ortaya \u00e7\u0131kt\u0131.<\/p>\n<p>Trabzon\u2019un Of il\u00e7esinde 4 Temmuz tarihinde saat 20.00 s\u0131ralar\u0131nda Mehmet Ulusoy (41) ve Burak Karabina (24) isimli vatanda\u015flar, \u2019Umut Karde\u015fler\u2019 isimli tekne ile denize a\u00e7\u0131larak bal\u0131k avlamak istedi. Bir s\u00fcre sonra motorun ar\u0131za yapmas\u0131 sonucu denizin ortas\u0131nda kalan iki ki\u015fi yanlar\u0131na telefon almad\u0131klar\u0131 i\u00e7in kurtulmay\u0131 bekledi. Etraflar\u0131ndan hi\u00e7bir tekne ge\u00e7medi\u011fi i\u00e7in endi\u015felenmeye ba\u015flayan iki arkada\u015ftan Burak Karabina tekneden sosis tipi usturma\u00e7ay\u0131 alarak sahile y\u00fczmeye karar verdi. Havan\u0131nda kararmas\u0131yla y\u00f6n\u00fcn\u00fc \u015fa\u015f\u0131ran Karabina, bir s\u00fcre sonra g\u00f6zden kayboldu. Ulusoy ve Karabina\u2019n\u0131n yak\u0131nlar\u0131 sabah saatlerinde teknenin limanda olmad\u0131\u011f\u0131n\u0131 ve yak\u0131nlar\u0131na ula\u015famad\u0131klar\u0131 i\u00e7in 158 ihbar hatt\u0131n\u0131 arayarak durumu bildirdi. \u0130hbar \u00fczerine b\u00f6lgeye Sahil G\u00fcvenlik Do\u011fu Karadeniz Grup Komutanl\u0131\u011f\u0131 taraf\u0131ndan bot ve dalg\u0131\u00e7lardan olu\u015fan bir kurtarma ekibi g\u00f6nderildi. 15 saat boyunca denizde y\u00fczerek k\u0131y\u0131ya ula\u015fmaya \u00e7al\u0131\u015fan Burak Karabina sosis tipi usturma\u00e7a ba\u011flam\u0131\u015f bir \u015fekilde Sahil G\u00fcvenlik ekipleri taraf\u0131ndan bilinci a\u00e7\u0131k bir \u015fekilde bulundu. Sa\u011fl\u0131k durumunun iyi oldu\u011fu \u00f6\u011frenilen Karabina k\u0131y\u0131da bekleyen ambulansa getirilerek Of Devlet Hastanesine kald\u0131r\u0131ld\u0131.<\/p>\n<p>Karabina\u2019n\u0131n bulunmas\u0131n\u0131n ard\u0131ndan Umut Karde\u015fler isimli teknenin ve i\u00e7inde bulunan Mehmet Ulusoy\u2019un bulunmas\u0131 i\u00e7in Sahil G\u00fcvenlik Do\u011fu Karadeniz Grup Komutanl\u0131\u011f\u0131 taraf\u0131ndan TCSG-83 Sahil G\u00fcvenlik botu arama \u00e7al\u0131\u015fmalar\u0131na ba\u015flad\u0131.<\/p>\n<p>O esnada Arakl\u0131l\u0131 i\u015f adam\u0131 Muhammet G\u00fcm\u00fc\u015fta\u015f\u2019a ait geminin kaptan\u0131 Resul Akyasan a\u00e7\u0131kta bir teknenin bekledi\u011fini fark etti. Motoru \u00e7al\u0131\u015fmad\u0131\u011f\u0131 i\u00e7in 15 saat boyunca s\u00fcr\u00fcklenen teknede bir ki\u015finin oldu\u011funu fark eden Akyasan, tekneye yakla\u015ft\u0131. Teknede bekleyen Mehmet Ulusoy\u2019un iyi oldu\u011funu g\u00f6ren kaptan Akyasan, durumu Sahil G\u00fcvenlik ekiplerine bildirdi. O anlarda kay\u0131tta olan cep telefonuna yans\u0131yan g\u00f6r\u00fcnt\u00fclerde kaptan Akyasan, g\u00fcne\u015fin alt\u0131nda bekleyen Ulusoy\u2019u ile konu\u015farak durumunun nas\u0131l oldu\u011funu \u00f6\u011frenmeye \u00e7al\u0131\u015ft\u0131. Ulusoy ile konu\u015farak Sahil G\u00fcvenlik ekiplerinin yolda oldu\u011funu anlatan kaptan Akyasan, \u201cNedir durumun susuz musun, a\u00e7 m\u0131s\u0131n. Sahil G\u00fcvenlik arkadan geliyor. \u00c7ok acil de\u011filse ben alaca\u011f\u0131m diyor. Buraday\u0131m ben panik yapma. S\u0131k\u0131nt\u0131 yok. Makinenin mi \u00e7al\u0131\u015fm\u0131yor, ak\u00fc m\u00fc basmad\u0131. Otur dinlen. Ben buraday\u0131m\u201d ifadelerini kullanarak, Ulusoy\u2019u sakinle\u015ftirmeye \u00e7al\u0131\u015ft\u0131. S\u00fcrmene a\u00e7\u0131klar\u0131nda meydana gelen olayda Sahil G\u00fcvenlik ekipleri Ulusoy\u2019u bulundu\u011fu tekneden alarak Trabzon Liman\u0131\u2019na getirdi. O anlar kurtarmaya kat\u0131lan gemi personeli taraf\u0131ndan kayda al\u0131nd\u0131.<\/p>\n","protected":false},"excerpt":{"rendered":"<p>TRABZON\u2019UN OF \u0130L\u00c7ES\u0130NDE GE\u00c7T\u0130\u011e\u0130M\u0130Z G\u00dcNLERDE \u0130K\u0130 K\u0130\u015e\u0130 BALIK AVLAMAK \u0130\u00c7\u0130N DEN\u0130ZE A\u00c7ILDIKLARI TEKNEN\u0130N MOTORUNUN ARIZASI YAPMASI SONUCU 15 SAAT DEN\u0130ZDE KURTULMAYI BEKLED\u0130LER. DEN\u0130Z\u0130N ORTASINDA MAHSUR KALAN K\u0130\u015e\u0130N\u0130N \u0130MDADINA B\u0130R GEM\u0130 YET\u0130\u015eT\u0130. O ANLARA A\u0130T YEN\u0130 G\u00d6R\u00dcNT\u00dcLER ORTAYA \u00c7IKTI.<\/p>\n","protected":false},"author":1,"featured_media":180217,"comment_status":"closed","ping_status":"open","sticky":false,"template":"","format":"standard","meta":{"jetpack_post_was_ever_published":false,"_jetpack_newsletter_access":"","_jetpack_dont_email_post_to_subs":false,"_jetpack_newsletter_tier_id":0,"_jetpack_memberships_contains_paywalled_content":false,"_jetpack_memberships_contains_paid_content":false,"footnotes":"","jetpack_publicize_message":"","jetpack_publicize_feature_enabled":true,"jetpack_social_post_already_shared":true,"jetpack_social_options":{"image_generator_settings":{"template":"highway","default_image_id":0,"font":"","enabled":false},"version":2}},"categories":[1],"tags":[836,4702,7487,44338,2381,8632,248],"class_list":["post-180216","post","type-post","status-publish","format-standard","has-post-thumbnail","hentry","category-genel","tag-boyle","tag-denizin","tag-kalanlari","tag-kurtarmislar","tag-mahsur","tag-ortasinda","tag-trabzonda"],"jetpack_publicize_connections":[],"jetpack_featured_media_url":"https:\/\/i0.wp.com\/www.tvturk.com\/wp-content\/uploads\/2019\/07\/trabzonda-denizin-ortasinda-mahsur-kalanlari-boyle-kurtarmislar_28de075.jpg?fit=1000%2C534","jetpack_sharing_enabled":true,"jetpack_shortlink":"https:\/\/wp.me\/paKIfm-KSI","_links":{"self":[{"href":"http:\/\/www.tvturk.com\/index.php\/wp-json\/wp\/v2\/posts\/180216","targetHints":{"allow":["GET"]}}],"collection":[{"href":"http:\/\/www.tvturk.com\/index.php\/wp-json\/wp\/v2\/posts"}],"about":[{"href":"http:\/\/www.tvturk.com\/index.php\/wp-json\/wp\/v2\/types\/post"}],"author":[{"embeddable":true,"href":"http:\/\/www.tvturk.com\/index.php\/wp-json\/wp\/v2\/users\/1"}],"replies":[{"embeddable":true,"href":"http:\/\/www.tvturk.com\/index.php\/wp-json\/wp\/v2\/comments?post=180216"}],"version-history":[{"count":0,"href":"http:\/\/www.tvturk.com\/index.php\/wp-json\/wp\/v2\/posts\/180216\/revisions"}],"wp:featuredmedia":[{"embeddable":true,"href":"http:\/\/www.tvturk.com\/index.php\/wp-json\/wp\/v2\/media\/180217"}],"wp:attachment":[{"href":"http:\/\/www.tvturk.com\/index.php\/wp-json\/wp\/v2\/media?parent=180216"}],"wp:term":[{"taxonomy":"category","embeddable":true,"href":"http:\/\/www.tvturk.com\/index.php\/wp-json\/wp\/v2\/categories?post=180216"},{"taxonomy":"post_tag","embeddable":true,"href":"http:\/\/www.tvturk.com\/index.php\/wp-json\/wp\/v2\/tags?post=180216"}],"curies":[{"name":"wp","href":"https:\/\/api.w.org\/{rel}","templated":true}]}}