{"id":180234,"date":"2019-07-10T12:16:52","date_gmt":"2019-07-10T09:16:52","guid":{"rendered":"http:\/\/www.tvturk.com\/index.php\/kanser-artik-kontrol-altina-alinabilecek-hastaliklar-grubuna-giriyor\/"},"modified":"2019-07-10T12:16:52","modified_gmt":"2019-07-10T09:16:52","slug":"kanser-artik-kontrol-altina-alinabilecek-hastaliklar-grubuna-giriyor","status":"publish","type":"post","link":"http:\/\/www.tvturk.com\/index.php\/kanser-artik-kontrol-altina-alinabilecek-hastaliklar-grubuna-giriyor\/","title":{"rendered":"&#8220;Kanser art\u0131k kontrol alt\u0131na al\u0131nabilecek hastal\u0131klar grubuna giriyor&#8221;"},"content":{"rendered":"<p>Onkolog Prof. Dr. Mehmet Alakavuklar, kanserin art\u0131k kronik hastal\u0131klardan diyabet, hipertansiyon gibi kontrol alt\u0131na al\u0131nabilecek hastal\u0131klar grubuna girmek \u00fczere oldu\u011funu s\u00f6yledi. Kansere kar\u015f\u0131 nas\u0131l m\u00fccadele edece\u011fimizi \u00f6\u011frenmeye ba\u015flad\u0131\u011f\u0131m\u0131z\u0131 belirten Prof. Dr. Alakavuklar, &#8220;Bu konuda toplumsal ve bireysel \u00e7abalar ciddi bir \u015fekilde sonu\u00e7 veriyor. Bu g\u00fcn art\u0131k d\u00fcnyada milyonlarca ki\u015fi kanseri yenmi\u015f olarak yeni ya\u015famlar\u0131na yol al\u0131yorlar\u201d dedi.<\/p>\n<p>\u0130zmir Kent Onkoloji Merkezi Medikal Onkoloji Uzman\u0131 Prof. Dr. Alakavuklar, kansere kar\u015f\u0131 m\u00fccadelede ya\u015fam tarz\u0131 de\u011fi\u015fikliklerinin etkisine dikkat \u00e7ekti. Kanserle m\u00fccadelede \u00e7ok \u00f6nemli ilerlemeler kaydedildi\u011fini belirten Prof. Dr. Alakavuklar, &#8220;\u00d6zellikle 2000\u2019li y\u0131llar\u0131n ba\u015f\u0131ndan itibaren GENOM (insan\u0131n genetik kimlik kart\u0131 olan DNA haritas\u0131n\u0131n \u00e7\u0131kar\u0131lmas\u0131) projesinin getirdikleriyle kanser hakk\u0131ndaki bilgilerimiz artmakta di\u011fer yandan bu bilgilerin yans\u0131mas\u0131yla yeni te\u015fhis ve tedavi y\u00f6ntemleri g\u00fcnl\u00fck hayat\u0131m\u0131za girmektedir. Geli\u015fen s\u00fcre\u00e7te kansere yol a\u00e7an nedenler daha iyi tan\u0131nmakta ve kanserden korunma amac\u0131yla yapabileceklerimiz daha belirginle\u015fmektedir. Kansere kar\u015f\u0131 nas\u0131l m\u00fccadele edece\u011fimizi \u00f6\u011frenirken, bu konuda toplumsal ve bireysel \u00e7abalar\u0131n ciddi bir \u015fekilde sonu\u00e7 verdi\u011fini de g\u00f6rmekteyiz. Bu g\u00fcn art\u0131k d\u00fcnyada milyonlarca ki\u015fi kanseri yenmi\u015f olarak yeni ya\u015famlar\u0131na yol almaktad\u0131r. Kanser hastal\u0131\u011f\u0131 art\u0131k diyabet, hipertansiyon gibi kronik hastal\u0131klar olarak kontrol alt\u0131na al\u0131nabilecek hastal\u0131klar grubuna girmek \u00fczeredir. Bu hastal\u0131klara kar\u015f\u0131 bireysel fark\u0131ndal\u0131k \u00e7abalar\u0131n\u0131n yan\u0131 s\u0131ra ulusal ve uluslararas\u0131 d\u00fczeyde tedbirler al\u0131nmaya \u00e7al\u0131\u015f\u0131lmaktad\u0131r. \u00dclkelerin sa\u011fl\u0131k politikalar\u0131n\u0131n yeni bilgiler \u0131\u015f\u0131\u011f\u0131nda yeniden d\u00fczenlenme yoluna gidilmektedir&#8221; diye konu\u015ftu.<\/p>\n<p>&#8220;V\u00fccudumuzun ba\u011f\u0131\u015f\u0131kl\u0131k sistemimizin yapt\u0131\u011f\u0131 m\u00fccadeleyi etkilemektedir&#8221;<\/p>\n<p>Kanserin olu\u015fma nedenleri i\u00e7inde kal\u0131tsall\u0131\u011f\u0131n yakla\u015f\u0131k y\u00fczde 10\u2019luk bir y\u00fczde olu\u015fturdu\u011funu ifade eden Prof. Dr. Alakavuklar, y\u00fczde 90\u2019l\u0131k esas etkenlere dikkat \u00e7ekti. Alakavuklar, \u00e7evresel fakt\u00f6rlerin yan\u0131 s\u0131ra; t\u00fct\u00fcn, alkol kullan\u0131m\u0131n\u0131n, enfeksiyon ajanlar\u0131n\u0131n, hareketsiz, sa\u011fl\u0131ks\u0131z beslenmeye dayal\u0131 ya\u015fam tarz\u0131 gibi fakt\u00f6rlerin kansere yol a\u00e7an nedenlerde a\u011f\u0131rl\u0131\u011f\u0131 olu\u015fturdu\u011funu s\u00f6yledi.<\/p>\n<p>Bu bilginin, ki\u015fi ve toplumlar\u0131 bu fakt\u00f6rlerden uzak durma ya da korunma ile bu etmenlere ba\u011fl\u0131 kanserlerin \u00f6nlenebilece\u011fi ger\u00e7e\u011fine g\u00f6t\u00fcrd\u00fc\u011f\u00fcn\u00fc kaydeden Prof. Dr. Alakavuklar, s\u00f6zlerini \u015f\u00f6yle s\u00fcrd\u00fcrd\u00fc:<\/p>\n<p>&#8220;Ya\u015fam tarz\u0131; kanser ve diyabet-tansiyon y\u00fcksekli\u011fi gibi kronik hastal\u0131klarda gerek nedensel olarak hastal\u0131\u011f\u0131n ortaya \u00e7\u0131k\u0131\u015f\u0131nda ve gerekse hastal\u0131\u011f\u0131n geriletilmesinde ya da yeniden olu\u015fmas\u0131n\u0131n engellenmesinde \u00f6nemli bir fakt\u00f6r olarak yer tutmaktad\u0131r. Nas\u0131l ya\u015fad\u0131\u011f\u0131m\u0131z, nas\u0131l beslendi\u011fimiz, hangi ortamlarda nas\u0131l \u00e7al\u0131\u015ft\u0131\u011f\u0131m\u0131z, stresimizi nas\u0131l kontrol etti\u011fimiz, d\u00fczenli egzersiz yap\u0131p yapmad\u0131\u011f\u0131m\u0131z, uykumuzun d\u00fczenli olup olmad\u0131\u011f\u0131, kansere ve di\u011fer kronik hastal\u0131klara yol a\u00e7an nedenlerle, v\u00fccudumuzun ba\u011f\u0131\u015f\u0131kl\u0131k sistemimizin yapt\u0131\u011f\u0131 m\u00fccadeleyi etkilemektedir. Ya\u015famda her a\u015famada se\u00e7imler yapmaktay\u0131z. Bu se\u00e7imlerimizde yapaca\u011f\u0131m\u0131z ak\u0131lc\u0131 tercihlerle bir yandan ya\u015fam kalitemizi y\u00fckseltir, ba\u011f\u0131\u015f\u0131kl\u0131k sistemimizi g\u00fc\u00e7lendirebilir, yaln\u0131z bedensel olarak de\u011fil, ak\u0131l ve ruh sa\u011fl\u0131\u011f\u0131 a\u00e7\u0131s\u0131ndan da daha iyi, sa\u011fl\u0131kl\u0131 bir ya\u015fam tarz\u0131 sa\u011flayabiliriz; kansere yakalanma riskini azaltabilir, hastal\u0131klar\u0131 kontrol alt\u0131na alabiliriz.&#8221;<\/p>\n","protected":false},"excerpt":{"rendered":"<p>ONKOLOG PROF. DR. MEHMET ALAKAVUKLAR, KANSER\u0130N ARTIK KRON\u0130K HASTALIKLARDAN D\u0130YABET, H\u0130PERTANS\u0130YON G\u0130B\u0130 KONTROL ALTINA ALINAB\u0130LECEK HASTALIKLAR GRUBUNA G\u0130RMEK \u00dcZERE OLDU\u011eUNU S\u00d6YLED\u0130.<\/p>\n","protected":false},"author":1,"featured_media":180235,"comment_status":"closed","ping_status":"open","sticky":false,"template":"","format":"standard","meta":{"jetpack_post_was_ever_published":false,"_jetpack_newsletter_access":"","_jetpack_dont_email_post_to_subs":false,"_jetpack_newsletter_tier_id":0,"_jetpack_memberships_contains_paywalled_content":false,"_jetpack_memberships_contains_paid_content":false,"footnotes":"","jetpack_publicize_message":"","jetpack_publicize_feature_enabled":true,"jetpack_social_post_already_shared":true,"jetpack_social_options":{"image_generator_settings":{"template":"highway","default_image_id":0,"font":"","enabled":false},"version":2}},"categories":[1],"tags":[44340,1186,2058,6386,12763,4392,350,868],"class_list":["post-180234","post","type-post","status-publish","format-standard","has-post-thumbnail","hentry","category-genel","tag-alinabilecek","tag-altina","tag-artik","tag-giriyor","tag-grubuna","tag-hastaliklar","tag-kanser","tag-kontrol"],"jetpack_publicize_connections":[],"jetpack_featured_media_url":"https:\/\/i0.wp.com\/www.tvturk.com\/wp-content\/uploads\/2019\/07\/kanser-artik-kontrol-altina-alinabilecek-hastaliklar-grubuna-giriyor_8be6f7c.jpg?fit=1000%2C666","jetpack_sharing_enabled":true,"jetpack_shortlink":"https:\/\/wp.me\/paKIfm-KT0","_links":{"self":[{"href":"http:\/\/www.tvturk.com\/index.php\/wp-json\/wp\/v2\/posts\/180234","targetHints":{"allow":["GET"]}}],"collection":[{"href":"http:\/\/www.tvturk.com\/index.php\/wp-json\/wp\/v2\/posts"}],"about":[{"href":"http:\/\/www.tvturk.com\/index.php\/wp-json\/wp\/v2\/types\/post"}],"author":[{"embeddable":true,"href":"http:\/\/www.tvturk.com\/index.php\/wp-json\/wp\/v2\/users\/1"}],"replies":[{"embeddable":true,"href":"http:\/\/www.tvturk.com\/index.php\/wp-json\/wp\/v2\/comments?post=180234"}],"version-history":[{"count":0,"href":"http:\/\/www.tvturk.com\/index.php\/wp-json\/wp\/v2\/posts\/180234\/revisions"}],"wp:featuredmedia":[{"embeddable":true,"href":"http:\/\/www.tvturk.com\/index.php\/wp-json\/wp\/v2\/media\/180235"}],"wp:attachment":[{"href":"http:\/\/www.tvturk.com\/index.php\/wp-json\/wp\/v2\/media?parent=180234"}],"wp:term":[{"taxonomy":"category","embeddable":true,"href":"http:\/\/www.tvturk.com\/index.php\/wp-json\/wp\/v2\/categories?post=180234"},{"taxonomy":"post_tag","embeddable":true,"href":"http:\/\/www.tvturk.com\/index.php\/wp-json\/wp\/v2\/tags?post=180234"}],"curies":[{"name":"wp","href":"https:\/\/api.w.org\/{rel}","templated":true}]}}