{"id":18025,"date":"2019-02-10T12:57:47","date_gmt":"2019-02-10T09:57:47","guid":{"rendered":"http:\/\/www.tvturk.com\/index.php\/yanginda-baba-ogul-feci-sekilde-can-verdi\/"},"modified":"2019-02-10T12:57:51","modified_gmt":"2019-02-10T09:57:51","slug":"yanginda-baba-ogul-feci-sekilde-can-verdi","status":"publish","type":"post","link":"http:\/\/www.tvturk.com\/index.php\/yanginda-baba-ogul-feci-sekilde-can-verdi\/","title":{"rendered":"Yang\u0131nda baba o\u011ful feci \u015fekilde can verdi"},"content":{"rendered":"<p>Eski\u015fehir\u2019de sabah saatlerinde meydana gelen ev yang\u0131n\u0131nda baba ile o\u011ful ya\u015fam\u0131n\u0131 yitirirken, dumandan etkilenen anne de hastaneye kald\u0131r\u0131ld\u0131.<\/p>\n<p>Edinilen bilgiye g\u00f6re yang\u0131n, sabah saatlerinde Ak\u00e7a\u011flan Mahallesi Poyraz Sokak \u00fczerinde bir istikamette meydana geldi. \u0130ddialara g\u00f6re, Ya\u015far \u00c7aylak\u2019a ait 2 katl\u0131 evde elektrikli \u0131s\u0131t\u0131c\u0131n\u0131n devrilmesi sonucu yang\u0131n \u00e7\u0131kt\u0131. K\u0131sa s\u00fcrede 2 katl\u0131 evi saran alevleri g\u00f6ren vatanda\u015flar durumu hemen itfaiye ekiplerine bildirirken, i\u00e7eride bulunan aile fertleri kendi imkanlar\u0131yla d\u0131\u015far\u0131 \u00e7\u0131kt\u0131. Bu esnada o\u011flunun d\u0131\u015far\u0131 \u00e7\u0131kmad\u0131\u011f\u0131n\u0131 g\u00f6ren baba Ya\u015far \u00c7aylak tekrar i\u00e7eri girerken, bir daha d\u0131\u015far\u0131 \u00e7\u0131kamad\u0131. K\u0131sa s\u00fcrede olay yerine gelerek yang\u0131na m\u00fcdahale eden ekipler, alevleri s\u00f6nd\u00fcrd\u00fc. \u0130\u00e7eride incelemelerde bulunan ekipler baba Ya\u015far \u00c7aylak (52) ve o\u011flu U\u011fur \u00c7aylak\u2019\u0131n (26) cans\u0131z bedeniyle kar\u015f\u0131la\u015ft\u0131. Ayn\u0131 evde bulunan ve dumanlardan etkilenen anne T\u00fclay \u00c7aylak ise 112 Acil Servis ekiplerince hastaneye kald\u0131r\u0131larak tedavi alt\u0131na al\u0131nd\u0131. Yang\u0131nda ya\u015fam\u0131n\u0131 yitiren baba ve o\u011flun cans\u0131z bedenleri de ESOG\u00dc T\u0131p Fak\u00fcltesi Hastanesine kald\u0131r\u0131ld\u0131.<\/p>\n<p>&#8220;Gece yatarken \u0131s\u0131t\u0131c\u0131 yakm\u0131\u015f&#8221;<\/p>\n<p>\u00c7aylak ailesinin kom\u015fular\u0131n\u0131n biri olayla ilgili &#8220;Evde toplamda ya\u015fayan 3 ki\u015fi vard\u0131. Gece o\u011flan yatarken \u0131s\u0131t\u0131c\u0131 takm\u0131\u015f herhalde. Baba yukar\u0131da yat\u0131yormu\u015f, o\u011flu da a\u015fa\u011f\u0131da yat\u0131yormu\u015f. Babas\u0131 o\u011flunu kurtarmaya diye a\u015fa\u011f\u0131 iniyor. O\u011flunu kurtarmaya \u00e7al\u0131\u015f\u0131rken babas\u0131 da orada can veriyor. Anneyi yaral\u0131 \u00e7\u0131kard\u0131k. Sa\u011fl\u0131k durumu iyi ama baba-o\u011flu kaybettik&#8221; diye konu\u015ftu.<\/p>\n<p>Yaral\u0131 olarak hastaneye kald\u0131r\u0131lan anne T\u00fclay \u00c7aylak\u2019\u0131n durumunun iyi oldu\u011fu \u00f6\u011frenildi.<div class=\"tiled-gallery type-rectangular tiled-gallery-unresized\" data-original-width=\"500\" data-carousel-extra='null' itemscope itemtype=\"http:\/\/schema.org\/ImageGallery\" > <div class=\"gallery-row\" style=\"width: 500px; height: 249px;\" data-original-width=\"500\" data-original-height=\"249\" > <div class=\"gallery-group images-1\" style=\"width: 372px; height: 249px;\" data-original-width=\"372\" data-original-height=\"249\" > <div class=\"tiled-gallery-item tiled-gallery-item-large\" itemprop=\"associatedMedia\" itemscope itemtype=\"http:\/\/schema.org\/ImageObject\"> <a href=\"http:\/\/www.tvturk.com\/index.php\/yanginda-baba-ogul-feci-sekilde-can-verdi\/yanginda-baba-ogul-feci-sekilde-can-verdi-3\/\" border=\"0\" itemprop=\"url\"> <meta itemprop=\"width\" content=\"368\"> <meta itemprop=\"height\" content=\"245\"> <img decoding=\"async\" class=\"\" data-attachment-id=\"18027\" data-orig-file=\"http:\/\/www.tvturk.com\/wp-content\/uploads\/2019\/02\/yanginda-baba-ogul-feci-sekilde-can-verdi_e4a3297.jpg\" data-orig-size=\"1000,666\" data-comments-opened=\"\" data-image-meta=\"{&quot;aperture&quot;:&quot;0&quot;,&quot;credit&quot;:&quot;IHA&quot;,&quot;camera&quot;:&quot;&quot;,&quot;caption&quot;:&quot;ESK\\u0130\\u015eEH\\u0130R\\u0027DE SABAH SAATLER\\u0130NDE B\\u0130R EVDE \\u00c7IKAN YANGINDA, BABA \\u0130LE O\\u011eUL HAYATINI KAYBETT\\u0130. (\\u00c7A\\u011eATAY G\\u00dcR\\\/ESK\\u0130\\u015eEH\\u0130R-\\u0130HA)&quot;,&quot;created_timestamp&quot;:&quot;0&quot;,&quot;copyright&quot;:&quot;\\u0130HLAS HABER AJANSI, www.iha.com.tr&quot;,&quot;focal_length&quot;:&quot;0&quot;,&quot;iso&quot;:&quot;0&quot;,&quot;shutter_speed&quot;:&quot;0&quot;,&quot;title&quot;:&quot;YANGINDA BABA O\\u011eUL FEC\\u0130 \\u015eEK\\u0130LDE CAN VERD\\u0130 ESK\\u0130\\u015eEH\\u0130R\\u0027DE EV YANGINI: 2 \\u00d6L\\u00dc, 1 YARALI&quot;,&quot;orientation&quot;:&quot;0&quot;}\" data-image-title=\"Yang\u0131nda baba o\u011ful feci \u015fekilde can verdi\" data-image-description=\"&lt;p&gt;Yang\u0131nda baba o\u011ful feci \u015fekilde can verdi&lt;\/p&gt; \" data-medium-file=\"https:\/\/i0.wp.com\/www.tvturk.com\/wp-content\/uploads\/2019\/02\/yanginda-baba-ogul-feci-sekilde-can-verdi_e4a3297.jpg?fit=300%2C200\" data-large-file=\"https:\/\/i0.wp.com\/www.tvturk.com\/wp-content\/uploads\/2019\/02\/yanginda-baba-ogul-feci-sekilde-can-verdi_e4a3297.jpg?fit=1000%2C666\" src=\"https:\/\/i0.wp.com\/www.tvturk.com\/wp-content\/uploads\/2019\/02\/yanginda-baba-ogul-feci-sekilde-can-verdi_e4a3297.jpg?w=368&#038;h=245\" srcset=\"https:\/\/i0.wp.com\/www.tvturk.com\/wp-content\/uploads\/2019\/02\/yanginda-baba-ogul-feci-sekilde-can-verdi_e4a3297.jpg?w=1000 1000w, https:\/\/i0.wp.com\/www.tvturk.com\/wp-content\/uploads\/2019\/02\/yanginda-baba-ogul-feci-sekilde-can-verdi_e4a3297.jpg?resize=150%2C100 150w, https:\/\/i0.wp.com\/www.tvturk.com\/wp-content\/uploads\/2019\/02\/yanginda-baba-ogul-feci-sekilde-can-verdi_e4a3297.jpg?resize=300%2C200 300w, https:\/\/i0.wp.com\/www.tvturk.com\/wp-content\/uploads\/2019\/02\/yanginda-baba-ogul-feci-sekilde-can-verdi_e4a3297.jpg?resize=768%2C511 768w, https:\/\/i0.wp.com\/www.tvturk.com\/wp-content\/uploads\/2019\/02\/yanginda-baba-ogul-feci-sekilde-can-verdi_e4a3297.jpg?resize=170%2C113 170w, https:\/\/i0.wp.com\/www.tvturk.com\/wp-content\/uploads\/2019\/02\/yanginda-baba-ogul-feci-sekilde-can-verdi_e4a3297.jpg?resize=120%2C80 120w\" width=\"368\" height=\"245\" loading=\"lazy\" data-original-width=\"368\" data-original-height=\"245\" itemprop=\"http:\/\/schema.org\/image\" title=\"Yang\u0131nda baba o\u011ful feci \u015fekilde can verdi\" alt=\"Yang\u0131nda baba o\u011ful feci \u015fekilde can verdi\" style=\"width: 368px; height: 245px;\" \/> <\/a> <\/div> <\/div> <!-- close group --> <div class=\"gallery-group images-2\" style=\"width: 128px; height: 249px;\" data-original-width=\"128\" data-original-height=\"249\" > <div class=\"tiled-gallery-item tiled-gallery-item-small\" itemprop=\"associatedMedia\" itemscope itemtype=\"http:\/\/schema.org\/ImageObject\"> <a href=\"http:\/\/www.tvturk.com\/index.php\/yanginda-baba-ogul-feci-sekilde-can-verdi\/yanginda-baba-ogul-feci-sekilde-can-verdi-4\/\" border=\"0\" itemprop=\"url\"> <meta itemprop=\"width\" content=\"124\"> <meta itemprop=\"height\" content=\"118\"> <img decoding=\"async\" class=\"\" data-attachment-id=\"18028\" data-orig-file=\"http:\/\/www.tvturk.com\/wp-content\/uploads\/2019\/02\/yanginda-baba-ogul-feci-sekilde-can-verdi_332245e.jpg\" data-orig-size=\"475,455\" data-comments-opened=\"\" data-image-meta=\"{&quot;aperture&quot;:&quot;0&quot;,&quot;credit&quot;:&quot;IHA&quot;,&quot;camera&quot;:&quot;&quot;,&quot;caption&quot;:&quot;ESK\\u0130\\u015eEH\\u0130R\\u0027DE B\\u0130R EVDE \\u00c7IKAN YANGINDA YA\\u015eAR \\u00c7AYLAK, HAYATINI KAYBETT\\u0130. (\\u00c7A\\u011eATAY G\\u00dcR\\\/ESK\\u0130\\u015eEH\\u0130R-\\u0130HA)&quot;,&quot;created_timestamp&quot;:&quot;1549798924&quot;,&quot;copyright&quot;:&quot;\\u0130HLAS HABER AJANSI, www.iha.com.tr&quot;,&quot;focal_length&quot;:&quot;0&quot;,&quot;iso&quot;:&quot;0&quot;,&quot;shutter_speed&quot;:&quot;0&quot;,&quot;title&quot;:&quot;YANGINDA BABA O\\u011eUL FEC\\u0130 \\u015eEK\\u0130LDE CAN VERD\\u0130 ESK\\u0130\\u015eEH\\u0130R\\u0027DE EV YANGINI: 2 \\u00d6L\\u00dc, 1 YARALI&quot;,&quot;orientation&quot;:&quot;1&quot;}\" data-image-title=\"Yang\u0131nda baba o\u011ful feci \u015fekilde can verdi\" data-image-description=\"&lt;p&gt;Yang\u0131nda baba o\u011ful feci \u015fekilde can verdi&lt;\/p&gt; \" data-medium-file=\"https:\/\/i0.wp.com\/www.tvturk.com\/wp-content\/uploads\/2019\/02\/yanginda-baba-ogul-feci-sekilde-can-verdi_332245e.jpg?fit=300%2C287\" data-large-file=\"https:\/\/i0.wp.com\/www.tvturk.com\/wp-content\/uploads\/2019\/02\/yanginda-baba-ogul-feci-sekilde-can-verdi_332245e.jpg?fit=475%2C455\" src=\"https:\/\/i0.wp.com\/www.tvturk.com\/wp-content\/uploads\/2019\/02\/yanginda-baba-ogul-feci-sekilde-can-verdi_332245e.jpg?w=124&#038;h=118\" srcset=\"https:\/\/i0.wp.com\/www.tvturk.com\/wp-content\/uploads\/2019\/02\/yanginda-baba-ogul-feci-sekilde-can-verdi_332245e.jpg?w=475 475w, https:\/\/i0.wp.com\/www.tvturk.com\/wp-content\/uploads\/2019\/02\/yanginda-baba-ogul-feci-sekilde-can-verdi_332245e.jpg?resize=150%2C144 150w, https:\/\/i0.wp.com\/www.tvturk.com\/wp-content\/uploads\/2019\/02\/yanginda-baba-ogul-feci-sekilde-can-verdi_332245e.jpg?resize=300%2C287 300w\" width=\"124\" height=\"118\" loading=\"lazy\" data-original-width=\"124\" data-original-height=\"118\" itemprop=\"http:\/\/schema.org\/image\" title=\"Yang\u0131nda baba o\u011ful feci \u015fekilde can verdi\" alt=\"Yang\u0131nda baba o\u011ful feci \u015fekilde can verdi\" style=\"width: 124px; height: 118px;\" \/> <\/a> <\/div> <div class=\"tiled-gallery-item tiled-gallery-item-small\" itemprop=\"associatedMedia\" itemscope itemtype=\"http:\/\/schema.org\/ImageObject\"> <a href=\"http:\/\/www.tvturk.com\/index.php\/yanginda-baba-ogul-feci-sekilde-can-verdi\/yanginda-baba-ogul-feci-sekilde-can-verdi-5\/\" border=\"0\" itemprop=\"url\"> <meta itemprop=\"width\" content=\"124\"> <meta itemprop=\"height\" content=\"123\"> <img decoding=\"async\" class=\"\" data-attachment-id=\"18029\" data-orig-file=\"http:\/\/www.tvturk.com\/wp-content\/uploads\/2019\/02\/yanginda-baba-ogul-feci-sekilde-can-verdi_2e9a68c.jpg\" data-orig-size=\"637,635\" data-comments-opened=\"\" data-image-meta=\"{&quot;aperture&quot;:&quot;0&quot;,&quot;credit&quot;:&quot;IHA&quot;,&quot;camera&quot;:&quot;&quot;,&quot;caption&quot;:&quot;ESK\\u0130\\u015eEH\\u0130R\\u0027DE B\\u0130R EVDE \\u00c7IKAN YANGINDA U\\u011eUR \\u00c7AYLAK, HAYATINI KAYBETT\\u0130. (\\u00c7A\\u011eATAY G\\u00dcR\\\/ESK\\u0130\\u015eEH\\u0130R-\\u0130HA)&quot;,&quot;created_timestamp&quot;:&quot;1549798931&quot;,&quot;copyright&quot;:&quot;\\u0130HLAS HABER AJANSI, www.iha.com.tr&quot;,&quot;focal_length&quot;:&quot;0&quot;,&quot;iso&quot;:&quot;0&quot;,&quot;shutter_speed&quot;:&quot;0&quot;,&quot;title&quot;:&quot;YANGINDA BABA O\\u011eUL FEC\\u0130 \\u015eEK\\u0130LDE CAN VERD\\u0130 ESK\\u0130\\u015eEH\\u0130R\\u0027DE EV YANGINI: 2 \\u00d6L\\u00dc, 1 YARALI&quot;,&quot;orientation&quot;:&quot;1&quot;}\" data-image-title=\"Yang\u0131nda baba o\u011ful feci \u015fekilde can verdi\" data-image-description=\"&lt;p&gt;Yang\u0131nda baba o\u011ful feci \u015fekilde can verdi&lt;\/p&gt; \" data-medium-file=\"https:\/\/i0.wp.com\/www.tvturk.com\/wp-content\/uploads\/2019\/02\/yanginda-baba-ogul-feci-sekilde-can-verdi_2e9a68c.jpg?fit=300%2C300\" data-large-file=\"https:\/\/i0.wp.com\/www.tvturk.com\/wp-content\/uploads\/2019\/02\/yanginda-baba-ogul-feci-sekilde-can-verdi_2e9a68c.jpg?fit=637%2C635\" src=\"https:\/\/i0.wp.com\/www.tvturk.com\/wp-content\/uploads\/2019\/02\/yanginda-baba-ogul-feci-sekilde-can-verdi_2e9a68c.jpg?w=124&#038;h=123\" srcset=\"https:\/\/i0.wp.com\/www.tvturk.com\/wp-content\/uploads\/2019\/02\/yanginda-baba-ogul-feci-sekilde-can-verdi_2e9a68c.jpg?w=637 637w, https:\/\/i0.wp.com\/www.tvturk.com\/wp-content\/uploads\/2019\/02\/yanginda-baba-ogul-feci-sekilde-can-verdi_2e9a68c.jpg?resize=150%2C150 150w, https:\/\/i0.wp.com\/www.tvturk.com\/wp-content\/uploads\/2019\/02\/yanginda-baba-ogul-feci-sekilde-can-verdi_2e9a68c.jpg?resize=300%2C300 300w\" width=\"124\" height=\"123\" loading=\"lazy\" data-original-width=\"124\" data-original-height=\"123\" itemprop=\"http:\/\/schema.org\/image\" title=\"Yang\u0131nda baba o\u011ful feci \u015fekilde can verdi\" alt=\"Yang\u0131nda baba o\u011ful feci \u015fekilde can verdi\" style=\"width: 124px; height: 123px;\" \/> <\/a> <\/div> <\/div> <!-- close group --> <\/div> <!-- close row --> <div class=\"gallery-row\" style=\"width: 500px; height: 231px;\" data-original-width=\"500\" data-original-height=\"231\" > <div class=\"gallery-group images-1\" style=\"width: 345px; height: 231px;\" data-original-width=\"345\" data-original-height=\"231\" > <div class=\"tiled-gallery-item tiled-gallery-item-large\" itemprop=\"associatedMedia\" itemscope itemtype=\"http:\/\/schema.org\/ImageObject\"> <a href=\"http:\/\/www.tvturk.com\/index.php\/yanginda-baba-ogul-feci-sekilde-can-verdi\/yanginda-baba-ogul-feci-sekilde-can-verdi-6\/\" border=\"0\" itemprop=\"url\"> <meta itemprop=\"width\" content=\"341\"> <meta itemprop=\"height\" content=\"227\"> <img decoding=\"async\" class=\"\" data-attachment-id=\"18030\" data-orig-file=\"http:\/\/www.tvturk.com\/wp-content\/uploads\/2019\/02\/yanginda-baba-ogul-feci-sekilde-can-verdi_1309746.jpg\" data-orig-size=\"1000,666\" data-comments-opened=\"\" data-image-meta=\"{&quot;aperture&quot;:&quot;0&quot;,&quot;credit&quot;:&quot;IHA&quot;,&quot;camera&quot;:&quot;&quot;,&quot;caption&quot;:&quot;ESK\\u0130\\u015eEH\\u0130R\\u0027DE SABAH SAATLER\\u0130NDE B\\u0130R EVDE \\u00c7IKAN YANGINDA, BABA \\u0130LE O\\u011eUL HAYATINI KAYBETT\\u0130. (\\u00c7A\\u011eATAY G\\u00dcR\\\/ESK\\u0130\\u015eEH\\u0130R-\\u0130HA)&quot;,&quot;created_timestamp&quot;:&quot;0&quot;,&quot;copyright&quot;:&quot;\\u0130HLAS HABER AJANSI, www.iha.com.tr&quot;,&quot;focal_length&quot;:&quot;0&quot;,&quot;iso&quot;:&quot;0&quot;,&quot;shutter_speed&quot;:&quot;0&quot;,&quot;title&quot;:&quot;YANGINDA BABA O\\u011eUL FEC\\u0130 \\u015eEK\\u0130LDE CAN VERD\\u0130 ESK\\u0130\\u015eEH\\u0130R\\u0027DE EV YANGINI: 2 \\u00d6L\\u00dc, 1 YARALI&quot;,&quot;orientation&quot;:&quot;0&quot;}\" data-image-title=\"Yang\u0131nda baba o\u011ful feci \u015fekilde can verdi\" data-image-description=\"&lt;p&gt;Yang\u0131nda baba o\u011ful feci \u015fekilde can verdi&lt;\/p&gt; \" data-medium-file=\"https:\/\/i0.wp.com\/www.tvturk.com\/wp-content\/uploads\/2019\/02\/yanginda-baba-ogul-feci-sekilde-can-verdi_1309746.jpg?fit=300%2C200\" data-large-file=\"https:\/\/i0.wp.com\/www.tvturk.com\/wp-content\/uploads\/2019\/02\/yanginda-baba-ogul-feci-sekilde-can-verdi_1309746.jpg?fit=1000%2C666\" src=\"https:\/\/i0.wp.com\/www.tvturk.com\/wp-content\/uploads\/2019\/02\/yanginda-baba-ogul-feci-sekilde-can-verdi_1309746.jpg?w=341&#038;h=227\" srcset=\"https:\/\/i0.wp.com\/www.tvturk.com\/wp-content\/uploads\/2019\/02\/yanginda-baba-ogul-feci-sekilde-can-verdi_1309746.jpg?w=1000 1000w, https:\/\/i0.wp.com\/www.tvturk.com\/wp-content\/uploads\/2019\/02\/yanginda-baba-ogul-feci-sekilde-can-verdi_1309746.jpg?resize=150%2C100 150w, https:\/\/i0.wp.com\/www.tvturk.com\/wp-content\/uploads\/2019\/02\/yanginda-baba-ogul-feci-sekilde-can-verdi_1309746.jpg?resize=300%2C200 300w, https:\/\/i0.wp.com\/www.tvturk.com\/wp-content\/uploads\/2019\/02\/yanginda-baba-ogul-feci-sekilde-can-verdi_1309746.jpg?resize=768%2C511 768w, https:\/\/i0.wp.com\/www.tvturk.com\/wp-content\/uploads\/2019\/02\/yanginda-baba-ogul-feci-sekilde-can-verdi_1309746.jpg?resize=170%2C113 170w, https:\/\/i0.wp.com\/www.tvturk.com\/wp-content\/uploads\/2019\/02\/yanginda-baba-ogul-feci-sekilde-can-verdi_1309746.jpg?resize=120%2C80 120w\" width=\"341\" height=\"227\" loading=\"lazy\" data-original-width=\"341\" data-original-height=\"227\" itemprop=\"http:\/\/schema.org\/image\" title=\"Yang\u0131nda baba o\u011ful feci \u015fekilde can verdi\" alt=\"Yang\u0131nda baba o\u011ful feci \u015fekilde can verdi\" style=\"width: 341px; height: 227px;\" \/> <\/a> <\/div> <\/div> <!-- close group --> <div class=\"gallery-group images-1\" style=\"width: 155px; height: 231px;\" data-original-width=\"155\" data-original-height=\"231\" > <div class=\"tiled-gallery-item tiled-gallery-item-small\" itemprop=\"associatedMedia\" itemscope itemtype=\"http:\/\/schema.org\/ImageObject\"> <a href=\"http:\/\/www.tvturk.com\/index.php\/yanginda-baba-ogul-feci-sekilde-can-verdi\/yanginda-baba-ogul-feci-sekilde-can-verdi-7\/\" border=\"0\" itemprop=\"url\"> <meta itemprop=\"width\" content=\"151\"> <meta itemprop=\"height\" content=\"227\"> <img decoding=\"async\" class=\"\" data-attachment-id=\"18031\" data-orig-file=\"http:\/\/www.tvturk.com\/wp-content\/uploads\/2019\/02\/yanginda-baba-ogul-feci-sekilde-can-verdi_09073ed.jpg\" data-orig-size=\"666,1000\" data-comments-opened=\"\" data-image-meta=\"{&quot;aperture&quot;:&quot;0&quot;,&quot;credit&quot;:&quot;IHA&quot;,&quot;camera&quot;:&quot;&quot;,&quot;caption&quot;:&quot;ESK\\u0130\\u015eEH\\u0130R\\u0027DE SABAH SAATLER\\u0130NDE B\\u0130R EVDE \\u00c7IKAN YANGINDA, BABA \\u0130LE O\\u011eUL HAYATINI KAYBETT\\u0130. (\\u00c7A\\u011eATAY G\\u00dcR\\\/ESK\\u0130\\u015eEH\\u0130R-\\u0130HA)&quot;,&quot;created_timestamp&quot;:&quot;0&quot;,&quot;copyright&quot;:&quot;\\u0130HLAS HABER AJANSI, www.iha.com.tr&quot;,&quot;focal_length&quot;:&quot;0&quot;,&quot;iso&quot;:&quot;0&quot;,&quot;shutter_speed&quot;:&quot;0&quot;,&quot;title&quot;:&quot;YANGINDA BABA O\\u011eUL FEC\\u0130 \\u015eEK\\u0130LDE CAN VERD\\u0130 ESK\\u0130\\u015eEH\\u0130R\\u0027DE EV YANGINI: 2 \\u00d6L\\u00dc, 1 YARALI&quot;,&quot;orientation&quot;:&quot;0&quot;}\" data-image-title=\"Yang\u0131nda baba o\u011ful feci \u015fekilde can verdi\" data-image-description=\"&lt;p&gt;Yang\u0131nda baba o\u011ful feci \u015fekilde can verdi&lt;\/p&gt; \" data-medium-file=\"https:\/\/i0.wp.com\/www.tvturk.com\/wp-content\/uploads\/2019\/02\/yanginda-baba-ogul-feci-sekilde-can-verdi_09073ed.jpg?fit=200%2C300\" data-large-file=\"https:\/\/i0.wp.com\/www.tvturk.com\/wp-content\/uploads\/2019\/02\/yanginda-baba-ogul-feci-sekilde-can-verdi_09073ed.jpg?fit=666%2C1000\" src=\"https:\/\/i0.wp.com\/www.tvturk.com\/wp-content\/uploads\/2019\/02\/yanginda-baba-ogul-feci-sekilde-can-verdi_09073ed.jpg?w=151&#038;h=227\" srcset=\"https:\/\/i0.wp.com\/www.tvturk.com\/wp-content\/uploads\/2019\/02\/yanginda-baba-ogul-feci-sekilde-can-verdi_09073ed.jpg?w=666 666w, https:\/\/i0.wp.com\/www.tvturk.com\/wp-content\/uploads\/2019\/02\/yanginda-baba-ogul-feci-sekilde-can-verdi_09073ed.jpg?resize=100%2C150 100w, https:\/\/i0.wp.com\/www.tvturk.com\/wp-content\/uploads\/2019\/02\/yanginda-baba-ogul-feci-sekilde-can-verdi_09073ed.jpg?resize=200%2C300 200w\" width=\"151\" height=\"227\" loading=\"lazy\" data-original-width=\"151\" data-original-height=\"227\" itemprop=\"http:\/\/schema.org\/image\" title=\"Yang\u0131nda baba o\u011ful feci \u015fekilde can verdi\" alt=\"Yang\u0131nda baba o\u011ful feci \u015fekilde can verdi\" style=\"width: 151px; height: 227px;\" \/> <\/a> <\/div> <\/div> <!-- close group --> <\/div> <!-- close row --> <div class=\"gallery-row\" style=\"width: 500px; height: 749px;\" data-original-width=\"500\" data-original-height=\"749\" > <div class=\"gallery-group images-1\" style=\"width: 500px; height: 749px;\" data-original-width=\"500\" data-original-height=\"749\" > <div class=\"tiled-gallery-item tiled-gallery-item-large\" itemprop=\"associatedMedia\" itemscope itemtype=\"http:\/\/schema.org\/ImageObject\"> <a href=\"http:\/\/www.tvturk.com\/index.php\/yanginda-baba-ogul-feci-sekilde-can-verdi\/yanginda-baba-ogul-feci-sekilde-can-verdi-8\/\" border=\"0\" itemprop=\"url\"> <meta itemprop=\"width\" content=\"496\"> <meta itemprop=\"height\" content=\"745\"> <img decoding=\"async\" class=\"\" data-attachment-id=\"18032\" data-orig-file=\"http:\/\/www.tvturk.com\/wp-content\/uploads\/2019\/02\/yanginda-baba-ogul-feci-sekilde-can-verdi_184ad8f.jpg\" data-orig-size=\"666,1000\" data-comments-opened=\"\" data-image-meta=\"{&quot;aperture&quot;:&quot;0&quot;,&quot;credit&quot;:&quot;IHA&quot;,&quot;camera&quot;:&quot;&quot;,&quot;caption&quot;:&quot;ESK\\u0130\\u015eEH\\u0130R\\u0027DE SABAH SAATLER\\u0130NDE B\\u0130R EVDE \\u00c7IKAN YANGINDA, BABA \\u0130LE O\\u011eUL HAYATINI KAYBETT\\u0130. (\\u00c7A\\u011eATAY G\\u00dcR\\\/ESK\\u0130\\u015eEH\\u0130R-\\u0130HA)&quot;,&quot;created_timestamp&quot;:&quot;0&quot;,&quot;copyright&quot;:&quot;\\u0130HLAS HABER AJANSI, www.iha.com.tr&quot;,&quot;focal_length&quot;:&quot;0&quot;,&quot;iso&quot;:&quot;0&quot;,&quot;shutter_speed&quot;:&quot;0&quot;,&quot;title&quot;:&quot;YANGINDA BABA O\\u011eUL FEC\\u0130 \\u015eEK\\u0130LDE CAN VERD\\u0130 ESK\\u0130\\u015eEH\\u0130R\\u0027DE EV YANGINI: 2 \\u00d6L\\u00dc, 1 YARALI&quot;,&quot;orientation&quot;:&quot;0&quot;}\" data-image-title=\"Yang\u0131nda baba o\u011ful feci \u015fekilde can verdi\" data-image-description=\"&lt;p&gt;Yang\u0131nda baba o\u011ful feci \u015fekilde can verdi&lt;\/p&gt; \" data-medium-file=\"https:\/\/i0.wp.com\/www.tvturk.com\/wp-content\/uploads\/2019\/02\/yanginda-baba-ogul-feci-sekilde-can-verdi_184ad8f.jpg?fit=200%2C300\" data-large-file=\"https:\/\/i0.wp.com\/www.tvturk.com\/wp-content\/uploads\/2019\/02\/yanginda-baba-ogul-feci-sekilde-can-verdi_184ad8f.jpg?fit=666%2C1000\" src=\"https:\/\/i0.wp.com\/www.tvturk.com\/wp-content\/uploads\/2019\/02\/yanginda-baba-ogul-feci-sekilde-can-verdi_184ad8f.jpg?w=496&#038;h=745\" srcset=\"https:\/\/i0.wp.com\/www.tvturk.com\/wp-content\/uploads\/2019\/02\/yanginda-baba-ogul-feci-sekilde-can-verdi_184ad8f.jpg?w=666 666w, https:\/\/i0.wp.com\/www.tvturk.com\/wp-content\/uploads\/2019\/02\/yanginda-baba-ogul-feci-sekilde-can-verdi_184ad8f.jpg?resize=100%2C150 100w, https:\/\/i0.wp.com\/www.tvturk.com\/wp-content\/uploads\/2019\/02\/yanginda-baba-ogul-feci-sekilde-can-verdi_184ad8f.jpg?resize=200%2C300 200w\" width=\"496\" height=\"745\" loading=\"lazy\" data-original-width=\"496\" data-original-height=\"745\" itemprop=\"http:\/\/schema.org\/image\" title=\"Yang\u0131nda baba o\u011ful feci \u015fekilde can verdi\" alt=\"Yang\u0131nda baba o\u011ful feci \u015fekilde can verdi\" style=\"width: 496px; height: 745px;\" \/> <\/a> <\/div> <\/div> <!-- close group --> <\/div> <!-- close row --> <\/div><\/p>\n","protected":false},"excerpt":{"rendered":"<p>ESK\u0130\u015eEH\u0130R&#8217;DE SABAH SAATLER\u0130NDE B\u0130R EVDE \u00c7IKAN YANGINDA, BABA \u0130LE O\u011eUL HAYATINI KAYBETT\u0130.<\/p>\n","protected":false},"author":1,"featured_media":18026,"comment_status":"closed","ping_status":"open","sticky":false,"template":"","format":"standard","meta":{"jetpack_post_was_ever_published":false,"_jetpack_newsletter_access":"","_jetpack_dont_email_post_to_subs":false,"_jetpack_newsletter_tier_id":0,"_jetpack_memberships_contains_paywalled_content":false,"_jetpack_memberships_contains_paid_content":false,"footnotes":"","jetpack_publicize_message":"","jetpack_publicize_feature_enabled":true,"jetpack_social_post_already_shared":false,"jetpack_social_options":{"image_generator_settings":{"template":"highway","default_image_id":0,"font":"","enabled":false},"version":2}},"categories":[655],"tags":[1360,930,2340,1361,7428,386,6825],"class_list":["post-18025","post","type-post","status-publish","format-standard","has-post-thumbnail","hentry","category-son-dakika","tag-baba","tag-can","tag-feci","tag-ogul","tag-sekilde","tag-verdi","tag-yanginda"],"jetpack_publicize_connections":[],"jetpack_featured_media_url":"https:\/\/i0.wp.com\/www.tvturk.com\/wp-content\/uploads\/2019\/02\/yanginda-baba-ogul-feci-sekilde-can-verdi_e4c1d7c.jpg?fit=1000%2C666","jetpack_sharing_enabled":true,"jetpack_shortlink":"https:\/\/wp.me\/paKIfm-4GJ","_links":{"self":[{"href":"http:\/\/www.tvturk.com\/index.php\/wp-json\/wp\/v2\/posts\/18025","targetHints":{"allow":["GET"]}}],"collection":[{"href":"http:\/\/www.tvturk.com\/index.php\/wp-json\/wp\/v2\/posts"}],"about":[{"href":"http:\/\/www.tvturk.com\/index.php\/wp-json\/wp\/v2\/types\/post"}],"author":[{"embeddable":true,"href":"http:\/\/www.tvturk.com\/index.php\/wp-json\/wp\/v2\/users\/1"}],"replies":[{"embeddable":true,"href":"http:\/\/www.tvturk.com\/index.php\/wp-json\/wp\/v2\/comments?post=18025"}],"version-history":[{"count":1,"href":"http:\/\/www.tvturk.com\/index.php\/wp-json\/wp\/v2\/posts\/18025\/revisions"}],"predecessor-version":[{"id":18033,"href":"http:\/\/www.tvturk.com\/index.php\/wp-json\/wp\/v2\/posts\/18025\/revisions\/18033"}],"wp:featuredmedia":[{"embeddable":true,"href":"http:\/\/www.tvturk.com\/index.php\/wp-json\/wp\/v2\/media\/18026"}],"wp:attachment":[{"href":"http:\/\/www.tvturk.com\/index.php\/wp-json\/wp\/v2\/media?parent=18025"}],"wp:term":[{"taxonomy":"category","embeddable":true,"href":"http:\/\/www.tvturk.com\/index.php\/wp-json\/wp\/v2\/categories?post=18025"},{"taxonomy":"post_tag","embeddable":true,"href":"http:\/\/www.tvturk.com\/index.php\/wp-json\/wp\/v2\/tags?post=18025"}],"curies":[{"name":"wp","href":"https:\/\/api.w.org\/{rel}","templated":true}]}}