{"id":180298,"date":"2019-07-10T13:32:31","date_gmt":"2019-07-10T10:32:31","guid":{"rendered":"http:\/\/www.tvturk.com\/index.php\/yeni-malatyasporda-yigithan-guveliden-sevindiren-gelisme\/"},"modified":"2019-07-10T13:32:31","modified_gmt":"2019-07-10T10:32:31","slug":"yeni-malatyasporda-yigithan-guveliden-sevindiren-gelisme","status":"publish","type":"post","link":"http:\/\/www.tvturk.com\/index.php\/yeni-malatyasporda-yigithan-guveliden-sevindiren-gelisme\/","title":{"rendered":"Yeni Malatyaspor\u2019da Yi\u011fithan G\u00fcveli\u2019den sevindiren geli\u015fme"},"content":{"rendered":"<p>Evkur Yeni Malatyaspor\u2019da haz\u0131rl\u0131k ma\u00e7\u0131nda sakatlanarak oyundan \u00e7\u0131kan savunma oyuncusu Yi\u011fithan G\u00fcveli\u2019nin ciddi bir sorununun olmad\u0131\u011f\u0131 bildirildi.<\/p>\n<p>Ge\u00e7en sezon devre aras\u0131nda Fenerbah\u00e7e\u2019den transfer edilen ancak sakatl\u0131\u011f\u0131ndan dolay\u0131 hi\u00e7bir resmi m\u00fcsabakada forma giyemeyen Yi\u011fithan G\u00fcveli\u2019nin haz\u0131rl\u0131k ma\u00e7\u0131nda yeni bir sakatl\u0131k ya\u015famas\u0131 y\u00fcrekleri a\u011fza getirdi.<\/p>\n<p>Gen\u00e7 futbolcu, Bolu kamp\u0131nda oynanan haz\u0131rl\u0131k ma\u00e7\u0131nda bir pozisyonda ac\u0131yla kendini yere b\u0131rakarak, oyundan al\u0131nmas\u0131 i\u015faretini yapt\u0131. \u0130lk kontrolleri saha kenar\u0131nda yap\u0131lan Yi\u011fithan\u2019\u0131n esnemeye ba\u011fl\u0131 k\u00fc\u00e7\u00fck bir sakatl\u0131k ge\u00e7irdi\u011fi ve ciddi bir durumun tespit edilmedi\u011fi ifade edildi.<\/p>\n<p>Kul\u00fcp sa\u011fl\u0131k heyeti taraf\u0131ndan buz tedavisine al\u0131nan ba\u015far\u0131l\u0131 futbolcunun tedbir olarak yar\u0131n MR\u2019\u0131n\u0131n \u00e7ektirilece\u011fi \u00f6\u011frenildi.<\/p>\n<p>Yi\u011fithan\u2019\u0131n yar\u0131n Rapid B\u00fckre\u015f ile oynanacak haz\u0131rl\u0131k ma\u00e7\u0131nda kadroya al\u0131nmayaca\u011f\u0131 belirtildi.<\/p>\n","protected":false},"excerpt":{"rendered":"<p>EVKUR YEN\u0130 MALATYASPOR\u2019DA HAZIRLIK MA\u00c7INDA SAKATLANARAK OYUNDAN \u00c7IKAN SAVUNMA OYUNCUSU Y\u0130\u011e\u0130THAN G\u00dcVEL\u0130\u2019N\u0130N SAKATLI\u011eININ C\u0130DD\u0130 OLMADI\u011eI B\u0130LD\u0130R\u0130LD\u0130.<\/p>\n","protected":false},"author":1,"featured_media":180299,"comment_status":"closed","ping_status":"open","sticky":false,"template":"","format":"standard","meta":{"jetpack_post_was_ever_published":false,"_jetpack_newsletter_access":"","_jetpack_dont_email_post_to_subs":false,"_jetpack_newsletter_tier_id":0,"_jetpack_memberships_contains_paywalled_content":false,"_jetpack_memberships_contains_paid_content":false,"footnotes":"","jetpack_publicize_message":"","jetpack_publicize_feature_enabled":true,"jetpack_social_post_already_shared":true,"jetpack_social_options":{"image_generator_settings":{"template":"highway","default_image_id":0,"font":"","enabled":false},"version":2}},"categories":[657],"tags":[5085,44367,3855,9228,87,44366],"class_list":["post-180298","post","type-post","status-publish","format-standard","has-post-thumbnail","hentry","category-spor","tag-gelisme","tag-guveliden","tag-malatyasporda","tag-sevindiren","tag-yeni","tag-yigithan"],"jetpack_publicize_connections":[],"jetpack_featured_media_url":"https:\/\/i0.wp.com\/www.tvturk.com\/wp-content\/uploads\/2019\/07\/yeni-malatyasporda-yigithan-guveliden-sevindiren-gelisme_7fa078c.jpg?fit=942%2C808","jetpack_sharing_enabled":true,"jetpack_shortlink":"https:\/\/wp.me\/paKIfm-KU2","_links":{"self":[{"href":"http:\/\/www.tvturk.com\/index.php\/wp-json\/wp\/v2\/posts\/180298","targetHints":{"allow":["GET"]}}],"collection":[{"href":"http:\/\/www.tvturk.com\/index.php\/wp-json\/wp\/v2\/posts"}],"about":[{"href":"http:\/\/www.tvturk.com\/index.php\/wp-json\/wp\/v2\/types\/post"}],"author":[{"embeddable":true,"href":"http:\/\/www.tvturk.com\/index.php\/wp-json\/wp\/v2\/users\/1"}],"replies":[{"embeddable":true,"href":"http:\/\/www.tvturk.com\/index.php\/wp-json\/wp\/v2\/comments?post=180298"}],"version-history":[{"count":0,"href":"http:\/\/www.tvturk.com\/index.php\/wp-json\/wp\/v2\/posts\/180298\/revisions"}],"wp:featuredmedia":[{"embeddable":true,"href":"http:\/\/www.tvturk.com\/index.php\/wp-json\/wp\/v2\/media\/180299"}],"wp:attachment":[{"href":"http:\/\/www.tvturk.com\/index.php\/wp-json\/wp\/v2\/media?parent=180298"}],"wp:term":[{"taxonomy":"category","embeddable":true,"href":"http:\/\/www.tvturk.com\/index.php\/wp-json\/wp\/v2\/categories?post=180298"},{"taxonomy":"post_tag","embeddable":true,"href":"http:\/\/www.tvturk.com\/index.php\/wp-json\/wp\/v2\/tags?post=180298"}],"curies":[{"name":"wp","href":"https:\/\/api.w.org\/{rel}","templated":true}]}}