{"id":180320,"date":"2019-07-10T14:01:28","date_gmt":"2019-07-10T11:01:28","guid":{"rendered":"http:\/\/www.tvturk.com\/index.php\/meksika-maliye-bakani-istifa-etti\/"},"modified":"2019-07-10T14:01:28","modified_gmt":"2019-07-10T11:01:28","slug":"meksika-maliye-bakani-istifa-etti","status":"publish","type":"post","link":"http:\/\/www.tvturk.com\/index.php\/meksika-maliye-bakani-istifa-etti\/","title":{"rendered":"Meksika Maliye Bakan\u0131 istifa etti"},"content":{"rendered":"<p>Meksika Maliye Bakan\u0131 Carlos Manuel Urza Macas, \u00fclkenin solcu Devlet Ba\u015fkan\u0131 Andr\u00e9s Manuel Lpez Obrador ile farkl\u0131l\u0131klar\u0131 nedeniyle istifa etti.<\/p>\n<p>Meksika Maliye Bakan\u0131 Carlos Manuel Urza Macas, d\u00fcn sosyal medya hesab\u0131 \u00fczerinden payla\u015ft\u0131\u011f\u0131 bir mektupla g\u00f6revinden istifa etti\u011fini duyurdu. Mektupta, ekonomi politikalar\u0131n\u0131n kan\u0131ta dayal\u0131 ve a\u015f\u0131r\u0131l\u0131ktan uzak olmas\u0131 gerekti\u011fini s\u00f6yledi.<\/p>\n<p>Eski bakan\u0131n d\u00fcn yazd\u0131\u011f\u0131 mektupta \u201cEkonomik konularda \u00e7ok fazla uyu\u015fmazl\u0131k vard\u0131\u201d  diyerek devlet ba\u015fkan\u0131n\u0131 i\u015faret etti. Mektubuna \u201cEkonomi politikalar\u0131n\u0131n, meydana gelebilecek farkl\u0131 etkiler de g\u00f6z \u00f6n\u00fcne al\u0131narak ve kan\u0131ta dayal\u0131 olarak ele al\u0131nmas\u0131 ve sa\u011f veya sol fark etmeksizin t\u00fcm g\u00f6r\u00fc\u015flere ait a\u015f\u0131r\u0131l\u0131ktan uzak tutulmas\u0131 gerekti\u011fine inan\u0131yorum\u201d diyerek devam eden eski bakan, kamu maliyesinin bilgisi olmadan vergilendirme yap\u0131lmas\u0131n\u0131n \u201ckabul edilemez\u201d oldu\u011funu duyurdu.<\/p>\n<p>Devlet Ba\u015fkan\u0131 Obrador g\u00f6reve gelirken \u00fclkede k\u00f6kl\u00fc de\u011fi\u015fimler yapaca\u011f\u0131, ekonomik b\u00fcy\u00fcmenin beraberinde yeni i\u015f imkanlar\u0131 sa\u011flayaca\u011f\u0131 ve sosyal kalk\u0131nma program\u0131 olu\u015fturaca\u011f\u0131 vaatleriyle g\u00f6reve gelmi\u015fti.<\/p>\n<p>\u201cBelirsizlik devam edecek\u201d<\/p>\n<p>Arturo Herrera Gutierrez, Latin Amerika\u2019n\u0131n en b\u00fcy\u00fck ikinci ekonomisinin yeni maliye bakan\u0131 olarak g\u00f6revi devrald\u0131. Yeni maliye bakan\u0131 olarak bas\u0131na verdi\u011fi ilk deme\u00e7te Gutierrez, piyasalarda bir durgunluk \u00f6ng\u00f6r\u00fclmedi\u011fini s\u00f6yledi.<\/p>\n<p>Yeni Maliye Bakan\u0131 Gurierrez bas\u0131n toplant\u0131s\u0131na devam etti\u011fi s\u0131rada, bir devlet yetkilisi yeni bakan\u0131n baz\u0131 yat\u0131r\u0131mc\u0131lar\u0131 yat\u0131\u015ft\u0131rabilecek teknik kapasiteye sahip oldu\u011funu onaylad\u0131. Uluslararas\u0131 kredi derecelendirme kurulu\u015fu Moody\u2019s ise, Meksika\u2019n\u0131n ekonomik durumu ile ilgili endi\u015felerin devam etti\u011fini duyurdu.<\/p>\n<p>Moody\u2019s Ba\u015fkan Yard\u0131mc\u0131s\u0131 Jaime Reusche yapt\u0131\u011f\u0131 bir a\u00e7\u0131klamada, \u201cDevam eden ekonomi politikas\u0131 g\u00f6z \u00f6n\u00fcne al\u0131nd\u0131\u011f\u0131nda yat\u0131r\u0131mc\u0131 belirsizli\u011finin s\u00fcrmesini bekliyoruz. Son olaylar, bu y\u0131l\u0131n ba\u015flar\u0131nda Meksika\u2019n\u0131n ulusal kredi derecelendirme notunu negatif vermemize sebep olan g\u00f6r\u00fcnt\u00fcn\u00fcn \u00e7izgisini devam ettiriyor\u201d dedi.<\/p>\n<p>Meksika ekonomisi 2019 y\u0131l\u0131n\u0131n ilk \u00e7eyre\u011finde, bir \u00f6nceki y\u0131la oranla y\u00fczde 0.2 oran\u0131nda de\u011fer kaybetti. Maliye bakan\u0131n\u0131n istifas\u0131n\u0131n ard\u0131ndan, Meksika Pezosu ve borsas\u0131 h\u0131zla de\u011fer kaybetmeye ba\u015flad\u0131.<\/p>\n","protected":false},"excerpt":{"rendered":"<p>MEKS\u0130KA MAL\u0130YE BAKANI CARLOS MANUEL URZA MACAS, \u00dcLKEN\u0130N SOLCU DEVLET BA\u015eKANI ANDR\u00c9S MANUEL LPEZ OBRADOR \u0130LE FARKLILIKLARI NEDEN\u0130YLE \u0130ST\u0130FA ETT\u0130.<\/p>\n","protected":false},"author":1,"featured_media":180321,"comment_status":"closed","ping_status":"open","sticky":false,"template":"","format":"standard","meta":{"jetpack_post_was_ever_published":false,"_jetpack_newsletter_access":"","_jetpack_dont_email_post_to_subs":false,"_jetpack_newsletter_tier_id":0,"_jetpack_memberships_contains_paywalled_content":false,"_jetpack_memberships_contains_paid_content":false,"footnotes":"","jetpack_publicize_message":"","jetpack_publicize_feature_enabled":true,"jetpack_social_post_already_shared":true,"jetpack_social_options":{"image_generator_settings":{"template":"highway","default_image_id":0,"font":"","enabled":false},"version":2}},"categories":[10],"tags":[933,207,31,13186,21613],"class_list":["post-180320","post","type-post","status-publish","format-standard","has-post-thumbnail","hentry","category-dunya","tag-bakani","tag-etti","tag-istifa","tag-maliye","tag-meksika"],"jetpack_publicize_connections":[],"jetpack_featured_media_url":"https:\/\/i0.wp.com\/www.tvturk.com\/wp-content\/uploads\/2019\/07\/meksika-maliye-bakani-istifa-etti_294be91.jpg?fit=1000%2C675","jetpack_sharing_enabled":true,"jetpack_shortlink":"https:\/\/wp.me\/paKIfm-KUo","_links":{"self":[{"href":"http:\/\/www.tvturk.com\/index.php\/wp-json\/wp\/v2\/posts\/180320","targetHints":{"allow":["GET"]}}],"collection":[{"href":"http:\/\/www.tvturk.com\/index.php\/wp-json\/wp\/v2\/posts"}],"about":[{"href":"http:\/\/www.tvturk.com\/index.php\/wp-json\/wp\/v2\/types\/post"}],"author":[{"embeddable":true,"href":"http:\/\/www.tvturk.com\/index.php\/wp-json\/wp\/v2\/users\/1"}],"replies":[{"embeddable":true,"href":"http:\/\/www.tvturk.com\/index.php\/wp-json\/wp\/v2\/comments?post=180320"}],"version-history":[{"count":0,"href":"http:\/\/www.tvturk.com\/index.php\/wp-json\/wp\/v2\/posts\/180320\/revisions"}],"wp:featuredmedia":[{"embeddable":true,"href":"http:\/\/www.tvturk.com\/index.php\/wp-json\/wp\/v2\/media\/180321"}],"wp:attachment":[{"href":"http:\/\/www.tvturk.com\/index.php\/wp-json\/wp\/v2\/media?parent=180320"}],"wp:term":[{"taxonomy":"category","embeddable":true,"href":"http:\/\/www.tvturk.com\/index.php\/wp-json\/wp\/v2\/categories?post=180320"},{"taxonomy":"post_tag","embeddable":true,"href":"http:\/\/www.tvturk.com\/index.php\/wp-json\/wp\/v2\/tags?post=180320"}],"curies":[{"name":"wp","href":"https:\/\/api.w.org\/{rel}","templated":true}]}}