{"id":180328,"date":"2019-07-10T14:01:58","date_gmt":"2019-07-10T11:01:58","guid":{"rendered":"http:\/\/www.tvturk.com\/index.php\/kafasi-parmakliklara-sikisan-cocugu-itfaiye-ekipleri-kurtardi\/"},"modified":"2019-07-10T14:01:58","modified_gmt":"2019-07-10T11:01:58","slug":"kafasi-parmakliklara-sikisan-cocugu-itfaiye-ekipleri-kurtardi","status":"publish","type":"post","link":"http:\/\/www.tvturk.com\/index.php\/kafasi-parmakliklara-sikisan-cocugu-itfaiye-ekipleri-kurtardi\/","title":{"rendered":"Kafas\u0131 parmakl\u0131klara s\u0131k\u0131\u015fan \u00e7ocu\u011fu itfaiye ekipleri kurtard\u0131"},"content":{"rendered":"<p>Amasya\u2019da kafas\u0131 parmakl\u0131klara s\u0131k\u0131\u015fan \u00e7ocu\u011fu itfaiye ekipleri kurtard\u0131.<\/p>\n<p>Amasya\u2019n\u0131n Suluova il\u00e7esinde k\u00fc\u00e7\u00fck \u00e7ocu\u011fun kafas\u0131 bir evin demir parmakl\u0131klar\u0131na s\u0131k\u0131\u015ft\u0131. Korkudan a\u011flayan \u00e7ocu\u011fu g\u00f6ren \u00e7evredekiler durumu itfaiyeye bildirdi. K\u0131sa i\u00e7inde olay yerine giden Suluova Belediyesi itfaiye ekipleri, demir kap\u0131n\u0131n parmakl\u0131klar\u0131n\u0131 keserek k\u00fc\u00e7\u00fck \u00e7ocu\u011fu kurtard\u0131. O anlar ise cep telefonu kameras\u0131na yans\u0131d\u0131.<\/p>\n","protected":false},"excerpt":{"rendered":"<p>AMASYA\u2019NIN SULUOVA \u0130L\u00c7ES\u0130NDE K\u00dc\u00c7\u00dcK \u00c7OCU\u011eUN KAFASI B\u0130R EV\u0130N DEM\u0130R PARMAKLIKLARINA SIKI\u015eTI. KORKUDAN A\u011eLAYAN \u00c7OCU\u011eU G\u00d6REN \u00c7EVREDEK\u0130LER DURUMU \u0130TFA\u0130YEYE B\u0130LD\u0130RD\u0130.<\/p>\n","protected":false},"author":1,"featured_media":180329,"comment_status":"closed","ping_status":"open","sticky":false,"template":"","format":"standard","meta":{"jetpack_post_was_ever_published":false,"_jetpack_newsletter_access":"","_jetpack_dont_email_post_to_subs":false,"_jetpack_newsletter_tier_id":0,"_jetpack_memberships_contains_paywalled_content":false,"_jetpack_memberships_contains_paid_content":false,"footnotes":"","jetpack_publicize_message":"","jetpack_publicize_feature_enabled":true,"jetpack_social_post_already_shared":true,"jetpack_social_options":{"image_generator_settings":{"template":"highway","default_image_id":0,"font":"","enabled":false},"version":2}},"categories":[1],"tags":[3647,859,764,6151,477,33105,2322],"class_list":["post-180328","post","type-post","status-publish","format-standard","has-post-thumbnail","hentry","category-genel","tag-cocugu","tag-ekipleri","tag-itfaiye","tag-kafasi","tag-kurtardi","tag-parmakliklara","tag-sikisan"],"jetpack_publicize_connections":[],"jetpack_featured_media_url":"https:\/\/i0.wp.com\/www.tvturk.com\/wp-content\/uploads\/2019\/07\/kafasi-parmakliklara-sikisan-cocugu-itfaiye-ekipleri-kurtardi_4b34eb3.jpg?fit=495%2C886","jetpack_sharing_enabled":true,"jetpack_shortlink":"https:\/\/wp.me\/paKIfm-KUw","_links":{"self":[{"href":"http:\/\/www.tvturk.com\/index.php\/wp-json\/wp\/v2\/posts\/180328","targetHints":{"allow":["GET"]}}],"collection":[{"href":"http:\/\/www.tvturk.com\/index.php\/wp-json\/wp\/v2\/posts"}],"about":[{"href":"http:\/\/www.tvturk.com\/index.php\/wp-json\/wp\/v2\/types\/post"}],"author":[{"embeddable":true,"href":"http:\/\/www.tvturk.com\/index.php\/wp-json\/wp\/v2\/users\/1"}],"replies":[{"embeddable":true,"href":"http:\/\/www.tvturk.com\/index.php\/wp-json\/wp\/v2\/comments?post=180328"}],"version-history":[{"count":0,"href":"http:\/\/www.tvturk.com\/index.php\/wp-json\/wp\/v2\/posts\/180328\/revisions"}],"wp:featuredmedia":[{"embeddable":true,"href":"http:\/\/www.tvturk.com\/index.php\/wp-json\/wp\/v2\/media\/180329"}],"wp:attachment":[{"href":"http:\/\/www.tvturk.com\/index.php\/wp-json\/wp\/v2\/media?parent=180328"}],"wp:term":[{"taxonomy":"category","embeddable":true,"href":"http:\/\/www.tvturk.com\/index.php\/wp-json\/wp\/v2\/categories?post=180328"},{"taxonomy":"post_tag","embeddable":true,"href":"http:\/\/www.tvturk.com\/index.php\/wp-json\/wp\/v2\/tags?post=180328"}],"curies":[{"name":"wp","href":"https:\/\/api.w.org\/{rel}","templated":true}]}}