{"id":180348,"date":"2019-07-10T14:31:33","date_gmt":"2019-07-10T11:31:33","guid":{"rendered":"http:\/\/www.tvturk.com\/index.php\/20-bin-ogrenciye-is-imkani\/"},"modified":"2019-07-10T14:31:33","modified_gmt":"2019-07-10T11:31:33","slug":"20-bin-ogrenciye-is-imkani","status":"publish","type":"post","link":"http:\/\/www.tvturk.com\/index.php\/20-bin-ogrenciye-is-imkani\/","title":{"rendered":"20 bin \u00f6\u011frenciye i\u015f imkan\u0131"},"content":{"rendered":"<p>Aile \u00c7al\u0131\u015fma ve Sosyal Hizmetler Bakanl\u0131\u011f\u0131 ile \u0130\u015eKUR Genel M\u00fcd\u00fcrl\u00fc\u011f\u00fc taraf\u0131ndan y\u00fcr\u00fct\u00fclen ortak projeyle kamu kurulu\u015flar\u0131na T\u00fcrkiye genelinde 20 bin, Batman\u2019da ise 171 \u00f6\u011frenciye i\u015f imkan\u0131 sa\u011fland\u0131.<\/p>\n<p>Aile \u00c7al\u0131\u015fma ve Sosyal Hizmetler Bakanl\u0131\u011f\u0131 ile \u0130\u015eKUR Genel M\u00fcd\u00fcrl\u00fc\u011f\u00fc taraf\u0131ndan kabul edilen Sosyal \u00c7al\u0131\u015fma Program\u0131 Projesi ile 81 ilde bulunan \u00f6\u011frencilere \u00e7e\u015fitli kamu kurumlar\u0131nda g\u00f6revlendirilip haftan\u0131n \u00fc\u00e7 g\u00fcn\u00fc \u00e7al\u0131\u015farak asgari \u00fccret \u00fczerinden \u00fccretlendirmeleri yap\u0131lmaya ba\u015fland\u0131. Batman\u2019da da 171 \u00f6\u011frenci proje kapsam\u0131nda i\u015fe yerle\u015ftirildi.<\/p>\n<p>Konuyla ilgili bilgi veren \u0130\u015eKUR Batman \u0130l M\u00fcd\u00fcr\u00fc Besim Evsiz, Aile \u00c7al\u0131\u015fma ve Sosyal Hizmetler Bakan\u0131 Zehra Z\u00fcmr\u00fct Sel\u00e7uk\u2019un da dahil olduklar\u0131 ve \u00f6nemsedikleri bir sosyal \u00e7al\u0131\u015fma program\u0131n\u0131n \u0130\u015eKUR Genel M\u00fcd\u00fcrl\u00fc\u011f\u00fc taraf\u0131ndan y\u00fcr\u00fcrl\u00fc\u011fe konuldu\u011funu s\u00f6yledi. Evsiz, &#8220;T\u00fcrkiye \u0130\u015f Kurumu Genel M\u00fcd\u00fcrl\u00fc\u011f\u00fc\u2019n\u00fcn organizasyonunda 20 bin aktif \u00fcniversite \u00f6\u011frencisine \u00e7al\u0131\u015fma program\u0131 diye bir program ba\u015flatt\u0131k. Bunun bir aya\u011f\u0131 da illerdedir. \u0130limizde 171 \u00fcniversite \u00f6\u011frencisini merkezi kura sistemi ile belirlenerek \u00e7e\u015fitli kamu kurumlar\u0131nda haftada \u00fc\u00e7 g\u00fcn \u00e7al\u0131\u015ft\u0131rmak \u00fczere s\u00f6zle\u015fmelerimizi, g\u00f6revlendirmelerimizi yapt\u0131k. \u015euanda arkada\u015flar \u00e7al\u0131\u015fmaya ba\u015flam\u0131\u015f durumdalar. \u00c7e\u015fitli kamu kurumlar\u0131nda, kaymakaml\u0131klarda bu g\u00f6revlerini aktif bir \u015fekilde y\u00fcr\u00fctecekler&#8221; dedi.<\/p>\n<p>&#8220;Gen\u00e7ler i\u00e7in \u00e7ok \u00f6nemli bir f\u0131rsat&#8221;<\/p>\n<p>Projenin \u00e7al\u0131\u015fma hayat\u0131na adaptasyonunu sa\u011flamak, \u00e7al\u0131\u015fma hayat\u0131n\u0131n inceliklerini \u00f6\u011frenme, \u00e7al\u0131\u015fma hayat\u0131ndaki disiplini \u00f6\u011frenme bak\u0131m\u0131ndan gen\u00e7ler i\u00e7in f\u0131rsat oldu\u011funu kaydeden Evsiz, \u015f\u00f6yle devam etti:<\/p>\n<p>&#8220;Projenin en \u00f6nemli taraf\u0131 bu. Maddi kazan\u00e7tan \u00e7ok bence gen\u00e7lerin kendilerini geli\u015ftirip kamu kurumlar\u0131nda ne t\u00fcr i\u015fleyi\u015fler yap\u0131l\u0131yor, kendilerini nas\u0131l geli\u015ftirebilirler, gelecekte kariyerlerini hangi dinamiklerle y\u00f6netebilirler en az\u0131ndan bunun fark\u0131nda olurlar. \u00c7al\u0131\u015fma hayat\u0131n\u0131n disiplinini bu projelerle \u00f6\u011frenmi\u015f olurlar. 171 \u00f6\u011frencimiz batmanda \u00e7e\u015fitli kamu kurumlar\u0131nda asgari \u00fccret \u00fczerinden i\u015flemleri yap\u0131larak bir cep har\u00e7l\u0131\u011f\u0131 da alm\u0131\u015f olacaklar. Bunlar\u0131n bir de di\u011fer avantaj\u0131 da \u015fu, SSK giri\u015fleri yap\u0131lm\u0131\u015f olacak. Emeklili\u011fe say\u0131lacak bu \u00e7al\u0131\u015fma s\u00fcreleri 3 ay s\u00fcrecek. Yani 1 Temmuz itibariyle ba\u015flatt\u0131k. Eyl\u00fcl itibariyle bitecek. Okullar\u0131na gittikleri zaman ili\u015fkileri kesilmi\u015f olacak. 15 projeyle \u00e7e\u015fitli kamu kurumlar\u0131nda bu projeyi ger\u00e7ekle\u015ftirmi\u015f olaca\u011f\u0131z. Batman\u2019a, gen\u00e7lere hay\u0131rl\u0131 olsun. Bu onlara \u00e7al\u0131\u015fma hayat\u0131n\u0131 \u00f6\u011frenme f\u0131rsat\u0131d\u0131r. \u0130nan\u0131yorum ki bunu do\u011fru de\u011ferlendirirler ve geleceklerine bir sermaye biriktirmi\u015f olurlar.\u201d<\/p>\n","protected":false},"excerpt":{"rendered":"<p>\u0130\u015e KUR GENEL M\u00dcD\u00dcR\u00dc BES\u0130M EV\u0130Z A\u0130LE SOSYAL VE \u00c7ALI\u015eMA BAKANIMIZIN DA D\u00c2H\u0130L OLDUKLARI VE \u00d6NEMSED\u0130KLER\u0130 B\u0130R SOSYAL \u00c7ALI\u015eMA PROGRAMI \u0130\u015e KUR GENEL M\u00dcD\u00dcRL\u00dc\u011e\u00dc TARAFINDAN Y\u00dcR\u00dcRL\u00dc\u011eE KONULDU.<\/p>\n","protected":false},"author":1,"featured_media":180349,"comment_status":"closed","ping_status":"open","sticky":false,"template":"","format":"standard","meta":{"jetpack_post_was_ever_published":false,"_jetpack_newsletter_access":"","_jetpack_dont_email_post_to_subs":false,"_jetpack_newsletter_tier_id":0,"_jetpack_memberships_contains_paywalled_content":false,"_jetpack_memberships_contains_paid_content":false,"footnotes":"","jetpack_publicize_message":"","jetpack_publicize_feature_enabled":true,"jetpack_social_post_already_shared":true,"jetpack_social_options":{"image_generator_settings":{"template":"highway","default_image_id":0,"font":"","enabled":false},"version":2}},"categories":[19],"tags":[213,21765,432,9218],"class_list":["post-180348","post","type-post","status-publish","format-standard","has-post-thumbnail","hentry","category-ekonomi","tag-bin","tag-imkani","tag-is","tag-ogrenciye"],"jetpack_publicize_connections":[],"jetpack_featured_media_url":"https:\/\/i0.wp.com\/www.tvturk.com\/wp-content\/uploads\/2019\/07\/20-bin-ogrenciye-is-imkani_7bdcf4a.jpg?fit=1000%2C664","jetpack_sharing_enabled":true,"jetpack_shortlink":"https:\/\/wp.me\/paKIfm-KUQ","_links":{"self":[{"href":"http:\/\/www.tvturk.com\/index.php\/wp-json\/wp\/v2\/posts\/180348","targetHints":{"allow":["GET"]}}],"collection":[{"href":"http:\/\/www.tvturk.com\/index.php\/wp-json\/wp\/v2\/posts"}],"about":[{"href":"http:\/\/www.tvturk.com\/index.php\/wp-json\/wp\/v2\/types\/post"}],"author":[{"embeddable":true,"href":"http:\/\/www.tvturk.com\/index.php\/wp-json\/wp\/v2\/users\/1"}],"replies":[{"embeddable":true,"href":"http:\/\/www.tvturk.com\/index.php\/wp-json\/wp\/v2\/comments?post=180348"}],"version-history":[{"count":0,"href":"http:\/\/www.tvturk.com\/index.php\/wp-json\/wp\/v2\/posts\/180348\/revisions"}],"wp:featuredmedia":[{"embeddable":true,"href":"http:\/\/www.tvturk.com\/index.php\/wp-json\/wp\/v2\/media\/180349"}],"wp:attachment":[{"href":"http:\/\/www.tvturk.com\/index.php\/wp-json\/wp\/v2\/media?parent=180348"}],"wp:term":[{"taxonomy":"category","embeddable":true,"href":"http:\/\/www.tvturk.com\/index.php\/wp-json\/wp\/v2\/categories?post=180348"},{"taxonomy":"post_tag","embeddable":true,"href":"http:\/\/www.tvturk.com\/index.php\/wp-json\/wp\/v2\/tags?post=180348"}],"curies":[{"name":"wp","href":"https:\/\/api.w.org\/{rel}","templated":true}]}}