{"id":180362,"date":"2019-07-10T14:46:36","date_gmt":"2019-07-10T11:46:36","guid":{"rendered":"http:\/\/www.tvturk.com\/index.php\/ato-baskani-baran-baskan-yavas-ve-siyasi-partilerin-belediye-meclisi-baskan-vekillerini-ziyaret-etti\/"},"modified":"2019-07-10T14:46:36","modified_gmt":"2019-07-10T11:46:36","slug":"ato-baskani-baran-baskan-yavas-ve-siyasi-partilerin-belediye-meclisi-baskan-vekillerini-ziyaret-etti","status":"publish","type":"post","link":"http:\/\/www.tvturk.com\/index.php\/ato-baskani-baran-baskan-yavas-ve-siyasi-partilerin-belediye-meclisi-baskan-vekillerini-ziyaret-etti\/","title":{"rendered":"ATO Ba\u015fkan\u0131 Baran, Ba\u015fkan Yava\u015f ve siyasi partilerin belediye meclisi ba\u015fkan vekillerini ziyaret etti"},"content":{"rendered":"<p>Ankara Ticaret Odas\u0131 (ATO) Y\u00f6netim Kurulu Ba\u015fkan\u0131 G\u00fcrsel Baran ba\u015fkanl\u0131\u011f\u0131ndaki ATO heyeti, Ankara B\u00fcy\u00fck\u015fehir Belediye (ABB) Ba\u015fkan\u0131 Mansur Yava\u015f ile AK Parti, MHP, CHP ve \u0130Y\u0130 Parti\u2019nin B\u00fcy\u00fck\u015fehir Belediye Meclisi Ba\u015fkan Vekillerini de ziyaret ederek \u201cHay\u0131rl\u0131 olsun\u201d dileklerini iletti. Ziyarette, ATO \u00fcyelerinin B\u00fcy\u00fck\u015fehir Belediye Ba\u015fkanl\u0131\u011f\u0131n\u0131 ilgilendiren konu ve sorunlar\u0131 g\u00fcndemde yer ald\u0131.<\/p>\n<p>ATO Ba\u015fkan\u0131 G\u00fcrsel Baran, Y\u00f6netim Kurulu ve Meclis Ba\u015fkanl\u0131k Divan\u0131ndan olu\u015fan ATO Heyeti, ABB Ba\u015fkan\u0131 Mansur Yava\u015f\u2019\u0131 makam\u0131nda ziyaret etti.  Yava\u015f\u2019a \u201cHay\u0131rl\u0131 olsun\u201d dileklerini ileten Baran, \u201cAnkara\u2019n\u0131n ve Ankaral\u0131n\u0131n hayr\u0131na olacak her t\u00fcrl\u00fc \u00e7al\u0131\u015fmaya destek vermeye haz\u0131r\u0131z\u201d dedi.<\/p>\n<p>ATO ile Ankara B\u00fcy\u00fck\u015fehir Belediyesinin Ankara\u2019ya uluslararas\u0131 bir fuar alan\u0131 kurmak i\u00e7in ortak \u00e7al\u0131\u015fmaya imza att\u0131\u011f\u0131n\u0131 hat\u0131rlatan Baran, \u015fehrin geli\u015fmesi i\u00e7in K\u0131z\u0131lay\u2019dan havaliman\u0131na metro ula\u015f\u0131m\u0131n\u0131n sa\u011flanmas\u0131 gerekti\u011fine dikkat \u00e7ekti. Baran, Ankara\u2019n\u0131n sa\u011fl\u0131k ve k\u00fclt\u00fcr turizmi ba\u015fta olmak \u00fczere ekonomik geli\u015fim alanlar\u0131 \u00fczerine \u00e7al\u0131\u015fmalar yap\u0131labilece\u011fini s\u00f6yledi.<\/p>\n<p>ABB Ba\u015fkan\u0131 Mansur Yava\u015f da ATO heyetine, Ankara\u2019ya y\u00f6nelik proje ve \u00e7al\u0131\u015fmalar\u0131 hakk\u0131nda bilgi verdi. ATO \u00fcyelerinin sorunlar\u0131n\u0131 ve \u00f6nerilerini dikkate ald\u0131klar\u0131n\u0131 kaydeden Yava\u015f, \u201cSizler \u00fcretim yap\u0131yor, istihdam sa\u011fl\u0131yorsunuz, Ankara ve T\u00fcrkiye ekonomisine \u00e7ok b\u00fcy\u00fck katk\u0131n\u0131z var. Biz de Ankara B\u00fcy\u00fck\u015fehir Belediyesi olarak sizlerin \u00f6n\u00fcn\u00fc a\u00e7maya haz\u0131r\u0131z\u201d dedi.<\/p>\n<p>Siyasi partilerin grup ba\u015fkan vekillerine &#8220;Hay\u0131rl\u0131 olsun&#8221;<\/p>\n<p>Baran ba\u015fkanl\u0131\u011f\u0131ndaki ATO Heyeti, Ankara B\u00fcy\u00fck\u015fehir Belediyesi Ba\u015fkan Vekili H\u00fcseyin \u00d6zcan\u2019\u0131 ziyaret ederek \u201cHay\u0131rl\u0131 olsun\u201d dileklerini iletti. ATO Heyeti daha sonra, AK Parti Grup Ba\u015fkan Vekili M\u00fcmin Altun\u0131\u015f\u0131k, CHP Grup Ba\u015fkanvekilli\u011fi g\u00f6revine vek\u00e2let eden Grup Sekreteri Servet Akman, \u0130Y\u0130 Parti Grup Ba\u015fkan Vekili Adnan Beker, MHP Grup Ba\u015fkan Vekili Murat Il\u0131kan\u2019\u0131 tek tek ziyaret etti.  ATO Heyeti, Grup Ba\u015fkan Vekillerine 1700\u2019l\u00fc y\u0131llarda Ankara\u2019da ticareti anlatan birer tablo hediye etti. Baran ve beraberindeki heyet, EGO Genel M\u00fcd\u00fcr Vekili Nihat Alka\u015f\u2019\u0131 da ziyaret etti.<\/p>\n<p>ATO Ba\u015fkan\u0131 Baran\u2019a ziyareti s\u0131ras\u0131nda ayn\u0131 zamanda Ankara Kent Konseyi Ba\u015fkanl\u0131\u011f\u0131 g\u00f6revini de y\u00fcr\u00fcten ATO Ba\u015fkan Yard\u0131mc\u0131s\u0131 Halil \u0130brahim Y\u0131lmaz, Ba\u015fkan Yard\u0131mc\u0131s\u0131 Temel Aktay, ATO Meclis Ba\u015fkan\u0131 Mustafa Deryal, Meclis Ba\u015fkan Yard\u0131mc\u0131lar\u0131 Alaattin Do\u011fan, Vecdet Fehmi \u015eendil,  ATO Y\u00f6netim Kurulu Sayman \u00dcyesi Murat \u00dclk\u00fc Karaku\u015f, Y\u00f6netim Kurulu \u00dcyeleri Adem Ali Y\u0131lmaz, Halil \u0130lik, Mehmet Fatih \u00c7etinkaya, Nihat Uysall\u0131, Nuh Acar ve S\u00fcleyman Ekinci e\u015flik etti.<\/p>\n","protected":false},"excerpt":{"rendered":"<p>ANKARA T\u0130CARET ODASI (ATO) Y\u00d6NET\u0130M KURULU BA\u015eKANI G\u00dcRSEL BARAN BA\u015eKANLI\u011eINDAK\u0130 ATO HEYET\u0130, ANKARA B\u00dcY\u00dcK\u015eEH\u0130R BELED\u0130YE (ABB) BA\u015eKANI MANSUR YAVA\u015e \u0130LE ADALET VE KALKINMA PART\u0130S\u0130, M\u0130LL\u0130YET\u00c7\u0130 HAREKET PART\u0130S\u0130, CUMHUR\u0130YET HALK PART\u0130S\u0130 (CHP) VE \u0130Y\u0130 PART\u0130\u2019N\u0130N B\u00dcY\u00dcK\u015eEH\u0130R BELED\u0130YE MECL\u0130S\u0130 BA\u015eKAN VEK\u0130LLER\u0130N\u0130 DE Z\u0130YARET EDEREK \u201cHAYIRLI OLSUN\u201d D\u0130LEKLER\u0130N\u0130 \u0130LETT\u0130.<\/p>\n","protected":false},"author":1,"featured_media":180363,"comment_status":"closed","ping_status":"open","sticky":false,"template":"","format":"standard","meta":{"jetpack_post_was_ever_published":false,"_jetpack_newsletter_access":"","_jetpack_dont_email_post_to_subs":false,"_jetpack_newsletter_tier_id":0,"_jetpack_memberships_contains_paywalled_content":false,"_jetpack_memberships_contains_paid_content":false,"footnotes":"","jetpack_publicize_message":"","jetpack_publicize_feature_enabled":true,"jetpack_social_post_already_shared":true,"jetpack_social_options":{"image_generator_settings":{"template":"highway","default_image_id":0,"font":"","enabled":false},"version":2}},"categories":[1],"tags":[1940,14614,100,216,134,207,290,5802,2698,35715,16885,150],"class_list":["post-180362","post","type-post","status-publish","format-standard","has-post-thumbnail","hentry","category-genel","tag-ato","tag-baran","tag-baskan","tag-baskani","tag-belediye","tag-etti","tag-meclisi","tag-partilerin","tag-siyasi","tag-vekillerini","tag-yavas","tag-ziyaret"],"jetpack_publicize_connections":[],"jetpack_featured_media_url":"https:\/\/i0.wp.com\/www.tvturk.com\/wp-content\/uploads\/2019\/07\/ato-baskani-baran-baskan-yavas-ve-siyasi-partilerin-belediye-meclisi-baskan-vekillerini-ziyaret-etti_f1b1f65.jpg?fit=1000%2C514","jetpack_sharing_enabled":true,"jetpack_shortlink":"https:\/\/wp.me\/paKIfm-KV4","_links":{"self":[{"href":"http:\/\/www.tvturk.com\/index.php\/wp-json\/wp\/v2\/posts\/180362","targetHints":{"allow":["GET"]}}],"collection":[{"href":"http:\/\/www.tvturk.com\/index.php\/wp-json\/wp\/v2\/posts"}],"about":[{"href":"http:\/\/www.tvturk.com\/index.php\/wp-json\/wp\/v2\/types\/post"}],"author":[{"embeddable":true,"href":"http:\/\/www.tvturk.com\/index.php\/wp-json\/wp\/v2\/users\/1"}],"replies":[{"embeddable":true,"href":"http:\/\/www.tvturk.com\/index.php\/wp-json\/wp\/v2\/comments?post=180362"}],"version-history":[{"count":0,"href":"http:\/\/www.tvturk.com\/index.php\/wp-json\/wp\/v2\/posts\/180362\/revisions"}],"wp:featuredmedia":[{"embeddable":true,"href":"http:\/\/www.tvturk.com\/index.php\/wp-json\/wp\/v2\/media\/180363"}],"wp:attachment":[{"href":"http:\/\/www.tvturk.com\/index.php\/wp-json\/wp\/v2\/media?parent=180362"}],"wp:term":[{"taxonomy":"category","embeddable":true,"href":"http:\/\/www.tvturk.com\/index.php\/wp-json\/wp\/v2\/categories?post=180362"},{"taxonomy":"post_tag","embeddable":true,"href":"http:\/\/www.tvturk.com\/index.php\/wp-json\/wp\/v2\/tags?post=180362"}],"curies":[{"name":"wp","href":"https:\/\/api.w.org\/{rel}","templated":true}]}}