{"id":180370,"date":"2019-07-10T14:47:20","date_gmt":"2019-07-10T11:47:20","guid":{"rendered":"http:\/\/www.tvturk.com\/index.php\/hakan-yavuz-hekimoglu-trabzon-fkda\/"},"modified":"2019-07-10T14:47:20","modified_gmt":"2019-07-10T11:47:20","slug":"hakan-yavuz-hekimoglu-trabzon-fkda","status":"publish","type":"post","link":"http:\/\/www.tvturk.com\/index.php\/hakan-yavuz-hekimoglu-trabzon-fkda\/","title":{"rendered":"Hakan Yavuz Hekimo\u011flu Trabzon FK\u2019da"},"content":{"rendered":"<p>Hekimo\u011flu Trabzon Futbol Kul\u00fcb\u00fc Ey\u00fcpspor\u2019un orta saha oyuncusu Hakan Yavuz ile 3 y\u0131ll\u0131k s\u00f6zle\u015fme imzalad\u0131.<\/p>\n<p>Kul\u00fcp Y\u00f6netim Kurulu \u00fcyesi Melih Hekimo\u011flu ile birlikte s\u00f6zle\u015fme masas\u0131na oturan 22 ya\u015f\u0131ndaki yetenekli futbolcu, kendisini k\u0131rm\u0131z\u0131 lacivertli renklere ba\u011flayan s\u00f6zle\u015fmeye imza att\u0131.<\/p>\n<p>\u0130mza t\u00f6reninde konu\u015fan Melih Hekimo\u011flu, \u201cHakan, iyi bir altyap\u0131 e\u011fitimi alm\u0131\u015f yetenekli bir futbolcu. T\u00fcrkiye\u2019de \u00f6nemli kul\u00fcplerde forma giydi. Hekimo\u011flu Trabzon FK formas\u0131yla da kul\u00fcb\u00fcm\u00fcze ciddi katk\u0131lar sa\u011flayaca\u011f\u0131ndan ku\u015fkumuz yok. Kendisinin iyi bir sezon ge\u00e7irmesini temenni ediyor, camiam\u0131za hay\u0131rl\u0131 olmas\u0131n\u0131 diliyorum\u201d dedi.<\/p>\n<p>Hakan Yavuz da imza t\u00f6reninde yapt\u0131\u011f\u0131 a\u00e7\u0131klamada, \u201cbeni Hekimo\u011flu Trabzon FK camias\u0131na lay\u0131k g\u00f6ren y\u00f6netim kuruluna \u00e7ok te\u015fekk\u00fcr ederim. Hedefleri olan bir camiaya geldi\u011fim i\u00e7in \u00e7ok mutluyum. Bu kul\u00fcpte \u00f6nemli i\u015flere imza atmaya geldim. Transferimin her iki taraf i\u00e7inde hay\u0131rl\u0131 olmas\u0131n\u0131 diliyorum\u201d diye konu\u015ftu.<\/p>\n<p>Hakan Yavuz Kimdir?<\/p>\n<p>15 Ekim 1997 y\u0131l\u0131nda Bursa\u2019n\u0131n Gemlik \u0130l\u00e7esinde d\u00fcnyaya gelen Hakan, 2001 y\u0131l\u0131nda Bursa Gemlikspor\u2019da lisanl\u0131 olarak futbol hayat\u0131na ba\u015flad\u0131. 3 y\u0131l boyunca bu kul\u00fcb\u00fcn formas\u0131n\u0131 terleten gen\u00e7 futbolcu ard\u0131ndan \u0130neg\u00f6lspor\u2019a amat\u00f6r transferini ger\u00e7ekle\u015ftirdi. \u0130neg\u00f6lspor\u2019dan Burgazspor\u2019a transfer olan Hakan, ard\u0131ndan da Bursaspor\u2019a transfer oldu. \u0130ki y\u0131l boyunca Bursaspor\u2019da oynayan yetenekli futbolcu 2018 y\u0131l\u0131nda Ye\u015fil Bursa A. \u015e\u2019de profesyonelli\u011fe ge\u00e7i\u015f yapt\u0131. Ayn\u0131 sezon devre aras\u0131nda Bursaspor\u2019a geri d\u00f6nen Hakan Yavuz, Bursaspor\u2019da g\u00f6rev yapt\u0131. 2018-2019 sezonu sonras\u0131nda Ey\u00fcpspor\u2019a transfer olan gen\u00e7 futbolcu, yeni sezonda da Hekimo\u011flu Trabzon FK formas\u0131n\u0131 terletecek.<\/p>\n","protected":false},"excerpt":{"rendered":"<p>HEK\u0130MO\u011eLU TRABZON FUTBOL KUL\u00dcB\u00dc EY\u00dcPSPOR\u2019UN ORTA SAHA OYUNCUSU HAKAN YAVUZ \u0130LE 3 YILLIK S\u00d6ZLE\u015eME \u0130MZALADI.<\/p>\n","protected":false},"author":1,"featured_media":180371,"comment_status":"closed","ping_status":"open","sticky":false,"template":"","format":"standard","meta":{"jetpack_post_was_ever_published":false,"_jetpack_newsletter_access":"","_jetpack_dont_email_post_to_subs":false,"_jetpack_newsletter_tier_id":0,"_jetpack_memberships_contains_paywalled_content":false,"_jetpack_memberships_contains_paid_content":false,"footnotes":"","jetpack_publicize_message":"","jetpack_publicize_feature_enabled":true,"jetpack_social_post_already_shared":true,"jetpack_social_options":{"image_generator_settings":{"template":"highway","default_image_id":0,"font":"","enabled":false},"version":2}},"categories":[657],"tags":[4605,44385,3239,4693,4586],"class_list":["post-180370","post","type-post","status-publish","format-standard","has-post-thumbnail","hentry","category-spor","tag-trabzon","tag-fkda","tag-hakan","tag-hekimoglu","tag-yavuz"],"jetpack_publicize_connections":[],"jetpack_featured_media_url":"https:\/\/i0.wp.com\/www.tvturk.com\/wp-content\/uploads\/2019\/07\/hakan-yavuz-hekimoglu-trabzon-fkda_fb40a68.jpg?fit=1000%2C663","jetpack_sharing_enabled":true,"jetpack_shortlink":"https:\/\/wp.me\/paKIfm-KVc","_links":{"self":[{"href":"http:\/\/www.tvturk.com\/index.php\/wp-json\/wp\/v2\/posts\/180370","targetHints":{"allow":["GET"]}}],"collection":[{"href":"http:\/\/www.tvturk.com\/index.php\/wp-json\/wp\/v2\/posts"}],"about":[{"href":"http:\/\/www.tvturk.com\/index.php\/wp-json\/wp\/v2\/types\/post"}],"author":[{"embeddable":true,"href":"http:\/\/www.tvturk.com\/index.php\/wp-json\/wp\/v2\/users\/1"}],"replies":[{"embeddable":true,"href":"http:\/\/www.tvturk.com\/index.php\/wp-json\/wp\/v2\/comments?post=180370"}],"version-history":[{"count":0,"href":"http:\/\/www.tvturk.com\/index.php\/wp-json\/wp\/v2\/posts\/180370\/revisions"}],"wp:featuredmedia":[{"embeddable":true,"href":"http:\/\/www.tvturk.com\/index.php\/wp-json\/wp\/v2\/media\/180371"}],"wp:attachment":[{"href":"http:\/\/www.tvturk.com\/index.php\/wp-json\/wp\/v2\/media?parent=180370"}],"wp:term":[{"taxonomy":"category","embeddable":true,"href":"http:\/\/www.tvturk.com\/index.php\/wp-json\/wp\/v2\/categories?post=180370"},{"taxonomy":"post_tag","embeddable":true,"href":"http:\/\/www.tvturk.com\/index.php\/wp-json\/wp\/v2\/tags?post=180370"}],"curies":[{"name":"wp","href":"https:\/\/api.w.org\/{rel}","templated":true}]}}