{"id":180380,"date":"2019-07-10T15:01:49","date_gmt":"2019-07-10T12:01:49","guid":{"rendered":"http:\/\/www.tvturk.com\/index.php\/belediye-universite-is-birligi\/"},"modified":"2019-07-10T15:01:49","modified_gmt":"2019-07-10T12:01:49","slug":"belediye-universite-is-birligi","status":"publish","type":"post","link":"http:\/\/www.tvturk.com\/index.php\/belediye-universite-is-birligi\/","title":{"rendered":"Belediye-\u00fcniversite i\u015f birli\u011fi"},"content":{"rendered":"<p>Gemlik Belediye Ba\u015fkan\u0131 Mehmet U\u011fur Sertaslan, Uluda\u011f \u00dcniversitesi Rekt\u00f6r\u00fc Prof. Dr. Ahmet Saim K\u0131lavuz\u2019u makam\u0131nda ziyaret etti.<\/p>\n<p>Ba\u015fkan Sertaslan\u2019a ziyaretinde Belediye Ba\u015fkan Yard\u0131mc\u0131s\u0131 Zeynep Ak\u0131\u015f Serint\u00fcrk ve Meclis \u00dcyesi Sedat \u00d6zer de e\u015flik etti. Gemlik\u2019teki Denizcilik Fak\u00fcltesi ve Gemlik kamp\u00fcs\u00fcn\u00fcn ihtiya\u00e7lar\u0131n\u0131n konu\u015fuldu\u011fu ziyarette, kamp\u00fcs ve \u00e7evresinde sosyal alan\u0131n\u0131n art\u0131r\u0131lmas\u0131 kararla\u015ft\u0131r\u0131ld\u0131. Mehmet U\u011fur Sertaslan, Gemlik\u2019te \u00f6zellikle limanc\u0131l\u0131k faaliyetlerinin geli\u015ferek s\u00fcrd\u00fc\u011f\u00fcn\u00fc ifade ederek, Gemlik kamp\u00fcs\u00fcnde e\u011fitim hayat\u0131na ba\u015flayacak Denizcilik Fak\u00fcltesi\u2019nin bir an \u00f6nce \u00f6\u011frenci al\u0131m\u0131na ba\u015flamas\u0131n\u0131n \u00f6nemine i\u015faret etti. Gemlik\u2019in limanc\u0131l\u0131k ve g\u00fcmr\u00fckl\u00fc saha i\u015flem hacmi a\u00e7\u0131s\u0131ndan T\u00fcrkiye\u2019nin en \u00f6nemli noktalar\u0131ndan biri oldu\u011funu belirten Ba\u015fkan Sertaslan, Gemlik\u2019te kurulan ama hen\u00fcz \u00f6\u011frenci al\u0131m\u0131na ba\u015flamam\u0131\u015f fak\u00fclte \u00f6\u011frencilerinin ise gerek i\u015f imk\u00e2n\u0131 gerekse denizcilik imk\u00e2n\u0131 a\u00e7\u0131s\u0131ndan \u00e7ok \u015fansl\u0131 olacaklar\u0131n\u0131 s\u00f6zlerine ekledi.<\/p>\n<p>Gemlik\u2019teki kamp\u00fcste okuyan \u00f6\u011frencilerin sosyal ve k\u00fclt\u00fcrel imk\u00e2ns\u0131zl\u0131klar y\u00fcz\u00fcnden Bursa merkez kamp\u00fcs\u00fcne gitmek istedi\u011fini belirten Ba\u015fkan Sertaslan, \u201cSe\u00e7ilmemizden bu yana ge\u00e7en 90 g\u00fcnde Gemlik\u2019in foto\u011fraf\u0131n\u0131 \u00e7ekerek eksiklerini tespit ettik. Kamp\u00fcste e\u011fitim hayat\u0131n\u0131 s\u00fcrd\u00fcren \u00f6\u011frencilerin isteklerinin fark\u0131nday\u0131z. Sosyal ve k\u00fclt\u00fcrel hayat\u0131n eksikli\u011fiyle ilgili \u00e7al\u0131\u015fmalar\u0131 en k\u0131sa zamanda ger\u00e7ekle\u015ftirece\u011fiz\u201d dedi.<\/p>\n<p>Uluda\u011f \u00dcniversitesi Rekt\u00f6r\u00fc Ahmet Saim K\u0131lavuz ise Gemlik Belediye Ba\u015fkan\u0131 Mehmet U\u011fur Sertaslan\u2019a ziyaretlerinden dolay\u0131 te\u015fekk\u00fcr ederek, kurumlar\u0131n ortak yapaca\u011f\u0131 \u00e7al\u0131\u015fmalarla bu s\u0131k\u0131nt\u0131lar\u0131n a\u015f\u0131labilece\u011fini belirtti.<\/p>\n","protected":false},"excerpt":{"rendered":"<p>GEML\u0130K BELED\u0130YE BA\u015eKANI MEHMET U\u011eUR SERTASLAN, ULUDA\u011e \u00dcN\u0130VERS\u0130TES\u0130 REKT\u00d6R\u00dc PROF. DR. AHMET SA\u0130M KILAVUZ\u2019U MAKAMINDA Z\u0130YARET ETT\u0130.<\/p>\n","protected":false},"author":1,"featured_media":180381,"comment_status":"closed","ping_status":"open","sticky":false,"template":"","format":"standard","meta":{"jetpack_post_was_ever_published":false,"_jetpack_newsletter_access":"","_jetpack_dont_email_post_to_subs":false,"_jetpack_newsletter_tier_id":0,"_jetpack_memberships_contains_paywalled_content":false,"_jetpack_memberships_contains_paid_content":false,"footnotes":"","jetpack_publicize_message":"","jetpack_publicize_feature_enabled":true,"jetpack_social_post_already_shared":true,"jetpack_social_options":{"image_generator_settings":{"template":"highway","default_image_id":0,"font":"","enabled":false},"version":2}},"categories":[1],"tags":[44388,668,432],"class_list":["post-180380","post","type-post","status-publish","format-standard","has-post-thumbnail","hentry","category-genel","tag-belediye-universite","tag-birligi","tag-is"],"jetpack_publicize_connections":[],"jetpack_featured_media_url":"https:\/\/i0.wp.com\/www.tvturk.com\/wp-content\/uploads\/2019\/07\/belediye-universite-is-birligi_81a36bc.jpg?fit=1000%2C666","jetpack_sharing_enabled":true,"jetpack_shortlink":"https:\/\/wp.me\/paKIfm-KVm","_links":{"self":[{"href":"http:\/\/www.tvturk.com\/index.php\/wp-json\/wp\/v2\/posts\/180380","targetHints":{"allow":["GET"]}}],"collection":[{"href":"http:\/\/www.tvturk.com\/index.php\/wp-json\/wp\/v2\/posts"}],"about":[{"href":"http:\/\/www.tvturk.com\/index.php\/wp-json\/wp\/v2\/types\/post"}],"author":[{"embeddable":true,"href":"http:\/\/www.tvturk.com\/index.php\/wp-json\/wp\/v2\/users\/1"}],"replies":[{"embeddable":true,"href":"http:\/\/www.tvturk.com\/index.php\/wp-json\/wp\/v2\/comments?post=180380"}],"version-history":[{"count":0,"href":"http:\/\/www.tvturk.com\/index.php\/wp-json\/wp\/v2\/posts\/180380\/revisions"}],"wp:featuredmedia":[{"embeddable":true,"href":"http:\/\/www.tvturk.com\/index.php\/wp-json\/wp\/v2\/media\/180381"}],"wp:attachment":[{"href":"http:\/\/www.tvturk.com\/index.php\/wp-json\/wp\/v2\/media?parent=180380"}],"wp:term":[{"taxonomy":"category","embeddable":true,"href":"http:\/\/www.tvturk.com\/index.php\/wp-json\/wp\/v2\/categories?post=180380"},{"taxonomy":"post_tag","embeddable":true,"href":"http:\/\/www.tvturk.com\/index.php\/wp-json\/wp\/v2\/tags?post=180380"}],"curies":[{"name":"wp","href":"https:\/\/api.w.org\/{rel}","templated":true}]}}