{"id":180386,"date":"2019-07-10T15:02:39","date_gmt":"2019-07-10T12:02:39","guid":{"rendered":"http:\/\/www.tvturk.com\/index.php\/kultur-ve-turizm-bakanligi-telif-haklari-konusunda-6-universiteyle-is-birligi-yapiyor\/"},"modified":"2019-07-10T15:02:39","modified_gmt":"2019-07-10T12:02:39","slug":"kultur-ve-turizm-bakanligi-telif-haklari-konusunda-6-universiteyle-is-birligi-yapiyor","status":"publish","type":"post","link":"http:\/\/www.tvturk.com\/index.php\/kultur-ve-turizm-bakanligi-telif-haklari-konusunda-6-universiteyle-is-birligi-yapiyor\/","title":{"rendered":"K\u00fclt\u00fcr ve Turizm Bakanl\u0131\u011f\u0131 telif haklar\u0131 konusunda 6 \u00fcniversiteyle i\u015f birli\u011fi yap\u0131yor"},"content":{"rendered":"<p>K\u00fclt\u00fcr ve Turizm Bakanl\u0131\u011f\u0131n\u0131n ev sahipli\u011finde Telif Haklar\u0131 E\u011fitim Merkezi Tan\u0131t\u0131m Toplant\u0131s\u0131 ve \u00dcniversitelerle \u0130\u015fbirli\u011fi Protokol\u00fc \u0130mza T\u00f6reni ger\u00e7ekle\u015ftirildi.<\/p>\n<p>K\u00fclt\u00fcr ve Turizm Bakanl\u0131\u011f\u0131 ile fikri m\u00fclkiyet hukuku, k\u00fclt\u00fcr politikalar\u0131, k\u00fclt\u00fcr end\u00fcstrisi ve k\u00fclt\u00fcr y\u00f6netimi alanlar\u0131nda akademik \u00e7al\u0131\u015fmalar y\u00fcr\u00fctmek \u00fczere b\u00fcnyelerinde Ara\u015ft\u0131rma ve Uygulama Merkezleri kurmu\u015f 6 \u00fcniversite aras\u0131nda ikili i\u015fbirli\u011fi protokol\u00fc imzaland\u0131. At\u0131lan imzalar ile Telif Haklar\u0131 Genel M\u00fcd\u00fcrl\u00fc\u011f\u00fc ve b\u00fcnyesinde faaliyet g\u00f6steren Telif Haklar\u0131 E\u011fitim Merkezi ile alanda faaliyet g\u00f6steren \u00fcniversiteler aras\u0131nda i\u015fbirli\u011fi yap\u0131lacak.<\/p>\n<p>\u201cBu dijital \u00e7a\u011fda telifin korunmas\u0131 ve eserlerin sa\u011flam bir fikri m\u00fclkiyet sistemi dahilinde kullan\u0131ma sunulmas\u0131 \u00e7ok k\u0131ymetli\u201d<\/p>\n<p>Panelin moderat\u00f6rl\u00fc\u011f\u00fcn\u00fc de \u00fcstlenen K\u00fclt\u00fcr ve Turizm Bakan Yard\u0131mc\u0131s\u0131 \u00d6zg\u00fcl \u00d6zkan Yavuz, i\u015fbirli\u011fini kabul eden \u00fcniversite temsilcilerine te\u015fekk\u00fcrlerini ileterek, \u201cArtan fikri \u00fcretimler kar\u015f\u0131s\u0131nda, fikri m\u00fclkiyet haklar\u0131n\u0131n korunmas\u0131 bizim i\u00e7in son derece \u00f6nemli bir konu haline geldi. Bu alanda hem s\u0131nai taraf\u0131nda hem k\u00fclt\u00fcr sanat taraf\u0131nda zaman zaman birlikte, zaman zaman kendi alan\u0131m\u0131zda \u00e7al\u0131\u015fmalar\u0131m\u0131z devam ediyor. Ama \u00f6zellikle bu dijital \u00e7a\u011fda telifin korunmas\u0131 ve eserlerin sa\u011flam bir fikri m\u00fclkiyet sistemi dahilinde kullan\u0131ma sunulmas\u0131 \u00e7ok k\u0131ymetli. Bu asl\u0131nda hi\u00e7bir kurumun tek ba\u015f\u0131na yapabilece\u011fi bir \u00e7al\u0131\u015fma de\u011fil. Burada ekosistem yakla\u015f\u0131m\u0131 i\u00e7erisinde olmam\u0131z gerekiyor. Ekosistemin b\u00fct\u00fcn bile\u015fenlerinin ayn\u0131 sorumlulu\u011fu ta\u015f\u0131mas\u0131 gerekiyor. Muhakkak da i\u015fbirli\u011fi yaparak bir sinerji olu\u015fturmak gerekiyor. Biz de bug\u00fcn, bizim kurdu\u011fumuz akademi \u00e7er\u00e7evesinde, e\u011fitim merkezi i\u00e7erisine bu i\u015fe talip olan ilk 6 \u00fcniversitemizi de dahil ederek bu i\u015fbirli\u011fi ve sinerjiyi ba\u015flatm\u0131\u015f oluyoruz\u201d \u015feklinde konu\u015ftu.<\/p>\n<p>\u201cBu imzalar sadece bu 7 kurumu temsil etmiyor\u201d<\/p>\n<p>At\u0131lan imzalar\u0131n sadece panele kat\u0131lan 7 kurumu ilgilendirmedi\u011fini belirten Bakan Yard\u0131mc\u0131s\u0131 Yavuz, \u201cBizim burada olu\u015fturdu\u011fumuz i\u015fbirli\u011fi sayesinde; kamu kurumlar\u0131, meslek birlikleri, \u00fcreticiler, eser sahipleri, yay\u0131nc\u0131 ve yap\u0131mc\u0131lar, bu alanda \u00e7al\u0131\u015fma yapan \u00f6zel sekt\u00f6r kurumlar\u0131 gibi b\u00fct\u00fcn faaliyet alanlar\u0131nda bu konuya dokunan herkese hizmet edecek bir i\u015fbirli\u011fine imza at\u0131yoruz. Dolay\u0131s\u0131yla bu imzalar sadece bu 7 kurumu temsil etmiyor. Telif haklar\u0131n\u0131 g\u00fc\u00e7lendirmeyi ve b\u00fct\u00fcn bir sistemin temelini olu\u015fturacak temeli at\u0131yoruz diyebiliriz. K\u00fclt\u00fcr end\u00fcstrisi ve k\u00fclt\u00fcr ekonomileri \u00e7ok \u00f6nemli. Ben \u00fclkemizde hak etti\u011fi yerde oldu\u011funu d\u00fc\u015f\u00fcnm\u00fcyorum. Asl\u0131nda katma de\u011fer itibari ile \u00e7ok k\u0131ymetli end\u00fcstriler fakat biz nispeten biraz geriden gitti\u011fimiz i\u00e7in bu alan\u0131n \u00e7ok k\u0131ymetli oldu\u011funu hem zihinsel anlamda hem ekonomik \u00e7ok b\u00fcy\u00fck katk\u0131s\u0131 oldu\u011funu ispat edebilmemiz i\u00e7in bu t\u00fcr \u00e7al\u0131\u015fmalar\u0131 yapmam\u0131z gerekiyor. Fikri m\u00fclkiyet sisteminin de \u00e7ok ciddi \u015fekilde kurumsalla\u015ft\u0131r\u0131lmas\u0131 gerekiyor\u201d diye konu\u015ftu.<\/p>\n<p>\u00dclkelerin geli\u015fmi\u015flik d\u00fczeyini sadece reel sekt\u00f6r \u00fcretimlerinin de\u011fil, k\u00fclt\u00fcr end\u00fcstrilerinde ortaya konan y\u00fcksek katma de\u011ferli \u00fcr\u00fcnlerin de \u015fekillendirdi\u011fine de\u011finen,Telif Haklar\u0131 Genel M\u00fcd\u00fcr\u00fc Dr. Ziya Ta\u015fkent, \u201cKurulan i\u015fbirliklerinin akademik d\u00fczlemde somut ad\u0131m\u0131 ve kan\u0131t\u0131 olarak bug\u00fcn, b\u00fcnyelerinde; Genel M\u00fcd\u00fcrl\u00fc\u011f\u00fcm\u00fcz\u00fcn sorumluluk ve faaliyet alanlar\u0131nda \u00e7al\u0131\u015fan Uygulama ve Ara\u015ft\u0131rma merkezleri bulunan 6 \u00fcniversitemiz ile i\u015fbirli\u011fi protokol\u00fc imzal\u0131yor olman\u0131n mutlulu\u011funu ya\u015f\u0131yoruz. Bu i\u015fbirliklerinin, toplumda fikr\u00ee haklar k\u00fclt\u00fcr\u00fcn\u00fcn olu\u015fturulmas\u0131na ve akademik bilginin \u00e7o\u011falt\u0131lmas\u0131na katk\u0131 sa\u011flamaya matuf ara\u015ft\u0131rma projeleri, sempozyum ve kongreler, bilimsel nitelikli yay\u0131nlar ve ortak e\u011fitim faaliyetleri ile toplumsal fayda ve bilimsel verim \u00fcretmesini temenni ediyorum\u201d ifadelerini kulland\u0131.<\/p>\n<p>\u0130mza t\u00f6reni sonras\u0131 toplu hat\u0131ra foto\u011fraflar\u0131 \u00e7ekildi. D\u00fczenlenen imza t\u00f6renine K\u00fclt\u00fcr ve Turizm Bakan Yard\u0131mc\u0131s\u0131 \u00d6zg\u00fcl \u00d6zkan Yavuz, Telif Haklar\u0131 Genel M\u00fcd\u00fcr\u00fc Dr. Ziya Ta\u015fkent, Ba\u015fkent \u00dcniversitesi Rekt\u00f6r\u00fc Prof. Dr. Ali Haberal, \u0130stanbul Bilgi \u00dcniversitesi Rekt\u00f6r\u00fc Prof. Dr. K\u00fcbra Do\u011fan Yenisey, \u0130stanbul Sabahattin Zaim \u00dcniversitesi Rekt\u00f6r Yard\u0131mc\u0131s\u0131 Prof. Dr. \u0130brahim G\u00fcney, Bah\u00e7e\u015fehir \u00dcniversitesi Rekt\u00f6r Yard\u0131mc\u0131s\u0131 Prof. Dr. Tun\u00e7 Bozbura, Ankara Y\u0131ld\u0131r\u0131m Beyaz\u0131t \u00dcniversitesi Rekt\u00f6r Yard\u0131mc\u0131s\u0131 Prof. Dr. Musa Kaz\u0131m Ar\u0131can, Ankara \u00dcniversitesi Rekt\u00f6r Vekili Prof. Dr. Abdulkadir G\u00fcrer\u2019in yan\u0131 s\u0131ra bir \u00e7ok konuk kat\u0131ld\u0131.<\/p>\n","protected":false},"excerpt":{"rendered":"<p>K\u00dcLT\u00dcR VE TUR\u0130ZM BAKANLI\u011eI\u2019NIN EV SAH\u0130PL\u0130\u011e\u0130NDE TEL\u0130F HAKLARI E\u011e\u0130T\u0130M MERKEZ\u0130 TANITIM TOPLANTISI VE \u00dcN\u0130VERS\u0130TELERLE \u0130\u015eB\u0130RL\u0130\u011e\u0130 PROTOKOL\u00dc \u0130MZA T\u00d6REN\u0130 GER\u00c7EKLE\u015eT\u0130R\u0130LD\u0130.<\/p>\n","protected":false},"author":1,"featured_media":180387,"comment_status":"closed","ping_status":"open","sticky":false,"template":"","format":"standard","meta":{"jetpack_post_was_ever_published":false,"_jetpack_newsletter_access":"","_jetpack_dont_email_post_to_subs":false,"_jetpack_newsletter_tier_id":0,"_jetpack_memberships_contains_paywalled_content":false,"_jetpack_memberships_contains_paid_content":false,"footnotes":"","jetpack_publicize_message":"","jetpack_publicize_feature_enabled":true,"jetpack_social_post_already_shared":true,"jetpack_social_options":{"image_generator_settings":{"template":"highway","default_image_id":0,"font":"","enabled":false},"version":2}},"categories":[656],"tags":[9825,668,271,432,272,630,32162,2184,1015,1685],"class_list":["post-180386","post","type-post","status-publish","format-standard","has-post-thumbnail","hentry","category-kultur-sanat","tag-bakanligi","tag-birligi","tag-haklari","tag-is","tag-konusunda","tag-kultur","tag-telif","tag-turizm","tag-universiteyle","tag-yapiyor"],"jetpack_publicize_connections":[],"jetpack_featured_media_url":"https:\/\/i0.wp.com\/www.tvturk.com\/wp-content\/uploads\/2019\/07\/kultur-ve-turizm-bakanligi-telif-haklari-konusunda-6-universiteyle-is-birligi-yapiyor_0cee7e1.jpg?fit=1000%2C666","jetpack_sharing_enabled":true,"jetpack_shortlink":"https:\/\/wp.me\/paKIfm-KVs","_links":{"self":[{"href":"http:\/\/www.tvturk.com\/index.php\/wp-json\/wp\/v2\/posts\/180386","targetHints":{"allow":["GET"]}}],"collection":[{"href":"http:\/\/www.tvturk.com\/index.php\/wp-json\/wp\/v2\/posts"}],"about":[{"href":"http:\/\/www.tvturk.com\/index.php\/wp-json\/wp\/v2\/types\/post"}],"author":[{"embeddable":true,"href":"http:\/\/www.tvturk.com\/index.php\/wp-json\/wp\/v2\/users\/1"}],"replies":[{"embeddable":true,"href":"http:\/\/www.tvturk.com\/index.php\/wp-json\/wp\/v2\/comments?post=180386"}],"version-history":[{"count":0,"href":"http:\/\/www.tvturk.com\/index.php\/wp-json\/wp\/v2\/posts\/180386\/revisions"}],"wp:featuredmedia":[{"embeddable":true,"href":"http:\/\/www.tvturk.com\/index.php\/wp-json\/wp\/v2\/media\/180387"}],"wp:attachment":[{"href":"http:\/\/www.tvturk.com\/index.php\/wp-json\/wp\/v2\/media?parent=180386"}],"wp:term":[{"taxonomy":"category","embeddable":true,"href":"http:\/\/www.tvturk.com\/index.php\/wp-json\/wp\/v2\/categories?post=180386"},{"taxonomy":"post_tag","embeddable":true,"href":"http:\/\/www.tvturk.com\/index.php\/wp-json\/wp\/v2\/tags?post=180386"}],"curies":[{"name":"wp","href":"https:\/\/api.w.org\/{rel}","templated":true}]}}