{"id":180404,"date":"2019-07-10T15:46:44","date_gmt":"2019-07-10T12:46:44","guid":{"rendered":"http:\/\/www.tvturk.com\/index.php\/turk-tarih-kurumundan-15-temmuz-paneli\/"},"modified":"2019-07-10T15:46:44","modified_gmt":"2019-07-10T12:46:44","slug":"turk-tarih-kurumundan-15-temmuz-paneli","status":"publish","type":"post","link":"http:\/\/www.tvturk.com\/index.php\/turk-tarih-kurumundan-15-temmuz-paneli\/","title":{"rendered":"T\u00fcrk Tarih Kurumundan 15 Temmuz Paneli"},"content":{"rendered":"<p>Atat\u00fcrk K\u00fclt\u00fcr, Dil ve Tarih Y\u00fcksek Kurumu b\u00fcnyesindeki T\u00fcrk Tarih Kurumu, 15 Temmuz\u2019un 3. y\u0131l d\u00f6n\u00fcm\u00fcnde &#8220;Hukuksuz \u0130ktidar Sava\u015flar\u0131 ve 15 Temmuz Darbe Te\u015febb\u00fcs\u00fc Paneli&#8221; d\u00fczenleyecek.<\/p>\n<p>12 Temmuz\u2019da T\u00fcrk Tarih Kurumu Konferans Salonu\u2019nda ger\u00e7ekle\u015fecek olan etkinlik, Y\u0131ld\u0131r\u0131m Beyaz\u0131t \u00dcniversitesi Rekt\u00f6r\u00fc Prof. Dr. \u0130brahim Ayd\u0131nl\u0131\u2019n\u0131n verece\u011fi konferansla ba\u015flayacak. Konferans\u0131n ard\u0131ndan T\u00fcrk Tarih Kurumu Ba\u015fkan\u0131 Prof. Dr. Refik Turan ba\u015fkanl\u0131\u011f\u0131nda ger\u00e7ekle\u015fecek olan panelde ise yak\u0131n tarihimizdeki darbeler ve darbe te\u015febb\u00fcsleri, tarih\u00ee ve siyasi boyutlar\u0131yla ele al\u0131nacak. Gazi \u00dcniversitesi \u00d6\u011fretim \u00dcyesi Prof. Dr. Nejla G\u00fcnay \u201cTarih\u00ee Boyutuyla 15 Temmuz Darbe Te\u015febb\u00fcs\u00fc\u201d, \u0130stinye \u00dcniversitesi \u00d6\u011fretim \u00dcyesi Prof. Dr. Mesut Hakk\u0131 Ca\u015f\u0131n \u201cD\u0131\u015f Politika ve G\u00fcvenlik  Boyutuyla 15 Temmuz Darbe Te\u015febb\u00fcs\u00fc&#8221;, Ankara Hac\u0131 Bayram Veli \u00dcniversitesi \u00d6\u011fretim \u00dcyesi Prof. Dr. Mehmet Seyfettin Erol ise \u201cYeni D\u00fcnya D\u00fczeni \u0130n\u015fa S\u00fcrecinde Hukuksuz \u0130ktidar Sava\u015flar\u0131 ve 15 Temmuz\u201d ba\u015fl\u0131kl\u0131 konu\u015fmalar\u0131n\u0131 ger\u00e7ekle\u015ftirecek.<\/p>\n<p>Panel, t\u00fcm ilgililerin kat\u0131l\u0131m\u0131na a\u00e7\u0131k olacak.<\/p>\n","protected":false},"excerpt":{"rendered":"<p>ATAT\u00dcRK K\u00dcLT\u00dcR, D\u0130L VE TAR\u0130H Y\u00dcKSEK KURUMU B\u00dcNYES\u0130NDEK\u0130 T\u00dcRK TAR\u0130H KURUMU, 15 TEMMUZ\u2019UN 3. YIL D\u00d6N\u00dcM\u00dcNDE &#8220;HUKUKSUZ \u0130KT\u0130DAR SAVA\u015eLARI VE 15 TEMMUZ DARBE TE\u015eEBB\u00dcS\u00dc PANEL\u0130&#8221; D\u00dcZENLEYECEK.<\/p>\n","protected":false},"author":1,"featured_media":180405,"comment_status":"closed","ping_status":"open","sticky":false,"template":"","format":"standard","meta":{"jetpack_post_was_ever_published":false,"_jetpack_newsletter_access":"","_jetpack_dont_email_post_to_subs":false,"_jetpack_newsletter_tier_id":0,"_jetpack_memberships_contains_paywalled_content":false,"_jetpack_memberships_contains_paid_content":false,"footnotes":"","jetpack_publicize_message":"","jetpack_publicize_feature_enabled":true,"jetpack_social_post_already_shared":true,"jetpack_social_options":{"image_generator_settings":{"template":"highway","default_image_id":0,"font":"","enabled":false},"version":2}},"categories":[1],"tags":[14227,7901,1330,1148,957],"class_list":["post-180404","post","type-post","status-publish","format-standard","has-post-thumbnail","hentry","category-genel","tag-kurumundan","tag-paneli","tag-tarih","tag-temmuz","tag-turk"],"jetpack_publicize_connections":[],"jetpack_featured_media_url":"https:\/\/i0.wp.com\/www.tvturk.com\/wp-content\/uploads\/2019\/07\/turk-tarih-kurumundan-15-temmuz-paneli_15ad542.jpg?fit=717%2C1000","jetpack_sharing_enabled":true,"jetpack_shortlink":"https:\/\/wp.me\/paKIfm-KVK","_links":{"self":[{"href":"http:\/\/www.tvturk.com\/index.php\/wp-json\/wp\/v2\/posts\/180404","targetHints":{"allow":["GET"]}}],"collection":[{"href":"http:\/\/www.tvturk.com\/index.php\/wp-json\/wp\/v2\/posts"}],"about":[{"href":"http:\/\/www.tvturk.com\/index.php\/wp-json\/wp\/v2\/types\/post"}],"author":[{"embeddable":true,"href":"http:\/\/www.tvturk.com\/index.php\/wp-json\/wp\/v2\/users\/1"}],"replies":[{"embeddable":true,"href":"http:\/\/www.tvturk.com\/index.php\/wp-json\/wp\/v2\/comments?post=180404"}],"version-history":[{"count":0,"href":"http:\/\/www.tvturk.com\/index.php\/wp-json\/wp\/v2\/posts\/180404\/revisions"}],"wp:featuredmedia":[{"embeddable":true,"href":"http:\/\/www.tvturk.com\/index.php\/wp-json\/wp\/v2\/media\/180405"}],"wp:attachment":[{"href":"http:\/\/www.tvturk.com\/index.php\/wp-json\/wp\/v2\/media?parent=180404"}],"wp:term":[{"taxonomy":"category","embeddable":true,"href":"http:\/\/www.tvturk.com\/index.php\/wp-json\/wp\/v2\/categories?post=180404"},{"taxonomy":"post_tag","embeddable":true,"href":"http:\/\/www.tvturk.com\/index.php\/wp-json\/wp\/v2\/tags?post=180404"}],"curies":[{"name":"wp","href":"https:\/\/api.w.org\/{rel}","templated":true}]}}