{"id":180426,"date":"2019-07-10T16:31:18","date_gmt":"2019-07-10T13:31:18","guid":{"rendered":"http:\/\/www.tvturk.com\/index.php\/fransiz-diplomat-emmanuel-bonne-tahranda\/"},"modified":"2019-07-10T16:31:18","modified_gmt":"2019-07-10T13:31:18","slug":"fransiz-diplomat-emmanuel-bonne-tahranda","status":"publish","type":"post","link":"http:\/\/www.tvturk.com\/index.php\/fransiz-diplomat-emmanuel-bonne-tahranda\/","title":{"rendered":"Frans\u0131z diplomat Emmanuel Bonne Tahran\u2019da"},"content":{"rendered":"<p>Fransa Cumhurba\u015fkan\u0131 Emmanuel Macron\u2019un Dan\u0131\u015fman\u0131 Emmanuel Bonne, bug\u00fcn Tahran\u2019a gelerek \u0130ran Ulusal G\u00fcvenlik Konseyi Sekreteri Ali \u015eam\u015fani ile g\u00f6r\u00fc\u015ft\u00fc.<\/p>\n<p>Fransa Cumhurba\u015fkan\u0131 Emmanuel Macron\u2019un Dan\u0131\u015fman\u0131 ve Orta Do\u011fu Uzman\u0131 Frans\u0131z diplomat Emmanuel Bonne, \u0130ran ile ABD aras\u0131nda ya\u015fanan n\u00fckleer krizini g\u00f6r\u00fc\u015fmek ve tansiyonu d\u00fc\u015f\u00fcrmek amac\u0131yla Tahran\u2019a ziyaret ger\u00e7ekle\u015ftiriyor. Bonne, Tahran temaslar\u0131 kapsam\u0131nda \u0130ran Ulusal G\u00fcvenlik Konseyi sekreteri Ali \u015eam\u015fani ile bir araya geldi. Ayn\u0131 zamanda Orta Do\u011fu Stratejik Ara\u015ft\u0131rmalar Merkezi\u2019nde (ORSAM) misafir \u00f6\u011fretim \u00fcyesi olarak g\u00f6rev yapan akademisyen Abas Aslani, sosyal medya hesab\u0131 \u00fczerinde toplant\u0131ya dair ilk a\u00e7\u0131klamalar\u0131 payla\u015ft\u0131. Aslani payla\u015f\u0131mlar\u0131nda, Macron\u2019un dan\u0131\u015fman\u0131 Emmanuel Bonne\u2019un \u201c\u0130ran\u2019da arabulucu olarak bulunmuyorum. Yaln\u0131zca, ABD\u2019den Tahran\u2019a bir mesaj iletiyorum. Emmanuel Macron, ABD ile \u0130ran aras\u0131ndaki ekonomik sava\u015fta ate\u015fkes sa\u011flayacak ortak giri\u015fimlerin pe\u015findeydi ve b\u00f6lgede sakinle\u015fmenin sa\u011flanabilece\u011fine inan\u0131yor\u201d dedi\u011fini \u00f6ne s\u00fcrd\u00fc. Aslani bir di\u011fer payla\u015f\u0131m\u0131nda ise Frans\u0131z diplomatla g\u00f6r\u00fc\u015fen \u015eam\u015fani\u2019nin \u201cABD, Avrupa\u2019n\u0131n ba\u011f\u0131ms\u0131zl\u0131\u011f\u0131n\u0131 elinden alarak esir etti. N\u00fckleer taahh\u00fctlerin ad\u0131m ad\u0131m azalt\u0131lmas\u0131, \u0130ran\u2019\u0131n de\u011fi\u015ftirilemez bir stratejisidir\u201d dedi\u011fini iddia etti.<\/p>\n<p>Ziyaretin amac\u0131 \u0130ran krizini hafifletmek<\/p>\n<p>Fransa Cumhurba\u015fkan\u0131\u2019n\u0131n Dan\u0131\u015fman\u0131 Emmanuel Bonne taraf\u0131ndan ger\u00e7ekle\u015ftirilen ziyaret, 2015 tarihli Kapsaml\u0131 Ortak Eylem Plan\u0131\u2019n\u0131n (KOEP) \u0130ran\u2019\u0131n n\u00fckleer program\u0131na yeniden dahil edilmesini sa\u011flama amac\u0131yla d\u00fczenleniyor. Frans\u0131z diplomat Bonne, Elysee Saray\u0131 taraf\u0131ndan krizi hafifletecek fakt\u00f6rler olu\u015fturmas\u0131 g\u00f6reviyle 2 g\u00fcnl\u00fck bir programla g\u00f6nderildi. Uzmanlara g\u00f6re, Avrupal\u0131 diplomatlar Tahran ile Washington aras\u0131ndaki krizin yumu\u015famas\u0131n\u0131 bekleyip zaman kazanmaya \u00e7al\u0131\u015f\u0131rken Fransa Cumhurba\u015fkan\u0131 Emmanuel Macron, krizle ilgili durumu kurtaracak acil bir \u00e7\u00f6z\u00fcm bulmak amac\u0131yla Avrupa\u2019n\u0131n diplomatik \u00e7abalar\u0131na \u00f6nc\u00fcl\u00fck etmeye \u00e7al\u0131\u015f\u0131yor.<\/p>\n<p>Uluslararas\u0131 Atom Enerjisi Kurumu (IAEA) bug\u00fcn d\u00fczenleyece\u011fi acil durum toplant\u0131s\u0131nda \u0130ran\u2019\u0131n n\u00fckleer program\u0131n\u0131 tart\u0131\u015facak.<\/p>\n<p>\u201cHerekes zaman kazanmaya \u00e7al\u0131\u015f\u0131yor\u201d<\/p>\n<p>ABD Ba\u015fkan\u0131 Donald Trump\u2019\u0131n, tek tarafl\u0131 bir \u015fekilde ABD\u2019nin 2018 anla\u015fmas\u0131ndan geri \u00e7ekilece\u011fini a\u00e7\u0131klamas\u0131n\u0131n ard\u0131ndan \u0130ran zenginle\u015ftirilmi\u015f uranyum depolama seviyelerini artt\u0131rmaya ba\u015flad\u0131 ve bu durum sallant\u0131daki anla\u015fman\u0131n ortadan kalkaca\u011f\u0131 endi\u015fesini do\u011furdu. Anla\u015fman\u0131n da\u011f\u0131lmas\u0131 ve \u0130ran\u2019\u0131n n\u00fckleer silah olarak kullan\u0131lma potansiyeline sahip zenginle\u015ftirilmi\u015f uranyum seviyelerini artt\u0131rmas\u0131 halinde Orta Do\u011fu\u2019da ABD ve m\u00fcttefiki \u0130srail\u2019in de dahil olaca\u011f\u0131 bir sava\u015f \u00e7\u0131kmas\u0131ndan endi\u015fe ediliyor. Avrupal\u0131 bir diplomat \u201cZaman kazan\u0131yoruz, \u0130ranl\u0131lar da \u00f6yle. ABD\u2019den gelecek sembolik bir jeste kar\u015f\u0131l\u0131k, \u0130ran\u2019\u0131 yeniden gemiye bindirmeliyiz\u201d dedi.<\/p>\n<p>Uzmanlar, Avrupal\u0131lar\u0131n konuyla ilgili \u00e7abalar\u0131n\u0131n iki a\u015famal\u0131 olmas\u0131 konusunda hemfikirler. Uzmanlara g\u00f6re ilk a\u015fama, \u0130ran\u2019\u0131 zenginle\u015ftirilmi\u015f uranyum seviyelerini artt\u0131rmay\u0131 durdurmaya ikna etmek. \u0130kinci a\u015fama ise, ABD Ba\u015fkan\u0131 Trump\u2019\u0131 \u0130ran\u2019\u0131 fel\u00e7 etmek i\u00e7in uygulad\u0131\u011f\u0131 yapt\u0131r\u0131mlardan baz\u0131lar\u0131n\u0131 ask\u0131ya almas\u0131n\u0131 sa\u011flamak.<\/p>\n<p>Londra merkezli d\u00fc\u015f\u00fcnce kurulu\u015fu Chatham House\u2019da \u0130ran Ara\u015ft\u0131rmac\u0131s\u0131 Sanam Vakil, \u201cBu oyunun sonunda m\u00fczakere masas\u0131na oturulmas\u0131 i\u00e7in t\u00fcm olay, iki taraf i\u00e7in de yap\u0131\u015f\u0131p kald\u0131klar\u0131 k\u00f6\u015felerinden \u00e7\u0131kmalar\u0131n\u0131 sa\u011flayacak uygun ortam\u0131 olu\u015fturmak. \u0130ran, m\u00fczakere masas\u0131na yeniden oturmak i\u00e7in, yapt\u0131r\u0131mlar\u0131n hafifletilmesi gerekti\u011fini a\u00e7\u0131k\u00e7a belirtti\u201d dedi.<\/p>\n<p>Macron\u2019un 2017 ba\u015fkanl\u0131k kampanyas\u0131 s\u00fcresince savunma dan\u0131\u015fmanl\u0131\u011f\u0131 yapan  ve Fransa BM Eski Askeri Misyon \u015eefi Dominique Trinquand \u201cBana g\u00f6re, Fransa\u2019n\u0131n uzakta olmas\u0131n\u0131n avantaj\u0131ndan faydalanarak ya\u015fanan krizde hem \u0130ran\u2019a hem de ABD\u2019ye fayda sa\u011flayacak bir \u00e7\u00f6z\u00fcm aray\u0131\u015f\u0131ndaki Emmanuel Macron olduk\u00e7a k\u00f6t\u00fc bir pozisyonda\u201d dedi.<\/p>\n<p>Macron Tahran\u2019a m\u0131 gidecek?<\/p>\n<p>\u0130ran Cumhurba\u015fkan\u0131 Hasan Ruhani ge\u00e7ti\u011fimiz g\u00fcnlerde, Fransa Cumhurba\u015fkan\u0131 Emmanuel Macron\u2019un aktif bir \u015fekilde arabuluculuk yapt\u0131\u011f\u0131n\u0131 s\u00f6yledi. Emmanuel Macron\u2019un ge\u00e7ti\u011fimiz y\u0131l d\u00fczenledi\u011fi ziyaret, Frans\u0131z bir liderin Tahran\u2019a 1976 y\u0131l\u0131ndan sonra ilk geli\u015fiydi.<\/p>\n<p>Washington merkezli Hudson Enstit\u00fcs\u00fc\u2019nde K\u0131demli Ara\u015ft\u0131rmac\u0131 Michale Pregent durumu \u201cKonu balistik f\u00fczeler oldu\u011funda ve \u0130ran\u2019\u0131n b\u00f6lgesel tutumu s\u00f6z konusu oldu\u011funda Fransa olduk\u00e7a sert bir dil kullanabiliyor. Bu nedenle \u0130ran krizinde Macron\u2019un tutumunun asl\u0131nda Trump\u2019\u0131nkini destekledi\u011fine inan\u0131yorum\u201d \u015feklinde yorumlad\u0131.<\/p>\n<p>T\u00fcm a\u00e7\u0131klamalara ra\u011fmen Frans\u0131z medya raporlar\u0131, Cumhurba\u015fkan\u0131 Macron\u2019un \u0130ran Cumhurba\u015fkan\u0131 Ruhani ve \u0130ran\u2019\u0131n dini lider Ayetullah Hamaney ile bulu\u015fma ihtimalinden bahsediyor.<\/p>\n","protected":false},"excerpt":{"rendered":"<p>FRANSIZ D\u0130PLOMAT EMMANUEL BONNE TAHRAN\u2019DA<\/p>\n","protected":false},"author":1,"featured_media":180427,"comment_status":"closed","ping_status":"open","sticky":false,"template":"","format":"standard","meta":{"jetpack_post_was_ever_published":false,"_jetpack_newsletter_access":"","_jetpack_dont_email_post_to_subs":false,"_jetpack_newsletter_tier_id":0,"_jetpack_memberships_contains_paywalled_content":false,"_jetpack_memberships_contains_paid_content":false,"footnotes":"","jetpack_publicize_message":"","jetpack_publicize_feature_enabled":true,"jetpack_social_post_already_shared":true,"jetpack_social_options":{"image_generator_settings":{"template":"highway","default_image_id":0,"font":"","enabled":false},"version":2}},"categories":[10],"tags":[44399,44397,44398,8320,23414],"class_list":["post-180426","post","type-post","status-publish","format-standard","has-post-thumbnail","hentry","category-dunya","tag-bonne","tag-diplomat","tag-emmanuel","tag-fransiz","tag-tahranda"],"jetpack_publicize_connections":[],"jetpack_featured_media_url":"https:\/\/i0.wp.com\/www.tvturk.com\/wp-content\/uploads\/2019\/07\/fransiz-diplomat-emmanuel-bonne-tahranda_3626b87.jpg?fit=1000%2C751","jetpack_sharing_enabled":true,"jetpack_shortlink":"https:\/\/wp.me\/paKIfm-KW6","_links":{"self":[{"href":"http:\/\/www.tvturk.com\/index.php\/wp-json\/wp\/v2\/posts\/180426","targetHints":{"allow":["GET"]}}],"collection":[{"href":"http:\/\/www.tvturk.com\/index.php\/wp-json\/wp\/v2\/posts"}],"about":[{"href":"http:\/\/www.tvturk.com\/index.php\/wp-json\/wp\/v2\/types\/post"}],"author":[{"embeddable":true,"href":"http:\/\/www.tvturk.com\/index.php\/wp-json\/wp\/v2\/users\/1"}],"replies":[{"embeddable":true,"href":"http:\/\/www.tvturk.com\/index.php\/wp-json\/wp\/v2\/comments?post=180426"}],"version-history":[{"count":0,"href":"http:\/\/www.tvturk.com\/index.php\/wp-json\/wp\/v2\/posts\/180426\/revisions"}],"wp:featuredmedia":[{"embeddable":true,"href":"http:\/\/www.tvturk.com\/index.php\/wp-json\/wp\/v2\/media\/180427"}],"wp:attachment":[{"href":"http:\/\/www.tvturk.com\/index.php\/wp-json\/wp\/v2\/media?parent=180426"}],"wp:term":[{"taxonomy":"category","embeddable":true,"href":"http:\/\/www.tvturk.com\/index.php\/wp-json\/wp\/v2\/categories?post=180426"},{"taxonomy":"post_tag","embeddable":true,"href":"http:\/\/www.tvturk.com\/index.php\/wp-json\/wp\/v2\/tags?post=180426"}],"curies":[{"name":"wp","href":"https:\/\/api.w.org\/{rel}","templated":true}]}}