{"id":180428,"date":"2019-07-10T16:31:38","date_gmt":"2019-07-10T13:31:38","guid":{"rendered":"http:\/\/www.tvturk.com\/index.php\/denizcilik-fakultesi-icin-dev-adim\/"},"modified":"2019-07-10T16:31:38","modified_gmt":"2019-07-10T13:31:38","slug":"denizcilik-fakultesi-icin-dev-adim","status":"publish","type":"post","link":"http:\/\/www.tvturk.com\/index.php\/denizcilik-fakultesi-icin-dev-adim\/","title":{"rendered":"Denizcilik Fak\u00fcltesi i\u00e7in dev ad\u0131m"},"content":{"rendered":"<p>Gemlik\u2019te Denizcilik Fak\u00fcltesinin kurulmas\u0131 i\u00e7in \u00e7al\u0131\u015fmalar\u0131na devam eden AK Parti Bursa Milletvekili Zafer I\u015f\u0131k, Denizcilik Y\u00fcksek Okuluna m\u00fcd\u00fcr tayin edildi\u011fini bildirdi.<\/p>\n<p>Prof. Dr. Ali R\u0131za Y\u0131ld\u0131z\u2019\u0131n m\u00fcd\u00fcr olarak g\u00f6revlendirildi\u011fini s\u00f6yleyen Vekil Zafer I\u015f\u0131k, \u2019\u2019Uluda\u011f \u00dcniversitesi Gemlik As\u0131m Kocab\u0131y\u0131k Kampusunun geli\u015fmesi i\u00e7in \u00f6nemli \u00e7al\u0131\u015fmalar yap\u0131yoruz. G\u00fcn\u00fc geldi\u011finde, ba\u011f\u0131ms\u0131z \u00fcniversite olmas\u0131 i\u00e7in de alt yap\u0131y\u0131 sa\u011fl\u0131yoruz. Denizcilik Y\u00fcksek Okulunun fak\u00fclte olabilmesi i\u00e7in at\u0131lmas\u0131 gereken ad\u0131mlardan en \u00f6nemlisi de d\u00f6rt y\u0131ll\u0131k b\u00f6l\u00fcmler a\u00e7\u0131lmas\u0131yd\u0131. Bu anlamda Gemlik\u2019te iki b\u00f6l\u00fcm daha a\u00e7\u0131lacak. M\u00fcd\u00fcr\u00fcm\u00fcz\u00fcn tayini tamamland\u0131, bundan sonraki ad\u0131mda da \u00f6\u011fretim g\u00f6revlilerin atanmas\u0131 i\u00e7in ilana \u00e7\u0131kmak olacak. Eksiklerin tamamlanmas\u0131n\u0131n ard\u0131ndan \u00f6n\u00fcm\u00fczdeki sene \u00f6\u011frencileri almay\u0131 hedefliyoruz\u2019\u2019 dedi.<\/p>\n<p>Gemlik Yerle\u015fkesinde Denizcilik \u0130\u015fletmeleri B\u00f6l\u00fcm\u00fc, Lojistik Y\u00f6netimi B\u00f6l\u00fcm\u00fc, Deniz Ula\u015ft\u0131rma \u0130\u015fletme M\u00fchendisli\u011fi B\u00f6l\u00fcm\u00fc ve Gemi Makineleri \u0130\u015fletme M\u00fchendisli\u011fi B\u00f6l\u00fcm\u00fc yer alacak. Fak\u00fcltele\u015fme ad\u0131na \u00f6nemli bir ad\u0131m olan b\u00f6l\u00fcmlerin a\u00e7\u0131lmas\u0131n\u0131n b\u00f6lgede \u00fcniversitenin \u00f6n\u00fcn\u00fc a\u00e7aca\u011f\u0131 d\u00fc\u015f\u00fcn\u00fcl\u00fcyor.<\/p>\n","protected":false},"excerpt":{"rendered":"<p>I\u015eIK; DEN\u0130ZC\u0130L\u0130K FAK\u00dcLTES\u0130 \u0130\u00c7\u0130N DEV ADIM<\/p>\n","protected":false},"author":1,"featured_media":180429,"comment_status":"closed","ping_status":"open","sticky":false,"template":"","format":"standard","meta":{"jetpack_post_was_ever_published":false,"_jetpack_newsletter_access":"","_jetpack_dont_email_post_to_subs":false,"_jetpack_newsletter_tier_id":0,"_jetpack_memberships_contains_paywalled_content":false,"_jetpack_memberships_contains_paid_content":false,"footnotes":"","jetpack_publicize_message":"","jetpack_publicize_feature_enabled":true,"jetpack_social_post_already_shared":true,"jetpack_social_options":{"image_generator_settings":{"template":"highway","default_image_id":0,"font":"","enabled":false},"version":2}},"categories":[1],"tags":[7429,4222,3017,644,44],"class_list":["post-180428","post","type-post","status-publish","format-standard","has-post-thumbnail","hentry","category-genel","tag-adim","tag-denizcilik","tag-dev","tag-fakultesi","tag-icin"],"jetpack_publicize_connections":[],"jetpack_featured_media_url":"https:\/\/i0.wp.com\/www.tvturk.com\/wp-content\/uploads\/2019\/07\/denizcilik-fakultesi-icin-dev-adim_b463472.jpg?fit=1000%2C666","jetpack_sharing_enabled":true,"jetpack_shortlink":"https:\/\/wp.me\/paKIfm-KW8","_links":{"self":[{"href":"http:\/\/www.tvturk.com\/index.php\/wp-json\/wp\/v2\/posts\/180428","targetHints":{"allow":["GET"]}}],"collection":[{"href":"http:\/\/www.tvturk.com\/index.php\/wp-json\/wp\/v2\/posts"}],"about":[{"href":"http:\/\/www.tvturk.com\/index.php\/wp-json\/wp\/v2\/types\/post"}],"author":[{"embeddable":true,"href":"http:\/\/www.tvturk.com\/index.php\/wp-json\/wp\/v2\/users\/1"}],"replies":[{"embeddable":true,"href":"http:\/\/www.tvturk.com\/index.php\/wp-json\/wp\/v2\/comments?post=180428"}],"version-history":[{"count":0,"href":"http:\/\/www.tvturk.com\/index.php\/wp-json\/wp\/v2\/posts\/180428\/revisions"}],"wp:featuredmedia":[{"embeddable":true,"href":"http:\/\/www.tvturk.com\/index.php\/wp-json\/wp\/v2\/media\/180429"}],"wp:attachment":[{"href":"http:\/\/www.tvturk.com\/index.php\/wp-json\/wp\/v2\/media?parent=180428"}],"wp:term":[{"taxonomy":"category","embeddable":true,"href":"http:\/\/www.tvturk.com\/index.php\/wp-json\/wp\/v2\/categories?post=180428"},{"taxonomy":"post_tag","embeddable":true,"href":"http:\/\/www.tvturk.com\/index.php\/wp-json\/wp\/v2\/tags?post=180428"}],"curies":[{"name":"wp","href":"https:\/\/api.w.org\/{rel}","templated":true}]}}