{"id":180430,"date":"2019-07-10T16:32:22","date_gmt":"2019-07-10T13:32:22","guid":{"rendered":"http:\/\/www.tvturk.com\/index.php\/antalyada-avrupa-u22-plaj-voleybolu-sampiyonasi-basliyor\/"},"modified":"2019-07-10T16:32:22","modified_gmt":"2019-07-10T13:32:22","slug":"antalyada-avrupa-u22-plaj-voleybolu-sampiyonasi-basliyor","status":"publish","type":"post","link":"http:\/\/www.tvturk.com\/index.php\/antalyada-avrupa-u22-plaj-voleybolu-sampiyonasi-basliyor\/","title":{"rendered":"Antalya\u2019da, Avrupa U22 Plaj Voleybolu \u015eampiyonas\u0131 ba\u015fl\u0131yor"},"content":{"rendered":"<p>T\u00fcrkiye\u2019nin ikinci kez ev sahipli\u011fi yapaca\u011f\u0131 CEV U22 Plaj Voleybolu Avrupa \u015eampiyonas\u0131, yar\u0131n Antalya\u2019da ba\u015flayacak.<\/p>\n<p>T\u00fcrkiye Voleybol Federasyonu ve Antalya Gen\u00e7lik ve Spor \u0130l M\u00fcd\u00fcrl\u00fc\u011f\u00fc i\u015fbirli\u011fiyle 11-14 Temmuz 2019 tarihlerinde yap\u0131lacak olan \u015fampiyona, Antalya Spor Salonu Plaj Voleybolu Merkezi ile Akdeniz \u00dcniversitesi Plaj Voleybolu Merkezi\u2019nde ger\u00e7ekle\u015ftirilecek.<\/p>\n<p>Organizasyona 27 Avrupa \u00fclkesinden 64 tak\u0131m, 128 milli sporcu kat\u0131lacak. T\u00fcrkiye, erkeklerde 3, kad\u0131nlarda da 1 olmak \u00fczere toplam 4 tak\u0131m ile m\u00fccadele edecek.<\/p>\n<p>Yar\u0131n ba\u015flayacak m\u00fcsabakalar \u00f6ncesi T\u00fcrkiye Voleybol Federasyonu Plaj ve Kar Voleybolu Y\u00f6netmeni O\u011fuz De\u011firmenci, Gen\u00e7lik ve Spor Hizmetleri \u0130l M\u00fcd\u00fcr\u00fc Burhanettin Hac\u0131cafero\u011flu, organizat\u00f6r G\u00fcrsel Ye\u015filta\u015f, Antalya Voleybol \u0130l Temsilcisi Kenan G\u00fcrkan, Antalya Spor Salonu\u2019nda bas\u0131n toplant\u0131s\u0131 d\u00fczenledi.<\/p>\n<p>Federasyon olarak ulusal ve uluslararas\u0131 organizasyonlara imza att\u0131klar\u0131n\u0131 ve bunlar\u0131n \u00e7o\u011funun Antalya\u2019da oldu\u011funu belirten De\u011firmenci, \u201c2019 y\u0131l\u0131nda Avrupa\u2019n\u0131n \u00f6nemli organizasyonu Avrupa \u015eampiyonas\u0131\u2019n\u0131 Antalya\u2019ya getirdik. \u0130ki alanda birden m\u00fcsabakalar devam edecek. 27 \u00fclkeden 64 tak\u0131m kat\u0131l\u0131yor. Hepsi milli tak\u0131m d\u00fczeyinde ve gelece\u011fin y\u0131ld\u0131zlar\u0131 sahaya \u00e7\u0131kacak. T\u00fcrkiye\u2019nin ve Avrupa\u2019n\u0131n bir\u00e7ok \u00fclkesinden hakemler buraya geldi. Ma\u00e7lar internet \u00fczerinden d\u00fcnyan\u0131n her yerinden izlenebilecek\u201d dedi.<\/p>\n<p>&#8220;27 \u00fclke, 128 sporcu&#8221;<\/p>\n<p>22 ya\u015f alt\u0131 plaj voleybolu toplant\u0131s\u0131 i\u00e7in biraya geldiklerini ifade eden Burhanettin Hac\u0131cafero\u011flu, \u201c4 y\u0131l \u00f6nce hizmete a\u00e7t\u0131\u011f\u0131m\u0131z Antalyaspor Salonu bir\u00e7ok uluslararas\u0131 turnuvaya ev sahipli\u011fi yapt\u0131. Salonun hemen \u00f6n\u00fcnde ay\u0131rd\u0131\u011f\u0131m\u0131z plaj voleybolu sahas\u0131nda ilk uluslararas\u0131 turnuvay\u0131 yapacak olman\u0131n mutlulu\u011funu ya\u015f\u0131yoruz. Bu sahalar\u0131 biz planlarken hem yerel plaj voleybolunu, hentbolunu, basketbolunu planlam\u0131\u015ft\u0131k. Bu art\u0131k d\u00fcnyada bir trend. T\u00fcm bran\u015flar\u0131n plajlarda da organizasyonlar\u0131 yap\u0131l\u0131yor. Bug\u00fcn spor salonumuzun \u00f6n\u00fcnde yakla\u015f\u0131k 6 ile 8 sahan\u0131n plaj voleybol sahas\u0131 olarak hizmete a\u00e7t\u0131k. 27 \u00fclkeden 128 sporcu kat\u0131l\u0131yor. Hem Antalya\u2019n\u0131n tan\u0131t\u0131m\u0131 hem de Gen\u00e7lik ve Spor Bakanl\u0131\u011f\u0131\u2019n\u0131n tesislerinin tan\u0131t\u0131m\u0131nda g\u00fczel bir organizasyonun olaca\u011f\u0131n\u0131 d\u00fc\u015f\u00fcn\u00fcyoruz\u201d diye konu\u015ftu.<\/p>\n<p>&#8220;Hedef d\u00fcnya \u015fampiyonas\u0131&#8221;<\/p>\n<p>Bu t\u00fcr organizasyonlar\u0131n Antalya\u2019da daha fazla yap\u0131lmas\u0131n\u0131 arzu ettiklerini ifade eden Hac\u0131cafero\u011flu, \u201c\u0130n\u015fallah plaj voleybolu ile ilgili bir \u00e7ok organizasyona ev sahipli\u011fi yapaca\u011f\u0131z. 18 ya\u015f alt\u0131 d\u00fcnya \u015fampiyonas\u0131n\u0131 Antalya\u2019da yapmay\u0131 d\u00fc\u015f\u00fcn\u00fcyoruz ama talebimiz daha b\u00fcy\u00fck \u015fampiyonalar\u0131 almak. Bu t\u00fcr organizasyonlar tan\u0131t\u0131m i\u00e7in \u00f6nemli. Biz de Antalya olarak bu t\u00fcr sportif faaliyetleri yapmay\u0131 arzuluyoruz. \u00c7ok \u00f6nemli yatak kapasitesine sahip bir il. Turizmi \u00e7e\u015fitlendirmenin yolu da spordan ge\u00e7iyor\u201d ifadelerine yer verdi.<\/p>\n","protected":false},"excerpt":{"rendered":"<p>M\u00dcSABAKALAR \u00d6NCES\u0130, T\u00dcRK\u0130YE VOLEYBOL FEDERASYONU PLAJ VE KAR VOLEYBOLU Y\u00d6NETMEN\u0130 O\u011eUZ DE\u011e\u0130RMENC\u0130(SOLDAN1), GEN\u00c7L\u0130K VE SPOR H\u0130ZMETLER\u0130 \u0130L M\u00dcD\u00dcR\u00dc BURHANETT\u0130N HACICAFERO\u011eLU(SAGDAN1), ORGAN\u0130ZAT\u00d6R G\u00dcRSEL YE\u015e\u0130LTA\u015e(SAGDAK\u0130), ANTALYA VOLEYBOL \u0130L TEMS\u0130LC\u0130S\u0130 KENAN G\u00dcRKAN(SOLDA),  ANTALYA SPOR SALONU\u2019NDA BASIN TOPLANTISI D\u00dcZENLED\u0130.<\/p>\n","protected":false},"author":1,"featured_media":180431,"comment_status":"closed","ping_status":"open","sticky":false,"template":"","format":"standard","meta":{"jetpack_post_was_ever_published":false,"_jetpack_newsletter_access":"","_jetpack_dont_email_post_to_subs":false,"_jetpack_newsletter_tier_id":0,"_jetpack_memberships_contains_paywalled_content":false,"_jetpack_memberships_contains_paid_content":false,"footnotes":"","jetpack_publicize_message":"","jetpack_publicize_feature_enabled":true,"jetpack_social_post_already_shared":true,"jetpack_social_options":{"image_generator_settings":{"template":"highway","default_image_id":0,"font":"","enabled":false},"version":2}},"categories":[657],"tags":[1327,392,1647,14148,395,44400,19090],"class_list":["post-180430","post","type-post","status-publish","format-standard","has-post-thumbnail","hentry","category-spor","tag-antalyada","tag-avrupa","tag-basliyor","tag-plaj","tag-sampiyonasi","tag-u22","tag-voleybolu"],"jetpack_publicize_connections":[],"jetpack_featured_media_url":"https:\/\/i0.wp.com\/www.tvturk.com\/wp-content\/uploads\/2019\/07\/antalyada-avrupa-u22-plaj-voleybolu-sampiyonasi-basliyor_a9b7e23.jpg?fit=1000%2C542","jetpack_sharing_enabled":true,"jetpack_shortlink":"https:\/\/wp.me\/paKIfm-KWa","_links":{"self":[{"href":"http:\/\/www.tvturk.com\/index.php\/wp-json\/wp\/v2\/posts\/180430","targetHints":{"allow":["GET"]}}],"collection":[{"href":"http:\/\/www.tvturk.com\/index.php\/wp-json\/wp\/v2\/posts"}],"about":[{"href":"http:\/\/www.tvturk.com\/index.php\/wp-json\/wp\/v2\/types\/post"}],"author":[{"embeddable":true,"href":"http:\/\/www.tvturk.com\/index.php\/wp-json\/wp\/v2\/users\/1"}],"replies":[{"embeddable":true,"href":"http:\/\/www.tvturk.com\/index.php\/wp-json\/wp\/v2\/comments?post=180430"}],"version-history":[{"count":0,"href":"http:\/\/www.tvturk.com\/index.php\/wp-json\/wp\/v2\/posts\/180430\/revisions"}],"wp:featuredmedia":[{"embeddable":true,"href":"http:\/\/www.tvturk.com\/index.php\/wp-json\/wp\/v2\/media\/180431"}],"wp:attachment":[{"href":"http:\/\/www.tvturk.com\/index.php\/wp-json\/wp\/v2\/media?parent=180430"}],"wp:term":[{"taxonomy":"category","embeddable":true,"href":"http:\/\/www.tvturk.com\/index.php\/wp-json\/wp\/v2\/categories?post=180430"},{"taxonomy":"post_tag","embeddable":true,"href":"http:\/\/www.tvturk.com\/index.php\/wp-json\/wp\/v2\/tags?post=180430"}],"curies":[{"name":"wp","href":"https:\/\/api.w.org\/{rel}","templated":true}]}}