{"id":180436,"date":"2019-07-10T16:47:14","date_gmt":"2019-07-10T13:47:14","guid":{"rendered":"http:\/\/www.tvturk.com\/index.php\/istanbuldan-gurcistana-yelkenler-fora\/"},"modified":"2019-07-10T16:47:14","modified_gmt":"2019-07-10T13:47:14","slug":"istanbuldan-gurcistana-yelkenler-fora","status":"publish","type":"post","link":"http:\/\/www.tvturk.com\/index.php\/istanbuldan-gurcistana-yelkenler-fora\/","title":{"rendered":"\u0130stanbul\u2019dan G\u00fcrcistan\u2019a yelkenler fora"},"content":{"rendered":"<p>Karadeniz\u2019i d\u00fcnya yelken turizmine a\u00e7mak ve antik Argonot efsanesini ya\u015fatmak amac\u0131yla bir ay \u00f6nce Yunanistan\u2019\u0131n Volos liman\u0131ndan demir alan 12 yat, Argonot efsanesinin \u00f6nemli duraklar\u0131ndan olan Ordu\u2019nun Per\u015fembe il\u00e7esine ula\u015ft\u0131.<\/p>\n<p>T\u00fcrkiye\u2019de amat\u00f6r denizcili\u011fin geli\u015fimine katk\u0131 sa\u011flama amac\u0131yla 2017 y\u0131l\u0131nda kurulan Denizlerdeyiz Amat\u00f6r Denizciler Derne\u011fi (DADD) taraf\u0131ndan d\u00fczenlenen ve Ordu B\u00fcy\u00fck\u015fehir Belediyesi taraf\u0131ndan desteklenen DADDralli Karadeniz, t\u00fcm h\u0131z\u0131yla s\u00fcr\u00fcyor. 9 Haziran\u2019da yola \u00e7\u0131kan yatlar 42 limana u\u011frayarak Karadeniz sular\u0131ndaki 75 g\u00fcnl\u00fck bir ser\u00fcvenin ard\u0131ndan 1800 mil yaparak efsanedeki argonotlar\u0131n Alt\u0131npost hedefine ula\u015ft\u0131\u011f\u0131 G\u00fcrcistan\u2019a ula\u015facak.<\/p>\n<p>12 teknenin yelken bast\u0131\u011f\u0131 etkinlikte 3 Alman, 2 Hollanda ve 1 Frans\u0131z ekipte bulunuyor.<\/p>\n<p>Karadeniz turuna \u0130stanbul\u2019dan kat\u0131lan Ziya Toper, Argonot efsanesini canland\u0131rmak amac\u0131yla Vollos\u2019tan yol ac\u0131kt\u0131klar\u0131n\u0131 ve G\u00fcrcistan\u2019a kadar gideceklerini belirtti.<\/p>\n<p>DADD Ba\u015fkan Yard\u0131mc\u0131s\u0131 Azmi \u00d6zel de bu rallinin amac\u0131n\u0131n Karadeniz\u2019i yerli ve yabanc\u0131 yat turizmine a\u00e7mak, yat\u00e7\u0131l\u0131\u011f\u0131 ve yelkeni sevdirmek oldu\u011funu s\u00f6yledi.<\/p>\n<p>Ordu B\u00fcy\u00fck\u015fehir Belediye Ba\u015fkan Vekili Adem Atik, 12 yat\u0131 Ordu\u2019da a\u011f\u0131rlamaktan mutlu olduklar\u0131n\u0131 ve her t\u00fcrl\u00fc misafirperverli\u011fi g\u00f6stereceklerini belirterek, \u201cKaradeniz\u2019e k\u0131y\u0131s\u0131 olan illerin \u00e7o\u011fu denize uzak bir tutum sergiliyor. Bunlardan birisi de Ordu. Karadeniz\u2019e k\u0131y\u0131s\u0131 olmas\u0131na ra\u011fmen denizden gerekti\u011fi kadar yararlan\u0131lamam\u0131\u015f. Ordu B\u00fcy\u00fck\u015fehir Belediyesi olarak bu durumu ortadan kald\u0131rmak, denizi y\u00f6re insan\u0131m\u0131za sevdirmek i\u00e7in bu t\u00fcr sosyal etkinlikleri tertipliyor ve destekliyoruz\u201d dedi.<\/p>\n<p>Alt\u0131npost efsanesi<\/p>\n<p>Alt\u0131n Post efsanesi, Yason ve liderlik etti\u011fi argonotlar olarak adland\u0131r\u0131lan 50 denizcinin hikayesini anlat\u0131yor. 2300 y\u0131ll\u0131k tarihe sahip Alt\u0131npost efsanesi Teselya\u2019da ge\u00e7iyor. Efsaneye g\u00f6re, Teselya\u2019da bulunan \u0130olkos taht\u0131n\u0131 karde\u015finin hakk\u0131 olmas\u0131na ra\u011fmen zorla ele ge\u00e7iren Kral Pelias, kendisine kar\u015f\u0131 tehdit oldu\u011funu d\u00fc\u015f\u00fcnd\u00fc\u011f\u00fc ye\u011feni Yason\u2019u aralar\u0131nda Herakles (Herk\u00fcl), Orpheus, A\u015fil\u2019in babas\u0131 Peleus\u2019un da bulundu\u011fu Yunanistan\u2019\u0131n en \u00fcnl\u00fc kahramanlar\u0131yla birlikte alt\u0131n t\u00fcyl\u00fc kanatl\u0131 mitolojik bir ko\u00e7un postu ve zenginlik-iktidar sembol\u00fc olarak bilinen Alt\u0131n Post\u2019u getirmek \u00fczere Kolkhis\u2019e (g\u00fcn\u00fcm\u00fczde Bat\u0131 G\u00fcrcistan) g\u00f6nderiyor.<\/p>\n<p>Argus isimli tekne ustas\u0131, bu g\u00f6rev i\u00e7in tanr\u0131\u00e7a Athena\u2019n\u0131n yard\u0131m\u0131yla ba\u015f tanr\u0131\u00e7a Hera\u2019n\u0131n korudu\u011fu Argo isimli b\u00fcy\u00fcl\u00fc gemiyi in\u015fa eder. Yason\u2019un adamlar\u0131na Argonot denmesi i\u015fte bu geminin ad\u0131ndan kaynaklan\u0131yor ve \u2018Argo\u2019nun m\u00fcrettebat\u0131\u2019 anlam\u0131na geliyor. Yason ve Argonotlar Yunanistan\u2019\u0131n Teselya k\u0131y\u0131lar\u0131ndan Argo ile yola \u00e7\u0131karlar, Lemnos ve Samotrake adalar\u0131 \u00fczerinden Ege\u2019yi ge\u00e7erek \u00c7anakkale Bo\u011faz\u0131\u2019na girerler; ard\u0131ndan Marmara ve \u0130stanbul Bo\u011faz\u0131\u2019n\u0131 ge\u00e7ip Karadeniz\u2019de t\u00fcrl\u00fc maceralar ya\u015fad\u0131ktan sonra Kolkhis topraklar\u0131na ula\u015f\u0131rlar. Yolculuk s\u0131ras\u0131nda harpiler, sirenler, devler, \u00e7arp\u0131\u015fan kayalar gibi \u00e7e\u015fitli mitolojik varl\u0131klarla m\u00fccadele ederler. Son olarak Yason, Kolkhis Kral\u0131 Aietes\u2019in verdi\u011fi zorlu g\u00f6revleri efsanenin bir di\u011fer \u00f6nemli karakteri olan kral\u0131n b\u00fcy\u00fcc\u00fc k\u0131z\u0131 Medea\u2019n\u0131n da yard\u0131m\u0131yla tamamlar. Yason kral\u0131n vermek istememesine ra\u011fmen postu ele ge\u00e7irir ve Medea\u2019y\u0131 da alarak Argonotlarla birlikte Yunanistan\u2019a geri d\u00f6nerler. G\u00fcn\u00fcm\u00fczde bu efsanevi yolculu\u011fun rotas\u0131 ve duraklar\u0131 \u00fcnl\u00fc ka\u015fif ve yazar Tim Severin sayesinde biliniyor. Tim Severin 1984 y\u0131l\u0131nda Yunan Vasilis Delimitros\u2019un Bronz \u00c7a\u011f\u0131 teknikleri ve tipine sad\u0131k kalarak in\u015fa etti\u011fi 16.5 metrelik kad\u0131rga ile Apollonius\u2019un Argonautica destan\u0131ndaki yolculu\u011fu 2 bin 400 km. kat ederek ger\u00e7ekle\u015ftirmi\u015fti. Severin\u2019in bu seyahati anlatt\u0131\u011f\u0131 \u201cThe Jason Voyage\u201d adl\u0131 eseri 1985 y\u0131l\u0131nda yay\u0131nland\u0131.<\/p>\n","protected":false},"excerpt":{"rendered":"<p>KARADEN\u0130Z\u2019\u0130 D\u00dcNYA YELKEN TUR\u0130ZM\u0130NE A\u00c7MAK VE ANT\u0130K ARGONOT EFSANES\u0130N\u0130 YA\u015eATMAK AMACIYLA B\u0130R AY \u00d6NCE YUNAN\u0130STAN\u2019IN VOLOS L\u0130MANINDAN DEM\u0130R ALAN 12 YAT, ARGONOT EFSANES\u0130N\u0130N \u00d6NEML\u0130 DURAKLARINDAN OLAN ORDU\u2019NUN PER\u015eEMBE \u0130L\u00c7ES\u0130NE ULA\u015eTI.<\/p>\n","protected":false},"author":1,"featured_media":180437,"comment_status":"closed","ping_status":"open","sticky":false,"template":"","format":"standard","meta":{"jetpack_post_was_ever_published":false,"_jetpack_newsletter_access":"","_jetpack_dont_email_post_to_subs":false,"_jetpack_newsletter_tier_id":0,"_jetpack_memberships_contains_paywalled_content":false,"_jetpack_memberships_contains_paid_content":false,"footnotes":"","jetpack_publicize_message":"","jetpack_publicize_feature_enabled":true,"jetpack_social_post_already_shared":true,"jetpack_social_options":{"image_generator_settings":{"template":"highway","default_image_id":0,"font":"","enabled":false},"version":2}},"categories":[656],"tags":[44403,4906,1922,29820],"class_list":["post-180436","post","type-post","status-publish","format-standard","has-post-thumbnail","hentry","category-kultur-sanat","tag-fora","tag-gurcistana","tag-istanbuldan","tag-yelkenler"],"jetpack_publicize_connections":[],"jetpack_featured_media_url":"https:\/\/i0.wp.com\/www.tvturk.com\/wp-content\/uploads\/2019\/07\/istanbuldan-gurcistana-yelkenler-fora_21bbae4.jpg?fit=1000%2C562","jetpack_sharing_enabled":true,"jetpack_shortlink":"https:\/\/wp.me\/paKIfm-KWg","_links":{"self":[{"href":"http:\/\/www.tvturk.com\/index.php\/wp-json\/wp\/v2\/posts\/180436","targetHints":{"allow":["GET"]}}],"collection":[{"href":"http:\/\/www.tvturk.com\/index.php\/wp-json\/wp\/v2\/posts"}],"about":[{"href":"http:\/\/www.tvturk.com\/index.php\/wp-json\/wp\/v2\/types\/post"}],"author":[{"embeddable":true,"href":"http:\/\/www.tvturk.com\/index.php\/wp-json\/wp\/v2\/users\/1"}],"replies":[{"embeddable":true,"href":"http:\/\/www.tvturk.com\/index.php\/wp-json\/wp\/v2\/comments?post=180436"}],"version-history":[{"count":0,"href":"http:\/\/www.tvturk.com\/index.php\/wp-json\/wp\/v2\/posts\/180436\/revisions"}],"wp:featuredmedia":[{"embeddable":true,"href":"http:\/\/www.tvturk.com\/index.php\/wp-json\/wp\/v2\/media\/180437"}],"wp:attachment":[{"href":"http:\/\/www.tvturk.com\/index.php\/wp-json\/wp\/v2\/media?parent=180436"}],"wp:term":[{"taxonomy":"category","embeddable":true,"href":"http:\/\/www.tvturk.com\/index.php\/wp-json\/wp\/v2\/categories?post=180436"},{"taxonomy":"post_tag","embeddable":true,"href":"http:\/\/www.tvturk.com\/index.php\/wp-json\/wp\/v2\/tags?post=180436"}],"curies":[{"name":"wp","href":"https:\/\/api.w.org\/{rel}","templated":true}]}}