{"id":180456,"date":"2019-07-10T17:17:13","date_gmt":"2019-07-10T14:17:13","guid":{"rendered":"http:\/\/www.tvturk.com\/index.php\/paravoley-milli-takimi-avrupa-sampiyonasi-hazirliklarini-ereglide-surduruyor\/"},"modified":"2019-07-10T17:17:13","modified_gmt":"2019-07-10T14:17:13","slug":"paravoley-milli-takimi-avrupa-sampiyonasi-hazirliklarini-ereglide-surduruyor","status":"publish","type":"post","link":"http:\/\/www.tvturk.com\/index.php\/paravoley-milli-takimi-avrupa-sampiyonasi-hazirliklarini-ereglide-surduruyor\/","title":{"rendered":"Paravoley Milli Tak\u0131m\u0131, Avrupa \u015eampiyonas\u0131 haz\u0131rl\u0131klar\u0131n\u0131 Ere\u011fli\u2019de s\u00fcrd\u00fcr\u00fcyor"},"content":{"rendered":"<p>T\u00fcrkiye Paravoley Milli Tak\u0131m\u0131, Macaristan\u2019da yap\u0131lacak Avrupa \u015eampiyonas\u0131 \u00f6ncesinde haz\u0131rl\u0131klar\u0131n\u0131 Zonguldak\u2019\u0131n Ere\u011fli \u0130l\u00e7esin\u2019de bulunan Gen\u00e7lik Spor Merkezi\u2019nde s\u00fcrd\u00fcr\u00fcyor.<\/p>\n<p>T\u00fcrkiye Paravolley Milli Tak\u0131m\u0131 Macaristan\u2019da yap\u0131lacak Avrupa \u015eampiyonas\u0131 \u00f6ncesinde haz\u0131rl\u0131klar\u0131n\u0131 Kdz. Ere\u011fli\u2019de bulunan Gen\u00e7lik Spor Merkezi\u2019nde devam ediyor. Kdz. Belediye Ba\u015fkan\u0131 Halil Posb\u0131y\u0131k, milli tak\u0131m\u0131n antrenmanda ziyaret ederek \u015fampiyonada ba\u015far\u0131 diledi.<\/p>\n<p>Paravolley T\u00fcrk Milli Tak\u0131m\u0131 Ba\u015fantren\u00f6r\u00fc Yusuf Kenan K\u00f6k, Ere\u011fli\u2019deki kamp d\u00f6neminin \u00e7ok iyi ge\u00e7ti\u011fini s\u00f6yleyerek, \u201cEre\u011fli\u2019ye daha \u00f6nce gelmi\u015ftik ama bu kez daha da co\u015fkuluyuz. Festivalde insanlar sokaktayd\u0131, e\u011fleniyordu, mutluydu. Biz de g\u00f6steri ma\u00e7\u0131 yapt\u0131k. Bu da bizi \u00e7ok olumlu etkiledi. Ba\u015fkan\u0131m\u0131z\u0131n \u015fahs\u0131nda t\u00fcm ekibe ve Federasyon ba\u015fkan\u0131m\u0131za paravolleye verdikleri bu destekten dolay\u0131 t\u00fcm tak\u0131m arkada\u015flar\u0131m ad\u0131na te\u015fekk\u00fcr ederim\u201d dedi.<\/p>\n<p>Kdz. Ere\u011fli Belediye Ba\u015fkan Halil Posb\u0131y\u0131k, \u2019\u2019Kamp yeri olarak Kdz. Ere\u011fli se\u00e7tiklerinden \u00e7ok memnun olduklar\u0131n\u0131 ifade ederek, &#8220;Kdz. Ere\u011fli halk\u0131n\u0131 onurland\u0131rd\u0131n\u0131z. Sizlerle beraber olmaktan \u00e7ok mutluluk duydum. \u00d6n\u00fcm\u00fczdeki g\u00fcnlerde Macaristan\u2019da yap\u0131lacak Avrupa \u015eampiyonlu\u011fu\u2019nun hay\u0131rl\u0131 olmas\u0131n\u0131 diliyorum. Allah yolunuzu, baht\u0131n\u0131z\u0131 a\u00e7\u0131k etsin. Ere\u011fli halk\u0131n\u0131n dualar\u0131 hep arkan\u0131zda olacak. \u0130n\u015fallah T\u00fcrkiye\u2019ye ba\u015far\u0131yla d\u00f6nersiniz. Ere\u011fli size u\u011furlu gelecektir&#8221; diye konu\u015ftu.<\/p>\n<p>Paravolley Milli Tak\u0131m\u0131, Avrupa \u015eampiyonas\u0131\u2019na kat\u0131lmak \u00fczere 13 Temmuz\u2019da Macaristan\u2019a hareket edecek.<\/p>\n","protected":false},"excerpt":{"rendered":"<p>PARAVOLEY M\u0130LL\u0130 TAKIMI MACAR\u0130STAN&#8217;DA YAPILACAK AVRUPA \u015eAMP\u0130YONASI \u00d6NCES\u0130NDE HAZIRLIKLARINI ZONGULDAK&#8217;IN ERE\u011eL\u0130 \u0130L\u00c7ES\u0130N&#8217;DE BULUNAN GEN\u00c7L\u0130K SPOR MERKEZ\u0130N&#8217;DE S\u00dcRD\u00dcR\u00dcYOR.<\/p>\n","protected":false},"author":1,"featured_media":180457,"comment_status":"closed","ping_status":"open","sticky":false,"template":"","format":"standard","meta":{"jetpack_post_was_ever_published":false,"_jetpack_newsletter_access":"","_jetpack_dont_email_post_to_subs":false,"_jetpack_newsletter_tier_id":0,"_jetpack_memberships_contains_paywalled_content":false,"_jetpack_memberships_contains_paid_content":false,"footnotes":"","jetpack_publicize_message":"","jetpack_publicize_feature_enabled":true,"jetpack_social_post_already_shared":true,"jetpack_social_options":{"image_generator_settings":{"template":"highway","default_image_id":0,"font":"","enabled":false},"version":2}},"categories":[657],"tags":[392,13040,2628,429,44408,395,1772,1462],"class_list":["post-180456","post","type-post","status-publish","format-standard","has-post-thumbnail","hentry","category-spor","tag-avrupa","tag-ereglide","tag-hazirliklarini","tag-milli","tag-paravoley","tag-sampiyonasi","tag-surduruyor","tag-takimi"],"jetpack_publicize_connections":[],"jetpack_featured_media_url":"https:\/\/i0.wp.com\/www.tvturk.com\/wp-content\/uploads\/2019\/07\/paravoley-milli-takimi-avrupa-sampiyonasi-hazirliklarini-ereglide-surduruyor_ab37c30.jpg?fit=955%2C289","jetpack_sharing_enabled":true,"jetpack_shortlink":"https:\/\/wp.me\/paKIfm-KWA","_links":{"self":[{"href":"http:\/\/www.tvturk.com\/index.php\/wp-json\/wp\/v2\/posts\/180456","targetHints":{"allow":["GET"]}}],"collection":[{"href":"http:\/\/www.tvturk.com\/index.php\/wp-json\/wp\/v2\/posts"}],"about":[{"href":"http:\/\/www.tvturk.com\/index.php\/wp-json\/wp\/v2\/types\/post"}],"author":[{"embeddable":true,"href":"http:\/\/www.tvturk.com\/index.php\/wp-json\/wp\/v2\/users\/1"}],"replies":[{"embeddable":true,"href":"http:\/\/www.tvturk.com\/index.php\/wp-json\/wp\/v2\/comments?post=180456"}],"version-history":[{"count":0,"href":"http:\/\/www.tvturk.com\/index.php\/wp-json\/wp\/v2\/posts\/180456\/revisions"}],"wp:featuredmedia":[{"embeddable":true,"href":"http:\/\/www.tvturk.com\/index.php\/wp-json\/wp\/v2\/media\/180457"}],"wp:attachment":[{"href":"http:\/\/www.tvturk.com\/index.php\/wp-json\/wp\/v2\/media?parent=180456"}],"wp:term":[{"taxonomy":"category","embeddable":true,"href":"http:\/\/www.tvturk.com\/index.php\/wp-json\/wp\/v2\/categories?post=180456"},{"taxonomy":"post_tag","embeddable":true,"href":"http:\/\/www.tvturk.com\/index.php\/wp-json\/wp\/v2\/tags?post=180456"}],"curies":[{"name":"wp","href":"https:\/\/api.w.org\/{rel}","templated":true}]}}