{"id":180470,"date":"2019-07-10T18:01:41","date_gmt":"2019-07-10T15:01:41","guid":{"rendered":"http:\/\/www.tvturk.com\/index.php\/thy-ikinci-dreamliner-ucagi-istanbulda\/"},"modified":"2019-07-10T18:01:41","modified_gmt":"2019-07-10T15:01:41","slug":"thy-ikinci-dreamliner-ucagi-istanbulda","status":"publish","type":"post","link":"http:\/\/www.tvturk.com\/index.php\/thy-ikinci-dreamliner-ucagi-istanbulda\/","title":{"rendered":"THY, ikinci Dreamliner u\u00e7a\u011f\u0131 \u0130stanbul\u2019da"},"content":{"rendered":"<p>T\u00fcrk Hava Yollar\u0131 (THY), ABD\u2019li u\u00e7ak \u00fcreticisi r\u00fcya u\u00e7ak olarak an\u0131lan B787-9 Dreamliner tipi u\u00e7aklar\u0131ndan ikincisini teslim ald\u0131.<\/p>\n<p>Bayrak ta\u015f\u0131y\u0131c\u0131 havayolu \u015firketi T\u00fcrk Hava Yollar\u0131, 2017 y\u0131l\u0131n\u0131n son d\u00f6neminde Boeing ile 25\u2019i kesin, 5\u2019i opsiyonlu olmak \u00fczere 878-9 Dreamliner tipi u\u00e7ak sipari\u015fi i\u00e7in masaya oturmu\u015f, bu kapsamda verilen sipari\u015fin ilkini ge\u00e7ti\u011fimiz 26 Haziran\u2019da filosuna katm\u0131\u015ft\u0131. Sipari\u015fler kapsam\u0131nda THY, ABD\u2019li u\u00e7ak \u00fcreticisi Boeing\u2019den ayn\u0131 tipteki ikinci u\u00e7a\u011f\u0131n\u0131 da bug\u00fcn teslim ald\u0131. THY\u2019nin en yeni u\u00e7a\u011f\u0131 saat 15.30\u2019da \u0130stanbul Havaliman\u0131\u2019na teker koydu. TC-LLB kuyruk tescilli u\u00e7ak havaliman\u0131ndaki son i\u015flemlerinin yap\u0131lmas\u0131 sonras\u0131nda \u00f6n\u00fcm\u00fczdeki g\u00fcnlerde tarifeli seferlerine ba\u015flayacak.<\/p>\n<p>T\u00fcrk Hava Yollar\u0131\u2019n\u0131n \u00f6zellikle uzun menzilli rotalar\u0131nda s\u0131kl\u0131kla kullanaca\u011f\u0131 u\u00e7a\u011f\u0131n 14 bin 140 kilometre menzili bulunuyor. Verilen sipari\u015fler kapsam\u0131nda THY, A\u011fustos ay\u0131n\u0131n sonuna kadar \u00e7ok k\u0131sa bir s\u00fcrede Boeing 787-9 Dreamliner tipi 4 u\u00e7a\u011f\u0131 daha filosuna dahil edecek. THY bu tipteki u\u00e7ak sipari\u015flerinin tamam\u0131n\u0131 ise 2023 y\u0131l\u0131na kadar filoya katmaya devam edecek.<\/p>\n<p>THY\u2019nin iki hafta \u00f6nce filosuna dahil olan ilk u\u00e7a\u011f\u0131 ise 2017 y\u0131l\u0131nda PKK\u2019l\u0131 ter\u00f6ristlerin erzak \u00e7ald\u0131\u011f\u0131n\u0131 ihbar eden ve girdikleri evi g\u00f6sterirken ter\u00f6ristlerin a\u00e7t\u0131\u011f\u0131 ate\u015fle \u015fehit olan Eren B\u00fclb\u00fcl\u2019\u00fcn an\u0131s\u0131na \u015fehidin memleketi \u2019Ma\u00e7ka\u2019 ismini vermi\u015fti. U\u00e7ak ilk seferini de bu kapsamda Trabzon\u2019a ger\u00e7ekle\u015ftirmi\u015fti.<\/p>\n","protected":false},"excerpt":{"rendered":"<p>T\u00dcRK HAVA YOLLARI (THY), ABD&#8217;L\u0130 U\u00c7AK \u00dcRET\u0130C\u0130S\u0130 R\u00dcYA U\u00c7AK OLARAK ANILAN B787-9 DREAML\u0130NER T\u0130P\u0130 U\u00c7AKLARINDAN \u0130K\u0130NC\u0130S\u0130N\u0130 TESL\u0130M ALDI.<\/p>\n","protected":false},"author":1,"featured_media":180471,"comment_status":"closed","ping_status":"open","sticky":false,"template":"","format":"standard","meta":{"jetpack_post_was_ever_published":false,"_jetpack_newsletter_access":"","_jetpack_dont_email_post_to_subs":false,"_jetpack_newsletter_tier_id":0,"_jetpack_memberships_contains_paywalled_content":false,"_jetpack_memberships_contains_paid_content":false,"footnotes":"","jetpack_publicize_message":"","jetpack_publicize_feature_enabled":true,"jetpack_social_post_already_shared":true,"jetpack_social_options":{"image_generator_settings":{"template":"highway","default_image_id":0,"font":"","enabled":false},"version":2}},"categories":[1],"tags":[44411,2087,1268,1175,17580],"class_list":["post-180470","post","type-post","status-publish","format-standard","has-post-thumbnail","hentry","category-genel","tag-dreamliner","tag-ikinci","tag-istanbulda","tag-thy","tag-ucagi"],"jetpack_publicize_connections":[],"jetpack_featured_media_url":"https:\/\/i0.wp.com\/www.tvturk.com\/wp-content\/uploads\/2019\/07\/thy-ikinci-dreamliner-ucagi-istanbulda_20be12a.jpg?fit=1000%2C750","jetpack_sharing_enabled":true,"jetpack_shortlink":"https:\/\/wp.me\/paKIfm-KWO","_links":{"self":[{"href":"http:\/\/www.tvturk.com\/index.php\/wp-json\/wp\/v2\/posts\/180470","targetHints":{"allow":["GET"]}}],"collection":[{"href":"http:\/\/www.tvturk.com\/index.php\/wp-json\/wp\/v2\/posts"}],"about":[{"href":"http:\/\/www.tvturk.com\/index.php\/wp-json\/wp\/v2\/types\/post"}],"author":[{"embeddable":true,"href":"http:\/\/www.tvturk.com\/index.php\/wp-json\/wp\/v2\/users\/1"}],"replies":[{"embeddable":true,"href":"http:\/\/www.tvturk.com\/index.php\/wp-json\/wp\/v2\/comments?post=180470"}],"version-history":[{"count":0,"href":"http:\/\/www.tvturk.com\/index.php\/wp-json\/wp\/v2\/posts\/180470\/revisions"}],"wp:featuredmedia":[{"embeddable":true,"href":"http:\/\/www.tvturk.com\/index.php\/wp-json\/wp\/v2\/media\/180471"}],"wp:attachment":[{"href":"http:\/\/www.tvturk.com\/index.php\/wp-json\/wp\/v2\/media?parent=180470"}],"wp:term":[{"taxonomy":"category","embeddable":true,"href":"http:\/\/www.tvturk.com\/index.php\/wp-json\/wp\/v2\/categories?post=180470"},{"taxonomy":"post_tag","embeddable":true,"href":"http:\/\/www.tvturk.com\/index.php\/wp-json\/wp\/v2\/tags?post=180470"}],"curies":[{"name":"wp","href":"https:\/\/api.w.org\/{rel}","templated":true}]}}