{"id":180490,"date":"2019-07-10T19:17:02","date_gmt":"2019-07-10T16:17:02","guid":{"rendered":"http:\/\/www.tvturk.com\/index.php\/bb-erzurumspor-osman-celiki-transfer-etti\/"},"modified":"2019-07-10T19:17:02","modified_gmt":"2019-07-10T16:17:02","slug":"bb-erzurumspor-osman-celiki-transfer-etti","status":"publish","type":"post","link":"http:\/\/www.tvturk.com\/index.php\/bb-erzurumspor-osman-celiki-transfer-etti\/","title":{"rendered":"BB Erzurumspor Osman \u00c7elik\u2019i transfer etti"},"content":{"rendered":"<p>BB Erzurumspor son olarak Antalyaspor\u2019da forma giyen orta saha oyuncusu Osman \u00c7elik\u2019i kadrosuna katt\u0131.<\/p>\n<p>S\u00fcper Toto 1. Lig\u2019de m\u00fccadele edecek olan mavi-beyazl\u0131 ekip transferde h\u0131zland\u0131. Son olarak Antalyaspor\u2019da forma giyen 27 ya\u015f\u0131nda ki \u00f6n libero Osman \u00c7elik\u2019i transfer etti.<\/p>\n<p>Transferi sosyal medya hesab\u0131ndan duyuran BB Erzurumspor \u015fu ifadelere yer verdi:<\/p>\n<p>\u201cOsman \u00c7elik BB Erzurumspor\u2019umuzda. Camiam\u0131za hay\u0131rl\u0131 olsun.\u201d<\/p>\n<p>\u00c7elik, ge\u00e7ti\u011fimiz sezon Antalyaspor\u2019da 7 ma\u00e7ta forma giyerken tak\u0131m\u0131 ad\u0131na gol ve asist katk\u0131s\u0131 yapamad\u0131.<\/p>\n","protected":false},"excerpt":{"rendered":"<p>BB ERZURUMSPOR SON OLARAK ANTALYASPOR\u2019DA FORMA G\u0130YEN ORTA SAHA OYUNCUSU OSMAN \u00c7EL\u0130K\u2019\u0130 KADROSUNA KATTI.<\/p>\n","protected":false},"author":1,"featured_media":180491,"comment_status":"closed","ping_status":"open","sticky":false,"template":"","format":"standard","meta":{"jetpack_post_was_ever_published":false,"_jetpack_newsletter_access":"","_jetpack_dont_email_post_to_subs":false,"_jetpack_newsletter_tier_id":0,"_jetpack_memberships_contains_paywalled_content":false,"_jetpack_memberships_contains_paid_content":false,"footnotes":"","jetpack_publicize_message":"","jetpack_publicize_feature_enabled":true,"jetpack_social_post_already_shared":true,"jetpack_social_options":{"image_generator_settings":{"template":"highway","default_image_id":0,"font":"","enabled":false},"version":2}},"categories":[657],"tags":[3678,6624,207,3356,2518],"class_list":["post-180490","post","type-post","status-publish","format-standard","has-post-thumbnail","hentry","category-spor","tag-erzurumspor","tag-celiki","tag-etti","tag-osman","tag-transfer"],"jetpack_publicize_connections":[],"jetpack_featured_media_url":"https:\/\/i0.wp.com\/www.tvturk.com\/wp-content\/uploads\/2019\/07\/bb-erzurumspor-osman-celiki-transfer-etti_853df76.jpg?fit=750%2C495","jetpack_sharing_enabled":true,"jetpack_shortlink":"https:\/\/wp.me\/paKIfm-KX8","_links":{"self":[{"href":"http:\/\/www.tvturk.com\/index.php\/wp-json\/wp\/v2\/posts\/180490","targetHints":{"allow":["GET"]}}],"collection":[{"href":"http:\/\/www.tvturk.com\/index.php\/wp-json\/wp\/v2\/posts"}],"about":[{"href":"http:\/\/www.tvturk.com\/index.php\/wp-json\/wp\/v2\/types\/post"}],"author":[{"embeddable":true,"href":"http:\/\/www.tvturk.com\/index.php\/wp-json\/wp\/v2\/users\/1"}],"replies":[{"embeddable":true,"href":"http:\/\/www.tvturk.com\/index.php\/wp-json\/wp\/v2\/comments?post=180490"}],"version-history":[{"count":0,"href":"http:\/\/www.tvturk.com\/index.php\/wp-json\/wp\/v2\/posts\/180490\/revisions"}],"wp:featuredmedia":[{"embeddable":true,"href":"http:\/\/www.tvturk.com\/index.php\/wp-json\/wp\/v2\/media\/180491"}],"wp:attachment":[{"href":"http:\/\/www.tvturk.com\/index.php\/wp-json\/wp\/v2\/media?parent=180490"}],"wp:term":[{"taxonomy":"category","embeddable":true,"href":"http:\/\/www.tvturk.com\/index.php\/wp-json\/wp\/v2\/categories?post=180490"},{"taxonomy":"post_tag","embeddable":true,"href":"http:\/\/www.tvturk.com\/index.php\/wp-json\/wp\/v2\/tags?post=180490"}],"curies":[{"name":"wp","href":"https:\/\/api.w.org\/{rel}","templated":true}]}}