{"id":180492,"date":"2019-07-10T19:31:38","date_gmt":"2019-07-10T16:31:38","guid":{"rendered":"http:\/\/www.tvturk.com\/index.php\/yorulan-suruculere-jandarmadan-cay-ve-su-ikrami\/"},"modified":"2019-07-10T19:31:38","modified_gmt":"2019-07-10T16:31:38","slug":"yorulan-suruculere-jandarmadan-cay-ve-su-ikrami","status":"publish","type":"post","link":"http:\/\/www.tvturk.com\/index.php\/yorulan-suruculere-jandarmadan-cay-ve-su-ikrami\/","title":{"rendered":"Yorulan s\u00fcr\u00fcc\u00fclere jandarmadan \u00e7ay ve su ikram\u0131"},"content":{"rendered":"<p>Manisa\u2019da \u0130l Jandarma Komutanl\u0131\u011f\u0131 trafik ekipleri taraf\u0131ndan yap\u0131lan &#8220;Ya\u015fam i\u00e7in k\u0131sa bir mola&#8221; uygulamas\u0131nda uzun yolculuk yapan s\u00fcr\u00fcc\u00fcler dinlendirilerek, \u00e7ay ve su ikram\u0131 yap\u0131ld\u0131. Uygulamaya bizzat kat\u0131lan Manisa \u0130l Jandarma Komutan\u0131 Tu\u011fgeneral Erhan Can, s\u00fcr\u00fcc\u00fclerle sohbet ederek \u00f6zellikle emniyet kemeri takmalar\u0131 konusunda tavsiyelerde bulundu.<\/p>\n<p>Manisa\u2019da \u0130\u00e7i\u015fleri Bakanl\u0131\u011f\u0131 taraf\u0131ndan haz\u0131rlanan &#8220;Ya\u015fam i\u00e7in k\u0131sa bir mola&#8221; uygulamas\u0131 kapsam\u0131nda Manisa \u0130l Jandarma Komutanl\u0131\u011f\u0131 taraf\u0131ndan s\u00fcr\u00fcc\u00fcler misafir edildi. Uygulamada uzun yolculuklar yapan s\u00fcr\u00fcc\u00fcler, ekipler taraf\u0131ndan durdurularak ara\u00e7tan indirildi. S\u00fcr\u00fcc\u00fcler ve aileleri uygulaman\u0131n yap\u0131ld\u0131\u011f\u0131 b\u00f6lgedeki g\u00f6lgelik alanda misafir edilerek, \u00e7ay ve su ikram\u0131 yap\u0131ld\u0131. Uygulamaya bizzat kat\u0131lan Manisa \u0130l Jandarma Komutan\u0131 Tu\u011fgeneral Erhan Can, s\u00fcr\u00fcc\u00fclerle ve aileleriyle sohbet etti. Uygulamada ayr\u0131ca Tu\u011fgeneral Erhan Can, s\u00fcr\u00fcc\u00fclere trafik kurallar\u0131na uymalar\u0131 ve emniyet kemerlerini takmalar\u0131 konusunda uyar\u0131larda bulundu. Mola veren s\u00fcr\u00fcc\u00fclere emniyet kemerinin \u00f6nemi ve kazalarda emniyet kemerinin s\u00fcr\u00fcc\u00fcleri korumas\u0131n\u0131 anlatan video da izletildi.<\/p>\n<p>Durdurulunca \u00e7ok \u015fa\u015f\u0131rd\u0131\u011f\u0131n\u0131 s\u00f6yleyen Fatih Silahy\u00fcrekli, &#8220;\u00d6ncelikle \u00e7ok \u015fa\u015f\u0131rd\u0131m. H\u0131z s\u0131n\u0131r\u0131n\u0131 a\u015ft\u0131\u011f\u0131m\u0131 zannettim. Sonras\u0131nda da jandarma arkada\u015flar\u0131m\u0131z uygulamay\u0131 anlatt\u0131. Sadece yaz tatilinde de\u011fil her zaman yap\u0131lmas\u0131 gereken bir uygulama. Bu konuda etraf\u0131m\u0131zda emniyet kemeri kullanmad\u0131klar\u0131 i\u00e7in evlat ac\u0131s\u0131 da dahil olmak \u00fczere \u00e7ok ac\u0131 \u00e7eken arkada\u015flar\u0131m\u0131z var&#8221; dedi.<\/p>\n","protected":false},"excerpt":{"rendered":"<p>MAN\u0130SA&#8217;DA \u0130L JANDARMA KOMUTANLI\u011eI TRAF\u0130K EK\u0130PLER\u0130 TARAFINDAN YAPILAN &#8220;YA\u015eAM \u0130\u00c7\u0130N KISA B\u0130R MOLA&#8221; UYGULAMASINDA UZUN YOLCULUK YAPAN S\u00dcR\u00dcC\u00dcLER D\u0130NLEND\u0130R\u0130LEREK, \u00c7AY VE SU \u0130KRAMI YAPILDI. UYGULAMAYA B\u0130ZZAT KATILAN MAN\u0130SA \u0130L JANDARMA KOMUTANI TU\u011eGENERAL ERHAN CAN, S\u00dcR\u00dcC\u00dcLERLE SOHBET EDEREK \u00d6ZELL\u0130KLE EMN\u0130YET KEMER\u0130 TAKMALARI KONUSUNDA TAVS\u0130YELERDE BULUNDU.<\/p>\n","protected":false},"author":1,"featured_media":180493,"comment_status":"closed","ping_status":"open","sticky":false,"template":"","format":"standard","meta":{"jetpack_post_was_ever_published":false,"_jetpack_newsletter_access":"","_jetpack_dont_email_post_to_subs":false,"_jetpack_newsletter_tier_id":0,"_jetpack_memberships_contains_paywalled_content":false,"_jetpack_memberships_contains_paid_content":false,"footnotes":"","jetpack_publicize_message":"","jetpack_publicize_feature_enabled":true,"jetpack_social_post_already_shared":true,"jetpack_social_options":{"image_generator_settings":{"template":"highway","default_image_id":0,"font":"","enabled":false},"version":2}},"categories":[1],"tags":[862,7799,1155,2405,44417],"class_list":["post-180492","post","type-post","status-publish","format-standard","has-post-thumbnail","hentry","category-genel","tag-cay","tag-ikrami","tag-jandarmadan","tag-suruculere","tag-yorulan"],"jetpack_publicize_connections":[],"jetpack_featured_media_url":"https:\/\/i0.wp.com\/www.tvturk.com\/wp-content\/uploads\/2019\/07\/yorulan-suruculere-jandarmadan-cay-ve-su-ikrami_d7152ba.jpg?fit=1000%2C666","jetpack_sharing_enabled":true,"jetpack_shortlink":"https:\/\/wp.me\/paKIfm-KXa","_links":{"self":[{"href":"http:\/\/www.tvturk.com\/index.php\/wp-json\/wp\/v2\/posts\/180492","targetHints":{"allow":["GET"]}}],"collection":[{"href":"http:\/\/www.tvturk.com\/index.php\/wp-json\/wp\/v2\/posts"}],"about":[{"href":"http:\/\/www.tvturk.com\/index.php\/wp-json\/wp\/v2\/types\/post"}],"author":[{"embeddable":true,"href":"http:\/\/www.tvturk.com\/index.php\/wp-json\/wp\/v2\/users\/1"}],"replies":[{"embeddable":true,"href":"http:\/\/www.tvturk.com\/index.php\/wp-json\/wp\/v2\/comments?post=180492"}],"version-history":[{"count":0,"href":"http:\/\/www.tvturk.com\/index.php\/wp-json\/wp\/v2\/posts\/180492\/revisions"}],"wp:featuredmedia":[{"embeddable":true,"href":"http:\/\/www.tvturk.com\/index.php\/wp-json\/wp\/v2\/media\/180493"}],"wp:attachment":[{"href":"http:\/\/www.tvturk.com\/index.php\/wp-json\/wp\/v2\/media?parent=180492"}],"wp:term":[{"taxonomy":"category","embeddable":true,"href":"http:\/\/www.tvturk.com\/index.php\/wp-json\/wp\/v2\/categories?post=180492"},{"taxonomy":"post_tag","embeddable":true,"href":"http:\/\/www.tvturk.com\/index.php\/wp-json\/wp\/v2\/tags?post=180492"}],"curies":[{"name":"wp","href":"https:\/\/api.w.org\/{rel}","templated":true}]}}