{"id":180498,"date":"2019-07-10T19:47:07","date_gmt":"2019-07-10T16:47:07","guid":{"rendered":"http:\/\/www.tvturk.com\/index.php\/yusuf-erdogan-kasimpasada\/"},"modified":"2019-07-10T19:47:07","modified_gmt":"2019-07-10T16:47:07","slug":"yusuf-erdogan-kasimpasada","status":"publish","type":"post","link":"http:\/\/www.tvturk.com\/index.php\/yusuf-erdogan-kasimpasada\/","title":{"rendered":"Yusuf Erdo\u011fan, Kas\u0131mpa\u015fa\u2019da"},"content":{"rendered":"<p>Kas\u0131mpa\u015fa, ge\u00e7ti\u011fimiz sezon Bursaspor\u2019da forma giyen Yusuf Erdo\u011fan\u2019\u0131 renklerine ba\u011flad\u0131.<\/p>\n<p>Ge\u00e7ti\u011fimiz sezon Bursaspor formas\u0131yla sergiledi\u011fi futbolla dikkatleri \u00fczerine \u00e7eken Yusuf Erdo\u011fan, Kas\u0131mpa\u015fa ile anla\u015ft\u0131. 26 ya\u015f\u0131ndaki orta saha oyuncusu Yusuf Erdo\u011fan bug\u00fcn sabah saatlerinde Medical Park Hastanesi\u2019nde sa\u011fl\u0131k kontrol\u00fcnden ge\u00e7tikten sonra  Kemerburgaz Tesisleri\u2019nde Sportif Direkt\u00f6r Emre Zengilli ve Sportif Direkt\u00f6r Yard\u0131mc\u0131s\u0131 Emir Sara\u00e7\u2019\u0131n da haz\u0131r bulundu\u011fu imza t\u00f6reninde kendisini 3 y\u0131ll\u0131\u011f\u0131na Kas\u0131mpa\u015fa\u2019ya ba\u011flayan s\u00f6zle\u015fmeye imza att\u0131.<\/p>\n","protected":false},"excerpt":{"rendered":"<p>KASIMPA\u015eA, GE\u00c7T\u0130\u011e\u0130M\u0130Z SEZON BURSASPOR&#8217;DA FORMA G\u0130YEN YUSUF ERDO\u011eAN&#8217;I RENKLER\u0130NE BA\u011eLADI.<\/p>\n","protected":false},"author":1,"featured_media":180499,"comment_status":"closed","ping_status":"open","sticky":false,"template":"","format":"standard","meta":{"jetpack_post_was_ever_published":false,"_jetpack_newsletter_access":"","_jetpack_dont_email_post_to_subs":false,"_jetpack_newsletter_tier_id":0,"_jetpack_memberships_contains_paywalled_content":false,"_jetpack_memberships_contains_paid_content":false,"footnotes":"","jetpack_publicize_message":"","jetpack_publicize_feature_enabled":true,"jetpack_social_post_already_shared":true,"jetpack_social_options":{"image_generator_settings":{"template":"highway","default_image_id":0,"font":"","enabled":false},"version":2}},"categories":[657],"tags":[649,28678,5292],"class_list":["post-180498","post","type-post","status-publish","format-standard","has-post-thumbnail","hentry","category-spor","tag-erdogan","tag-kasimpasada","tag-yusuf"],"jetpack_publicize_connections":[],"jetpack_featured_media_url":"https:\/\/i0.wp.com\/www.tvturk.com\/wp-content\/uploads\/2019\/07\/yusuf-erdogan-kasimpasada_fe07399.jpg?fit=1000%2C666","jetpack_sharing_enabled":true,"jetpack_shortlink":"https:\/\/wp.me\/paKIfm-KXg","_links":{"self":[{"href":"http:\/\/www.tvturk.com\/index.php\/wp-json\/wp\/v2\/posts\/180498","targetHints":{"allow":["GET"]}}],"collection":[{"href":"http:\/\/www.tvturk.com\/index.php\/wp-json\/wp\/v2\/posts"}],"about":[{"href":"http:\/\/www.tvturk.com\/index.php\/wp-json\/wp\/v2\/types\/post"}],"author":[{"embeddable":true,"href":"http:\/\/www.tvturk.com\/index.php\/wp-json\/wp\/v2\/users\/1"}],"replies":[{"embeddable":true,"href":"http:\/\/www.tvturk.com\/index.php\/wp-json\/wp\/v2\/comments?post=180498"}],"version-history":[{"count":0,"href":"http:\/\/www.tvturk.com\/index.php\/wp-json\/wp\/v2\/posts\/180498\/revisions"}],"wp:featuredmedia":[{"embeddable":true,"href":"http:\/\/www.tvturk.com\/index.php\/wp-json\/wp\/v2\/media\/180499"}],"wp:attachment":[{"href":"http:\/\/www.tvturk.com\/index.php\/wp-json\/wp\/v2\/media?parent=180498"}],"wp:term":[{"taxonomy":"category","embeddable":true,"href":"http:\/\/www.tvturk.com\/index.php\/wp-json\/wp\/v2\/categories?post=180498"},{"taxonomy":"post_tag","embeddable":true,"href":"http:\/\/www.tvturk.com\/index.php\/wp-json\/wp\/v2\/tags?post=180498"}],"curies":[{"name":"wp","href":"https:\/\/api.w.org\/{rel}","templated":true}]}}