{"id":180536,"date":"2019-07-11T04:45:59","date_gmt":"2019-07-11T01:45:59","guid":{"rendered":"http:\/\/www.tvturk.com\/index.php\/uskupte-srebrenitsa-katliamini-anma-programi-duzenlendi\/"},"modified":"2019-07-11T04:45:59","modified_gmt":"2019-07-11T01:45:59","slug":"uskupte-srebrenitsa-katliamini-anma-programi-duzenlendi","status":"publish","type":"post","link":"http:\/\/www.tvturk.com\/index.php\/uskupte-srebrenitsa-katliamini-anma-programi-duzenlendi\/","title":{"rendered":"\u00dcsk\u00fcp\u2019te Srebrenitsa Katliam\u0131n\u0131 Anma Program\u0131 D\u00fczenlendi"},"content":{"rendered":"<p>Kuzey Makedonya\u2019n\u0131n Ba\u015fkenti \u00dcsk\u00fcp\u2019te Kuzey Makedonya Bo\u015fnak Forumu, Kuzey Makedonya Bo\u015fnak K\u00fclt\u00fcr Cemiyeti ve Makedonya T\u00fcrk Sivil Toplum Te\u015fkilatler Birli\u011fi \u2013 MAT\u00dcS\u0130TEB\u2019in ortakla\u015fa d\u00fczenledikleri Srebrenitsa Katliam\u0131n\u0131 Anma program\u0131 d\u00fczenlendi.<\/p>\n<p>Programa Kuzey Makedonya H\u00fck\u00fcmeti, T\u00fcrkiye Cumhuriyeti \u00dcsk\u00fcp B\u00fcy\u00fckel\u00e7ili\u011fi, Kuzey Makedonya \u0130slam Birli\u011fi ve \u00dcsk\u00fcp M\u00fcft\u00fcl\u00fc\u011f\u00fc, siyasi parti ve sivil toplum \u00f6rg\u00fctleriyle birlikte \u00fclkede ya\u015fayan de\u011fi\u015fik etnisitelerden temsilciler kat\u0131ld\u0131.<\/p>\n<p>Zaman\u0131n S\u0131rp Cumhuriyeti taraf\u0131ndan sistematik bir \u015fekilde Srebrenitsa\u2019da yap\u0131lan katliam\u0131n bir daha tekrarlanmamas\u0131n\u0131 diledi\u011fini belirten Kuzey Makedonya Bo\u015fnak Forumu Ba\u015fkan\u0131 Enes \u015eemsovi\u00e7, \u201cBu vesileyle karde\u015f T\u00fcrk milletine de selamlar\u0131m\u0131 iletmek istiyorum. Bu sefer bu ac\u0131 dolu etkinli\u011fi T\u00fcrk Sivil Toplum Birli\u011fi ile birlikte yapt\u0131k ve bu \u015fekilde beraberli\u011fi ve birli\u011fi temsil etmi\u015f oluyoruz. Bu birlik ve beraberlik insanl\u0131k ve bar\u0131\u015f\u0131 simgeliyor. Buradan da Srebrenitsa katliam\u0131n\u0131n bir daha hi\u00e7bir yerde ve hi\u00e7 kimseye tekrarlanmamas\u0131n\u0131 diledi\u011fimizi duyurmak istiyoruz.\u201d a\u00e7\u0131klamas\u0131n\u0131 yapt\u0131.<\/p>\n<p>Programda Kuzey Makedonya\u2019da faaliyet g\u00f6steren T\u00fcrk Milli Birlik Hareketi &#8211; TMBH partisi Ba\u015fkan\u0131 Erdo\u011fan Sara\u00e7\u2019ta hem T\u00fcrk\u00e7e hem de Bo\u015fnak\u00e7a dilinde konu\u015fma yaparak \u201cB\u00f6yle bir g\u00fcnde bu konu \u00fczerinde konu\u015fmak, hakikaten insan\u0131n l\u00fcgat\u0131 \u00e7ok k\u00fc\u00e7\u00fck, adeta imkans\u0131z. Biz bu katliam\u0131 unutmayaca\u011f\u0131z ve devam\u0131nda da adaletin ve hukukun gerektirdi\u011fi her \u015feye sayg\u0131 duyaca\u011f\u0131z. \u015eehitlere kar\u015f\u0131 sayg\u0131m\u0131z\u0131 devam ettirece\u011fiz ve dayan\u0131\u015fma i\u00e7inde olup b\u00f6yle bir \u015feyin hi\u00e7 kimseye bir daha tekrarlanmas\u0131na m\u00fcsaade etmeyece\u011fimize dair verdi\u011fimiz s\u00f6z\u00fc tutaca\u011f\u0131z.\u201d s\u00f6zlerini vurgulad\u0131.<\/p>\n<p>Konu\u015fmac\u0131lar\u0131n aras\u0131ndan Kuzey Makedonya K\u00fclt\u00fcr Bakan\u0131 H\u00fcsni \u0130smaili ve \u00dcsk\u00fcp M\u00fcft\u00fcs\u00fc Kenan \u0130smaili de kat\u0131lanlar\u0131 selamlayarak Srebrenitsa katliam\u0131n\u0131n unutulmayaca\u011f\u0131n\u0131 ve unutulmamas\u0131 gerekti\u011fini vurgulay\u0131p bar\u0131\u015f mesajlar\u0131 verdiler.<\/p>\n<p>Bosna sava\u015f\u0131 esnas\u0131nda 1995 y\u0131l\u0131nda Srebrenitsa\u2019da S\u0131rplar\u0131n ger\u00e7ekle\u015ftirdi\u011fi katliam\u0131n y\u0131ld\u00f6n\u00fcm\u00fc Kuzey Makedonya\u2019da da her y\u0131l, hem \u00fclkede bulunan Bo\u015fnak az\u0131nl\u0131\u011f\u0131na ait kurumlar hem de di\u011fer etnik gruplara ait kurumlar taraf\u0131ndan de\u011fi\u015fik etkinliklerin d\u00fczenlenmesiyle an\u0131lmaktad\u0131r.<\/p>\n","protected":false},"excerpt":{"rendered":"<p>\u00dcSK\u00dcP\u2019TE SREBREN\u0130TSA KATL\u0130AMINI ANMA PROGRAMI D\u00dcZENLEND\u0130<\/p>\n","protected":false},"author":1,"featured_media":180537,"comment_status":"closed","ping_status":"open","sticky":false,"template":"","format":"standard","meta":{"jetpack_post_was_ever_published":false,"_jetpack_newsletter_access":"","_jetpack_dont_email_post_to_subs":false,"_jetpack_newsletter_tier_id":0,"_jetpack_memberships_contains_paywalled_content":false,"_jetpack_memberships_contains_paid_content":false,"footnotes":"","jetpack_publicize_message":"","jetpack_publicize_feature_enabled":true,"jetpack_social_post_already_shared":true,"jetpack_social_options":{"image_generator_settings":{"template":"highway","default_image_id":0,"font":"","enabled":false},"version":2}},"categories":[10],"tags":[10306,2202,13974,1999,44181,37106],"class_list":["post-180536","post","type-post","status-publish","format-standard","has-post-thumbnail","hentry","category-dunya","tag-anma","tag-duzenlendi","tag-katliamini","tag-programi","tag-srebrenitsa","tag-uskupte"],"jetpack_publicize_connections":[],"jetpack_featured_media_url":"https:\/\/i0.wp.com\/www.tvturk.com\/wp-content\/uploads\/2019\/07\/uskupte-srebrenitsa-katliamini-anma-programi-duzenlendi_3dad999.jpg?fit=1000%2C750","jetpack_sharing_enabled":true,"jetpack_shortlink":"https:\/\/wp.me\/paKIfm-KXS","_links":{"self":[{"href":"http:\/\/www.tvturk.com\/index.php\/wp-json\/wp\/v2\/posts\/180536","targetHints":{"allow":["GET"]}}],"collection":[{"href":"http:\/\/www.tvturk.com\/index.php\/wp-json\/wp\/v2\/posts"}],"about":[{"href":"http:\/\/www.tvturk.com\/index.php\/wp-json\/wp\/v2\/types\/post"}],"author":[{"embeddable":true,"href":"http:\/\/www.tvturk.com\/index.php\/wp-json\/wp\/v2\/users\/1"}],"replies":[{"embeddable":true,"href":"http:\/\/www.tvturk.com\/index.php\/wp-json\/wp\/v2\/comments?post=180536"}],"version-history":[{"count":0,"href":"http:\/\/www.tvturk.com\/index.php\/wp-json\/wp\/v2\/posts\/180536\/revisions"}],"wp:featuredmedia":[{"embeddable":true,"href":"http:\/\/www.tvturk.com\/index.php\/wp-json\/wp\/v2\/media\/180537"}],"wp:attachment":[{"href":"http:\/\/www.tvturk.com\/index.php\/wp-json\/wp\/v2\/media?parent=180536"}],"wp:term":[{"taxonomy":"category","embeddable":true,"href":"http:\/\/www.tvturk.com\/index.php\/wp-json\/wp\/v2\/categories?post=180536"},{"taxonomy":"post_tag","embeddable":true,"href":"http:\/\/www.tvturk.com\/index.php\/wp-json\/wp\/v2\/tags?post=180536"}],"curies":[{"name":"wp","href":"https:\/\/api.w.org\/{rel}","templated":true}]}}