{"id":180552,"date":"2019-07-11T09:31:27","date_gmt":"2019-07-11T06:31:27","guid":{"rendered":"http:\/\/www.tvturk.com\/index.php\/turkiyenin-en-genis-katilimli-acil-tibbi-kurtarma-tatbikati-icin-hazirliklar-basladi\/"},"modified":"2019-07-11T09:31:27","modified_gmt":"2019-07-11T06:31:27","slug":"turkiyenin-en-genis-katilimli-acil-tibbi-kurtarma-tatbikati-icin-hazirliklar-basladi","status":"publish","type":"post","link":"http:\/\/www.tvturk.com\/index.php\/turkiyenin-en-genis-katilimli-acil-tibbi-kurtarma-tatbikati-icin-hazirliklar-basladi\/","title":{"rendered":"T\u00fcrkiye\u2019nin en geni\u015f kat\u0131l\u0131ml\u0131 acil t\u0131bbi kurtarma tatbikat\u0131 i\u00e7in haz\u0131rl\u0131klar ba\u015flad\u0131"},"content":{"rendered":"<p>Sa\u011fl\u0131k Bakanl\u0131\u011f\u0131, 22-27 Temmuz tarihleri aras\u0131nda Malatya\u2019da d\u00fczenlenecek olan 8. Ulusal Medikal Kurtarma Ekibi (UMKE) tatbikat\u0131n\u0131n haz\u0131rl\u0131klar\u0131na ba\u015flad\u0131.<\/p>\n<p>UMKE\u2019den 500 personel, ambulans helikopter, TSK arama kurtarma helikopteri, 75 UMKE arac\u0131, 27 ambulans, 20 mobil ve lojistik ara\u00e7la ger\u00e7ekle\u015ftirilecek tatbikata AFAD, K\u0131z\u0131lay ve di\u011fer payda\u015f kurumlar\u0131n ekipleri de kat\u0131lacak. 20\u2019ye yak\u0131n \u00fclkeden uluslararas\u0131 g\u00f6zlemci ve D\u00fcnya Sa\u011fl\u0131k \u00d6rg\u00fct\u00fc (DS\u00d6) yetkilileri tatbikat\u0131 takip edecek. Tatbikat\u0131n son g\u00fcn\u00fcnde Sa\u011fl\u0131k Bakan\u0131 Fahrettin Koca, \u00e7al\u0131\u015fmalar\u0131 yerinde izleyecek ve ekipleri denetleyecek.<\/p>\n<p>Bir deprem senaryosu \u00fczerinden ger\u00e7ekle\u015ftirilecek olan 8. Ulusal UMKE Tatbikat\u0131, sempozyum, lansman ve tatbikat b\u00f6l\u00fcmlerinden olu\u015facak. Seyyar hastanenin kurulaca\u011f\u0131 tatbikat alan\u0131nda, sa\u011fl\u0131k hizmetlerinin t\u0131bbi kapasitesi ve yetene\u011fi s\u0131nanacak. Farkl\u0131 illerden gelen UMKE ekiplerinin koordinasyonunun g\u00f6zlemlenece\u011fi tatbikatta ayn\u0131 zamanda t\u0131bbi m\u00fcdahale s\u0131ras\u0131nda i\u015f g\u00fcvenli\u011fi \u00f6nlemleri de\u011ferlendirilecek. UMKE ekiplerinin DS\u00d6 akreditasyon s\u00fcrecindeki son durumu bu tatbikatta a\u00e7\u0131klanacak.<\/p>\n<p>Sa\u011fl\u0131k Bakanl\u0131\u011f\u0131 Acil Sa\u011fl\u0131k Hizmetleri\u2019nin g\u00f6n\u00fcll\u00fc kurtarma ekibi olan UMKE\u2019nin toplamda 12 bin personeli mevcut. Hekim ve sa\u011fl\u0131k personelinden olu\u015fan UMKE, 81 ilde afet ve acil durumlarda g\u00f6rev yap\u0131yor. UMKE ulusal m\u00fcdahalelerin yan\u0131 s\u0131ra Pakistan, Endonezya, Haiti, Sudan, Somali, Nepal, Banglade\u015f, Yemen, Mozambik gibi bir\u00e7ok \u00fclkedeki afetlerde aktif g\u00f6rev ald\u0131 ve \u00e7o\u011fu zaman olay yerine en h\u0131zl\u0131 ula\u015fan ekipler aras\u0131nda oldu.<\/p>\n","protected":false},"excerpt":{"rendered":"<p>SA\u011eLIK BAKANLI\u011eI, 22-27 TEMMUZ TAR\u0130HLER\u0130 ARASINDA MALATYA\u2019DA D\u00dcZENLENECEK OLAN 8. ULUSAL ULUSAL MED\u0130KAL KURTARMA EK\u0130B\u0130 (UMKE) TATB\u0130KATININ HAZIRLIKLARINA BA\u015eLADI.<\/p>\n","protected":false},"author":1,"featured_media":180553,"comment_status":"closed","ping_status":"open","sticky":false,"template":"","format":"standard","meta":{"jetpack_post_was_ever_published":false,"_jetpack_newsletter_access":"","_jetpack_dont_email_post_to_subs":false,"_jetpack_newsletter_tier_id":0,"_jetpack_memberships_contains_paywalled_content":false,"_jetpack_memberships_contains_paid_content":false,"footnotes":"","jetpack_publicize_message":"","jetpack_publicize_feature_enabled":true,"jetpack_social_post_already_shared":true,"jetpack_social_options":{"image_generator_settings":{"template":"highway","default_image_id":0,"font":"","enabled":false},"version":2}},"categories":[1],"tags":[7016,55,6858,3384,44,44428,57,222,3711,177],"class_list":["post-180552","post","type-post","status-publish","format-standard","has-post-thumbnail","hentry","category-genel","tag-acil","tag-basladi","tag-genis","tag-hazirliklar","tag-icin","tag-katilimli","tag-kurtarma","tag-tatbikati","tag-tibbi","tag-turkiyenin"],"jetpack_publicize_connections":[],"jetpack_featured_media_url":"https:\/\/i0.wp.com\/www.tvturk.com\/wp-content\/uploads\/2019\/07\/turkiyenin-en-genis-katilimli-acil-tibbi-kurtarma-tatbikati-icin-hazirliklar-basladi_0680a69.jpg?fit=1000%2C664","jetpack_sharing_enabled":true,"jetpack_shortlink":"https:\/\/wp.me\/paKIfm-KY8","_links":{"self":[{"href":"http:\/\/www.tvturk.com\/index.php\/wp-json\/wp\/v2\/posts\/180552","targetHints":{"allow":["GET"]}}],"collection":[{"href":"http:\/\/www.tvturk.com\/index.php\/wp-json\/wp\/v2\/posts"}],"about":[{"href":"http:\/\/www.tvturk.com\/index.php\/wp-json\/wp\/v2\/types\/post"}],"author":[{"embeddable":true,"href":"http:\/\/www.tvturk.com\/index.php\/wp-json\/wp\/v2\/users\/1"}],"replies":[{"embeddable":true,"href":"http:\/\/www.tvturk.com\/index.php\/wp-json\/wp\/v2\/comments?post=180552"}],"version-history":[{"count":0,"href":"http:\/\/www.tvturk.com\/index.php\/wp-json\/wp\/v2\/posts\/180552\/revisions"}],"wp:featuredmedia":[{"embeddable":true,"href":"http:\/\/www.tvturk.com\/index.php\/wp-json\/wp\/v2\/media\/180553"}],"wp:attachment":[{"href":"http:\/\/www.tvturk.com\/index.php\/wp-json\/wp\/v2\/media?parent=180552"}],"wp:term":[{"taxonomy":"category","embeddable":true,"href":"http:\/\/www.tvturk.com\/index.php\/wp-json\/wp\/v2\/categories?post=180552"},{"taxonomy":"post_tag","embeddable":true,"href":"http:\/\/www.tvturk.com\/index.php\/wp-json\/wp\/v2\/tags?post=180552"}],"curies":[{"name":"wp","href":"https:\/\/api.w.org\/{rel}","templated":true}]}}