{"id":180568,"date":"2019-07-11T10:01:38","date_gmt":"2019-07-11T07:01:38","guid":{"rendered":"http:\/\/www.tvturk.com\/index.php\/ihlas-haber-ajansi-15-temmuzu-ucuncu-yilinda-da-unutturmadi\/"},"modified":"2019-07-11T10:01:38","modified_gmt":"2019-07-11T07:01:38","slug":"ihlas-haber-ajansi-15-temmuzu-ucuncu-yilinda-da-unutturmadi","status":"publish","type":"post","link":"http:\/\/www.tvturk.com\/index.php\/ihlas-haber-ajansi-15-temmuzu-ucuncu-yilinda-da-unutturmadi\/","title":{"rendered":"\u0130hlas Haber Ajans\u0131, 15 Temmuz\u2019u \u00fc\u00e7\u00fcnc\u00fc y\u0131l\u0131nda da unutturmad\u0131"},"content":{"rendered":"<p>15 Temmuz 2016 tarihinde ger\u00e7ekle\u015ftirilen hain darbe giri\u015fiminde T\u00fcrk ve d\u00fcnya medyas\u0131na geli\u015fmeleri aktaran tek haber kurumu olan \u0130hlas Haber Ajans\u0131, darbe giri\u015fiminin 3. y\u0131l d\u00f6n\u00fcm\u00fcnde, haf\u0131zalar\u0131 tazelemek amac\u0131yla \u201c15 Temmuz hain darbe giri\u015fimini unutma, unutturma\u201d foto\u011fraf sergilerinin ilkini Ey\u00fcpsultan\u2019da a\u00e7t\u0131. \u0130stanbul, Ankara, Bursa ve Bal\u0131kesir\u2019de toplam 9 noktada a\u00e7\u0131lacak sergiler, 17 Temmuz\u2019a kadar ziyaret edilebilecek.<\/p>\n<p>15 Temmuz darbe giri\u015fimi s\u0131ras\u0131nda yapm\u0131\u015f oldu\u011fu yay\u0131nlarla adeta darbe giri\u015fiminin p\u00fcsk\u00fcrt\u00fclmesinde b\u00fcy\u00fck rol oynayan \u0130hlas Haber Ajans\u0131, o gece T\u00fcrk ve d\u00fcnya medyas\u0131na servis etti\u011fi foto\u011fraf ve g\u00f6r\u00fcnt\u00fclerden olu\u015fan \u201cunutma, unutturma\u201d isimli foto\u011fraf sergisinin ilkinin a\u00e7\u0131l\u0131\u015f\u0131n\u0131 Ey\u00fcpsultan Meydan\u2019da ger\u00e7ekle\u015ftirdi.<\/p>\n<p>63 foto\u011fraftan olu\u015fan sergide \u0130hlas Haber Ajans\u0131 muhabirlerinin 15 Temmuz gecesi \u00e7ekti\u011fi unutulmaz kareler yer ald\u0131. Serginin a\u00e7\u0131l\u0131\u015f\u0131 Ey\u00fcpsultan Belediye Ba\u015fkan\u0131 Deniz K\u00f6ken ve \u0130hlas Haber Ajans\u0131 Genel M\u00fcd\u00fcr\u00fc Hamit Arvas taraf\u0131ndan ger\u00e7ekle\u015ftirildi. Vatanda\u015flar taraf\u0131ndan yo\u011fun ilgi g\u00f6ren sergide, \u0130HA muhabirleri \u00e7ektikleri foto\u011fraflar\u0131n hikayelerini anlatt\u0131.<\/p>\n<p>\u0130stanbul Havaliman\u0131, Sultanahmet Meydan\u0131, \u00dcsk\u00fcdar Meydan\u0131 ve 15 Temmuz \u015eehitler An\u0131t\u0131nda a\u00e7\u0131lacak sergiler, 17 Temmuz\u2019a kadar ziyaret\u00e7ilere kap\u0131lar\u0131n\u0131 a\u00e7\u0131k tutacak.<\/p>\n<p>\u201cO s\u0131navdan ba\u015far\u0131yla \u00e7\u0131kanlar bug\u00fcn yine g\u00f6\u011fs\u00fcn\u00fc gere gere ortada dola\u015fabiliyor\u201d<\/p>\n<p>15 Temmuz\u2019u hat\u0131rlatmak gerekti\u011fini aktaran Ey\u00fcpsultan Belediye Ba\u015fkan\u0131 Deniz K\u00f6ken, \u201cHat\u0131rlatmak laz\u0131m. Tarihi s\u00fcre\u00e7leri insanlar\u0131m\u0131z \u00e7abuk unutuyorlar. \u00c7abuk unutulunca hatalar tekrarland\u0131\u011f\u0131nda da onu yeni bir hata gibi alg\u0131l\u0131yorlar. Bu bir ak\u0131l tutulmas\u0131yd\u0131. Bu ak\u0131l tutulmas\u0131n\u0131 tekrar vatanda\u015fa hat\u0131rlatarak insanlar akl\u0131n\u0131 kiraya verdi\u011fi zaman neler yapabiliyor? Onu \u00e7ok net bir \u015fekilde ortaya koymu\u015f olduk. 15 Temmuz medyan\u0131n da s\u0131nav verdi\u011fi bir d\u00f6nemdi. S\u0131nav her zaman olmaz. Baz\u0131 zor zamanlarda herkes s\u0131navdan ge\u00e7er. 15 Temmuz da herkesin bir s\u0131nav\u0131yd\u0131. O s\u0131navdan ba\u015far\u0131yla \u00e7\u0131kanlar da bug\u00fcn yine g\u00f6\u011fs\u00fcn\u00fc gere gere ortada dola\u015fabiliyorlar\u201d dedi.<\/p>\n<p>\u201c\u00c7izdi\u011fimiz haber anlay\u0131\u015f\u0131yla darbenin gidi\u015fat\u0131nda rol oynad\u0131k\u201d<\/p>\n<p>Ekibiyle gurur duydu\u011funu belirten \u0130hlas Haber Ajans\u0131 \u0130stanbul B\u00f6lge M\u00fcd\u00fcr\u00fc O\u011fuzhan G\u00fcven, \u201c15 Temmuz gecesi biz bu i\u015fin rengini \u00f6\u011frendikten sonra, bunun hain bir darbe giri\u015fimi oldu\u011funu \u00f6\u011frendikten sonra ekibimle birlikte hi\u00e7 teredd\u00fct etmeden derhal g\u00f6revimizin ba\u015f\u0131na ge\u00e7tik. Ekibimizin her bir ferdini tebrik ediyorum. \u0130stanbul\u2019un her noktas\u0131nda haber ge\u00e7meyi ba\u015flad\u0131k. \u00d6yle ki haber organlar\u0131, b\u00fcy\u00fck televizyonlar belki de sosyal medya d\u0131\u015f\u0131nda hi\u00e7bir yerden malzeme temin edemez haldeyken biz t\u00fcm \u0130stanbul\u2019u ve t\u00fcm T\u00fcrkiye\u2019yi hem T\u00fcrk medyas\u0131na hem d\u00fcnya medyas\u0131na b\u00fct\u00fcn olaylar\u0131 ge\u00e7tik. Ayr\u0131ca bu haberleri ge\u00e7menin yan\u0131 s\u0131ra verdi\u011fimiz g\u00f6r\u00fcnt\u00fclerle, arkada\u015flar\u0131m\u0131zla birlikte \u00e7izdi\u011fimiz bir haber anlay\u0131\u015f\u0131yla darbenin gidi\u015fat\u0131nda da rol oynad\u0131k\u201d diye konu\u015ftu.<\/p>\n<p>\u201cVicdan\u0131m \u00e7ok rahat, ba\u015f\u0131m dik\u201d<\/p>\n<p>15 Temmuz gecesi k\u00f6pr\u00fcde darbeci askerlerin teslim olma g\u00f6r\u00fcnt\u00fclerini \u00e7eken \u0130hlas Haber Ajans\u0131 Muhabiri O\u011fuzcan Yazar, \u201cO gece \u00e7ok ekstra duygular ya\u015fand\u0131. Korktuk mu? Korktuk. Orada gelen insanlar\u0131n olu\u015fturdu\u011fu tav\u0131r, duru\u015f bizi cesaretlendirdi. Bu cesaret her saniye artt\u0131. Oradaki birlikteli\u011fin sayesinde darbe giri\u015fimi geri p\u00fcsk\u00fcrt\u00fcld\u00fc. Darbeci hainler ba\u015far\u0131s\u0131z oldu. Annemizi, babam\u0131z\u0131 arad\u0131k. Helallik istedik. Oradan \u00e7\u0131kamaya da bilirdik ama \u00e7ok \u015f\u00fck\u00fcr o g\u00fcnleri atlatt\u0131k. \u015eu an buraday\u0131z. \u015eu konuda vicdan\u0131m \u00e7ok rahat. Bir\u00e7ok insan ne oldu\u011funu kavrayamadan evlerinde otururken biz sokaklardayd\u0131k. G\u00f6revimizi yap\u0131yorduk. \u0130nsanlara bilgi aktar\u0131yorduk. Duyurusunu da biz verdik. Biti\u015fini de biz verdik. B\u00f6yle bir foto\u011fraf karesiyle tarihte yer edindik. Bu konuda vicdan\u0131m \u00e7ok rahat. Ba\u015f\u0131m dik. Sokaktayd\u0131k. \u0130nsanlar\u0131m\u0131z\u0131n yan\u0131ndayd\u0131k. T\u00fcrkiye\u2019nin yan\u0131ndayd\u0131k\u201d dedi.<\/p>\n","protected":false},"excerpt":{"rendered":"<p>63 FOTO\u011eRAFTAN OLU\u015eAN SERG\u0130DE \u0130HLAS HABER AJANSI MUHAB\u0130RLER\u0130N\u0130N 15 TEMMUZ GECES\u0130 \u00c7EKT\u0130\u011e\u0130 UNUTULMAZ KARELER YER ALDI. SERG\u0130N\u0130N A\u00c7ILI\u015eI EY\u00dcPSULTAN BELED\u0130YE BA\u015eKANI DEN\u0130Z K\u00d6KEN VE \u0130HLAS HABER AJANSI GENEL M\u00dcD\u00dcR\u00dc HAM\u0130T ARVAS TARAFINDAN GER\u00c7EKLE\u015eT\u0130R\u0130LD\u0130.<\/p>\n","protected":false},"author":1,"featured_media":180569,"comment_status":"closed","ping_status":"open","sticky":false,"template":"","format":"standard","meta":{"jetpack_post_was_ever_published":false,"_jetpack_newsletter_access":"","_jetpack_dont_email_post_to_subs":false,"_jetpack_newsletter_tier_id":0,"_jetpack_memberships_contains_paywalled_content":false,"_jetpack_memberships_contains_paid_content":false,"footnotes":"","jetpack_publicize_message":"","jetpack_publicize_feature_enabled":true,"jetpack_social_post_already_shared":true,"jetpack_social_options":{"image_generator_settings":{"template":"highway","default_image_id":0,"font":"","enabled":false},"version":2}},"categories":[1],"tags":[17395,1545,2814,5114,8655,44434,6266],"class_list":["post-180568","post","type-post","status-publish","format-standard","has-post-thumbnail","hentry","category-genel","tag-ajansi","tag-haber","tag-ihlas","tag-temmuzu","tag-ucuncu","tag-unutturmadi","tag-yilinda"],"jetpack_publicize_connections":[],"jetpack_featured_media_url":"https:\/\/i0.wp.com\/www.tvturk.com\/wp-content\/uploads\/2019\/07\/ihlas-haber-ajansi-15-temmuzu-ucuncu-yilinda-da-unutturmadi_cea8526.jpg?fit=1000%2C664","jetpack_sharing_enabled":true,"jetpack_shortlink":"https:\/\/wp.me\/paKIfm-KYo","_links":{"self":[{"href":"http:\/\/www.tvturk.com\/index.php\/wp-json\/wp\/v2\/posts\/180568","targetHints":{"allow":["GET"]}}],"collection":[{"href":"http:\/\/www.tvturk.com\/index.php\/wp-json\/wp\/v2\/posts"}],"about":[{"href":"http:\/\/www.tvturk.com\/index.php\/wp-json\/wp\/v2\/types\/post"}],"author":[{"embeddable":true,"href":"http:\/\/www.tvturk.com\/index.php\/wp-json\/wp\/v2\/users\/1"}],"replies":[{"embeddable":true,"href":"http:\/\/www.tvturk.com\/index.php\/wp-json\/wp\/v2\/comments?post=180568"}],"version-history":[{"count":0,"href":"http:\/\/www.tvturk.com\/index.php\/wp-json\/wp\/v2\/posts\/180568\/revisions"}],"wp:featuredmedia":[{"embeddable":true,"href":"http:\/\/www.tvturk.com\/index.php\/wp-json\/wp\/v2\/media\/180569"}],"wp:attachment":[{"href":"http:\/\/www.tvturk.com\/index.php\/wp-json\/wp\/v2\/media?parent=180568"}],"wp:term":[{"taxonomy":"category","embeddable":true,"href":"http:\/\/www.tvturk.com\/index.php\/wp-json\/wp\/v2\/categories?post=180568"},{"taxonomy":"post_tag","embeddable":true,"href":"http:\/\/www.tvturk.com\/index.php\/wp-json\/wp\/v2\/tags?post=180568"}],"curies":[{"name":"wp","href":"https:\/\/api.w.org\/{rel}","templated":true}]}}