{"id":180610,"date":"2019-07-11T10:31:56","date_gmt":"2019-07-11T07:31:56","guid":{"rendered":"http:\/\/www.tvturk.com\/index.php\/canakkalede-ada-seferine-firtina-engeli\/"},"modified":"2019-07-11T10:31:56","modified_gmt":"2019-07-11T07:31:56","slug":"canakkalede-ada-seferine-firtina-engeli","status":"publish","type":"post","link":"http:\/\/www.tvturk.com\/index.php\/canakkalede-ada-seferine-firtina-engeli\/","title":{"rendered":"\u00c7anakkale\u2019de ada seferine f\u0131rt\u0131na engeli"},"content":{"rendered":"<p>\u00c7anakkale\u2019de d\u00fcn gece yar\u0131s\u0131ndan bu yana etkili olan f\u0131rt\u0131na sebebiyle Bozcaada\u2019ya ger\u00e7ekle\u015ftirilmesi planlanan sefer iptal edildi.<\/p>\n<p>\u00c7anakkale Bo\u011faz\u0131 ile adalar hatt\u0131ndaki ula\u015f\u0131m\u0131 sa\u011flayan GESTA\u015e A\u015e yetkilileri, seferlerin f\u0131rt\u0131nan\u0131n normale d\u00f6nmesinin ard\u0131ndan yeniden yap\u0131laca\u011f\u0131n\u0131 a\u00e7\u0131klad\u0131.<\/p>\n<p>\u00d6te yandan sabah saatlerinde f\u0131rt\u0131na ve ya\u011f\u0131\u015f sebebi ile transit gemi ge\u00e7i\u015fine kapanan \u00c7anakkale bo\u011faz\u0131 tekrar transit gemi trafi\u011fine a\u00e7\u0131ld\u0131.<\/p>\n","protected":false},"excerpt":{"rendered":"<p>GECE YARISINDAN BU YANA ETK\u0130L\u0130 OLAN FIRTINA NEDEN\u0130YLE SAAT 09.00&#8217;DA \u00c7ANAKKALE&#8217;DEN BOZCAADA&#8217;YA GER\u00c7EKLE\u015eT\u0130R\u0130LMES\u0130 PLANLANAN SEFER\u0130 \u0130PTAL ED\u0130LD\u0130<\/p>\n","protected":false},"author":1,"featured_media":180611,"comment_status":"closed","ping_status":"open","sticky":false,"template":"","format":"standard","meta":{"jetpack_post_was_ever_published":false,"_jetpack_newsletter_access":"","_jetpack_dont_email_post_to_subs":false,"_jetpack_newsletter_tier_id":0,"_jetpack_memberships_contains_paywalled_content":false,"_jetpack_memberships_contains_paid_content":false,"footnotes":"","jetpack_publicize_message":"","jetpack_publicize_feature_enabled":true,"jetpack_social_post_already_shared":true,"jetpack_social_options":{"image_generator_settings":{"template":"highway","default_image_id":0,"font":"","enabled":false},"version":2}},"categories":[1],"tags":[1418,8544,1474,972,20386],"class_list":["post-180610","post","type-post","status-publish","format-standard","has-post-thumbnail","hentry","category-genel","tag-ada","tag-canakkalede","tag-engeli","tag-firtina","tag-seferine"],"jetpack_publicize_connections":[],"jetpack_featured_media_url":"https:\/\/i0.wp.com\/www.tvturk.com\/wp-content\/uploads\/2019\/07\/canakkalede-ada-seferine-firtina-engeli_dbd66e7.jpg?fit=1000%2C562","jetpack_sharing_enabled":true,"jetpack_shortlink":"https:\/\/wp.me\/paKIfm-KZ4","_links":{"self":[{"href":"http:\/\/www.tvturk.com\/index.php\/wp-json\/wp\/v2\/posts\/180610","targetHints":{"allow":["GET"]}}],"collection":[{"href":"http:\/\/www.tvturk.com\/index.php\/wp-json\/wp\/v2\/posts"}],"about":[{"href":"http:\/\/www.tvturk.com\/index.php\/wp-json\/wp\/v2\/types\/post"}],"author":[{"embeddable":true,"href":"http:\/\/www.tvturk.com\/index.php\/wp-json\/wp\/v2\/users\/1"}],"replies":[{"embeddable":true,"href":"http:\/\/www.tvturk.com\/index.php\/wp-json\/wp\/v2\/comments?post=180610"}],"version-history":[{"count":0,"href":"http:\/\/www.tvturk.com\/index.php\/wp-json\/wp\/v2\/posts\/180610\/revisions"}],"wp:featuredmedia":[{"embeddable":true,"href":"http:\/\/www.tvturk.com\/index.php\/wp-json\/wp\/v2\/media\/180611"}],"wp:attachment":[{"href":"http:\/\/www.tvturk.com\/index.php\/wp-json\/wp\/v2\/media?parent=180610"}],"wp:term":[{"taxonomy":"category","embeddable":true,"href":"http:\/\/www.tvturk.com\/index.php\/wp-json\/wp\/v2\/categories?post=180610"},{"taxonomy":"post_tag","embeddable":true,"href":"http:\/\/www.tvturk.com\/index.php\/wp-json\/wp\/v2\/tags?post=180610"}],"curies":[{"name":"wp","href":"https:\/\/api.w.org\/{rel}","templated":true}]}}