{"id":180612,"date":"2019-07-11T10:32:01","date_gmt":"2019-07-11T07:32:01","guid":{"rendered":"http:\/\/www.tvturk.com\/index.php\/teror-bitti-daglar-senlendi\/"},"modified":"2019-07-11T10:32:01","modified_gmt":"2019-07-11T07:32:01","slug":"teror-bitti-daglar-senlendi","status":"publish","type":"post","link":"http:\/\/www.tvturk.com\/index.php\/teror-bitti-daglar-senlendi\/","title":{"rendered":"Ter\u00f6r bitti, da\u011flar \u015fenlendi"},"content":{"rendered":"<p>T\u00fcrk Silahl\u0131 Kuvvetleri taraf\u0131ndan s\u00fcrd\u00fcr\u00fclen ba\u015far\u0131l\u0131 operasyonlarla bir d\u00f6nemler ter\u00f6ristlerin kol gezdi\u011fi da\u011flar, huzura eri\u015fince vatanda\u015flar y\u0131llarca gidilmeyen b\u00f6lgelerin keyfini \u00e7\u0131karmaya ba\u015flad\u0131. 33 derece s\u0131cakl\u0131kta Z\u00fcmr\u00fct Kapl\u0131cas\u0131na ak\u0131n eden vatanda\u015flar, kavurucu s\u0131caklara ald\u0131r\u0131\u015f etmeden \u015fifa ar\u0131yor. Kato Da\u011f\u0131 eteklerinde bulunan kapl\u0131ca, y\u0131l\u0131n her vakti ziyaret\u00e7ilerini a\u011f\u0131rl\u0131yor.<\/p>\n<p>Beyt\u00fc\u015f\u015febap il\u00e7esine ba\u011fl\u0131 Il\u0131cak k\u00f6y\u00fcnde bulunan Z\u00fcmr\u00fct Kapl\u0131calar\u0131, yaz aylar\u0131nda b\u00f6lgede olu\u015fan huzurla birlikte ziyaret\u00e7i ak\u0131n\u0131na u\u011fruyor. Kato Da\u011f\u0131 eteklerinde bulunan 43 derece s\u0131cak termal kaynak su, \u015fifa arayanlarla dolup ta\u015f\u0131yor. \u0130l\u00e7e merkezinden 7 kilometre uzakl\u0131kta bulunan kapl\u0131ca y\u0131l\u0131n her vakti ziyaret\u00e7ilerini a\u011f\u0131rl\u0131yor. \u015e\u0131rnak, Hakkari, Van, Batman, Siirt, Mardin ve yurt d\u0131\u015f\u0131ndan gelen vatanda\u015flar romatizma, bel f\u0131t\u0131\u011f\u0131, cilt hastal\u0131klar\u0131na iyi geldi\u011fini d\u00fc\u015f\u00fcnd\u00fckleri kapl\u0131cada saatlerce suda kal\u0131yor. Hava s\u0131cakl\u0131\u011f\u0131 33 dereceyi bulmas\u0131na ra\u011fmen haftalarca kamp kurup kapl\u0131can\u0131n keyfini \u00e7\u0131karan vatanda\u015flar Kato Da\u011f\u0131 manzaral\u0131 g\u00fczel bir tatil ge\u00e7irmeye \u00e7al\u0131\u015f\u0131yor. Mehmet Acar ad\u0131ndaki i\u015fletmeci kapl\u0131caya ak\u0131n eden vatanda\u015flar\u0131n il\u00e7e ekonomisine b\u00fcy\u00fck \u00f6l\u00e7\u00fcde katk\u0131 sa\u011flad\u0131\u011f\u0131n\u0131 belirtti. Acar, &#8220;Y\u0131llard\u0131r bu kapl\u0131ca y\u0131l\u0131n her vakti t\u0131kl\u0131m t\u0131kl\u0131m oluyor. Bizim i\u00e7in g\u00fczel bir kalk\u0131nmad\u0131r. Buray\u0131 yeni a\u00e7t\u0131k. Gelecek olanlar\u0131n t\u00fcm ihtiya\u00e7lar\u0131n\u0131 kar\u015f\u0131lamak i\u00e7in \u00e7al\u0131\u015f\u0131yoruz. \u0130n\u015fallah buralar daha da g\u00fczel olacak&#8221; dedi.<\/p>\n<p>Hakkari Y\u00fcksekova il\u00e7esinden gelen Re\u015fit \u00d6zer isimli bir vatanda\u015f ise \u015fifa aramak i\u00e7in bir hafta boyunca kapl\u0131cada kald\u0131\u011f\u0131n\u0131 s\u00f6yledi. \u00d6zer, &#8220;G\u00fcnlerdir buraday\u0131m, buran\u0131n do\u011fas\u0131, havas\u0131, suyu \u00e7ok g\u00fczel herkesi buraya davet ediyorum. Kapl\u0131ca \u00e7ok \u015fifal\u0131 yaln\u0131z biraz bak\u0131ms\u0131z ve bir an \u00f6nce buralar\u0131n temizlenmesi gerek. Ba\u015fka her \u015fey \u00e7ok g\u00fczel&#8221; diye konu\u015ftu.<\/p>\n","protected":false},"excerpt":{"rendered":"<p>TER\u00d6R\u00dcN SONA ERMES\u0130N\u0130N ARDINDAN BEYT\u00dc\u015e\u015eEBAP \u0130L\u00c7ES\u0130NE BA\u011eLI ILICAK K\u00d6Y\u00dcNDE BULUNAN Z\u00dcMR\u00dcT KAPLICALARI, YAZ AYLARINDA B\u00d6LGEDE OLU\u015eAN HUZURLA B\u0130RL\u0130KTE Z\u0130YARET\u00c7\u0130 AKININA U\u011eRUYOR<\/p>\n","protected":false},"author":1,"featured_media":180613,"comment_status":"closed","ping_status":"open","sticky":false,"template":"","format":"standard","meta":{"jetpack_post_was_ever_published":false,"_jetpack_newsletter_access":"","_jetpack_dont_email_post_to_subs":false,"_jetpack_newsletter_tier_id":0,"_jetpack_memberships_contains_paywalled_content":false,"_jetpack_memberships_contains_paid_content":false,"footnotes":"","jetpack_publicize_message":"","jetpack_publicize_feature_enabled":true,"jetpack_social_post_already_shared":true,"jetpack_social_options":{"image_generator_settings":{"template":"highway","default_image_id":0,"font":"","enabled":false},"version":2}},"categories":[1],"tags":[3991,44452,13273,3990],"class_list":["post-180612","post","type-post","status-publish","format-standard","has-post-thumbnail","hentry","category-genel","tag-bitti","tag-daglar","tag-senlendi","tag-teror"],"jetpack_publicize_connections":[],"jetpack_featured_media_url":"https:\/\/i0.wp.com\/www.tvturk.com\/wp-content\/uploads\/2019\/07\/teror-bitti-daglar-senlendi_876e2f8.jpg?fit=1000%2C562","jetpack_sharing_enabled":true,"jetpack_shortlink":"https:\/\/wp.me\/paKIfm-KZ6","_links":{"self":[{"href":"http:\/\/www.tvturk.com\/index.php\/wp-json\/wp\/v2\/posts\/180612","targetHints":{"allow":["GET"]}}],"collection":[{"href":"http:\/\/www.tvturk.com\/index.php\/wp-json\/wp\/v2\/posts"}],"about":[{"href":"http:\/\/www.tvturk.com\/index.php\/wp-json\/wp\/v2\/types\/post"}],"author":[{"embeddable":true,"href":"http:\/\/www.tvturk.com\/index.php\/wp-json\/wp\/v2\/users\/1"}],"replies":[{"embeddable":true,"href":"http:\/\/www.tvturk.com\/index.php\/wp-json\/wp\/v2\/comments?post=180612"}],"version-history":[{"count":0,"href":"http:\/\/www.tvturk.com\/index.php\/wp-json\/wp\/v2\/posts\/180612\/revisions"}],"wp:featuredmedia":[{"embeddable":true,"href":"http:\/\/www.tvturk.com\/index.php\/wp-json\/wp\/v2\/media\/180613"}],"wp:attachment":[{"href":"http:\/\/www.tvturk.com\/index.php\/wp-json\/wp\/v2\/media?parent=180612"}],"wp:term":[{"taxonomy":"category","embeddable":true,"href":"http:\/\/www.tvturk.com\/index.php\/wp-json\/wp\/v2\/categories?post=180612"},{"taxonomy":"post_tag","embeddable":true,"href":"http:\/\/www.tvturk.com\/index.php\/wp-json\/wp\/v2\/tags?post=180612"}],"curies":[{"name":"wp","href":"https:\/\/api.w.org\/{rel}","templated":true}]}}