{"id":180618,"date":"2019-07-11T10:46:27","date_gmt":"2019-07-11T07:46:27","guid":{"rendered":"http:\/\/www.tvturk.com\/index.php\/mersinde-olumlere-neden-olan-metil-alkolle-ilgili-aciklama\/"},"modified":"2019-07-11T10:46:27","modified_gmt":"2019-07-11T07:46:27","slug":"mersinde-olumlere-neden-olan-metil-alkolle-ilgili-aciklama","status":"publish","type":"post","link":"http:\/\/www.tvturk.com\/index.php\/mersinde-olumlere-neden-olan-metil-alkolle-ilgili-aciklama\/","title":{"rendered":"Mersin\u2019de \u00f6l\u00fcmlere neden olan metil alkolle ilgili a\u00e7\u0131klama"},"content":{"rendered":"<p>Mersin\u2019de metin alkol kullan\u0131m\u0131ndan dolay\u0131 ya\u015fanan \u00f6l\u00fcmlerle ilgili bir a\u00e7\u0131klama yapan Kimya M\u00fchendisleri Odas\u0131 Eski\u015fehir B\u00f6lge Temsilcili\u011fi Ba\u015fkan\u0131 Kenan \u00c7al\u0131\u015f\u0131r, &#8220;Metil alkol k\u00f6rl\u00fck ve \u00f6l\u00fcm olmak \u00fczere ba\u015fkaca zararlar\u0131 da olan bir alkol t\u00fcr\u00fcd\u00fcr&#8221; dedi.<\/p>\n<p>Ge\u00e7en g\u00fcnlerde Mersin\u2019de metil alkol t\u00fcketiminden dolay\u0131 \u00e7ok say\u0131da ki\u015fi hayat\u0131n\u0131 kaybetmi\u015fti. 10 g\u00fcn i\u00e7erisinde metil alkol t\u00fcketimi y\u00fcz\u00fcnden 8 ki\u015fi ya\u015fam\u0131n\u0131 yitirirken 15 ki\u015finin de hastanede tedavisinin s\u00fcrd\u00fc\u011f\u00fc belirtiliyor. Metil alkol t\u00fcketimiyle ilgili a\u00e7\u0131klama yapan Kimya M\u00fchendisleri Odas\u0131 Eski\u015fehir B\u00f6lge Temsilcili\u011fi Ba\u015fkan\u0131 Kenan \u00c7al\u0131\u015f\u0131r, &#8220;Ge\u00e7ti\u011fimiz hafta Mersin\u2019de metil alkol kaynakl\u0131 ya\u015fanan \u00f6l\u00fcmler sahte rak\u0131 meselesini tekrar \u00fclke g\u00fcndemine soktu. Son y\u0131llarda alkoll\u00fc i\u00e7kiler ve \u00f6zellikle rak\u0131 fiyatlar\u0131na gelen zamlar sonras\u0131, kontrols\u00fcz ve riskli bir piyasa olu\u015fmu\u015f durumdad\u0131r. Vatanda\u015flar kendi rak\u0131lar\u0131n\u0131 kendilerini \u00fcretmeye \u00e7al\u0131\u015f\u0131yorlar. Bu noktada mesle\u011fimizin bize y\u00fckledi\u011fi sorumluluk gere\u011fi \u00f6neri ve a\u00e7\u0131klamalar\u0131m\u0131z\u0131 kamuoyu ile payla\u015fmam\u0131z ka\u00e7\u0131n\u0131lmaz olmu\u015ftur. G\u00f6z\u00fcken odur ki ya\u015fanan \u00f6l\u00fcmlerin sebebi metil alkold\u00fcr. Vatanda\u015flar giderek artan bir oranda tar\u0131msal k\u00f6kenli etil alkol\u00fcn i\u00e7ine anason ya\u011f\u0131 ekleyip elde ettikleri \u00fcr\u00fcn\u00fc t\u00fcketmektedir. Ruhsatl\u0131 etil alkol da\u011f\u0131t\u0131mc\u0131s\u0131 ve sat\u0131\u015f\u00e7\u0131lar\u0131n\u0131n yan\u0131 s\u0131ra metil alkol\u00fc ka\u00e7ak bir \u015fekilde piyasa s\u00fcren birilerinin oldu\u011fu ortaya \u00e7\u0131kmaktad\u0131r. Bunu ya bilin\u00e7sizlikten ya da insanlar\u0131n \u00f6lmesi pahas\u0131na daha fazla kar h\u0131rs\u0131ndan dolay\u0131 yapmaktad\u0131rlar. Oysa kimyasallar\u0131n kayd\u0131, izlenmesi gibi sistemler \u00fczerinden yap\u0131lacak ara\u015ft\u0131rmalarda metil alkol\u00fc yurda sokan, da\u011f\u0131tan, satan ve kullananlar\u0131n bilgileri devletin elinde mevcuttur. Bu noktada polis, zab\u0131ta, g\u00fcmr\u00fckler, bakanl\u0131klar\u0131n ruhsat ve denetim birimleri ile savc\u0131l\u0131k gibi mercilerin kovu\u015fturma ve takiplerini artt\u0131rmalar\u0131n\u0131 talep ediyoruz. Etil alkol v\u00fccutta metabolize olan bir alkol iken, metil alkol ba\u015fta k\u00f6rl\u00fck ve \u00f6l\u00fcm olmak \u00fczere ba\u015fkaca zararlar\u0131 da olan bir alkol t\u00fcr\u00fcd\u00fcr. Dam\u0131t\u0131lm\u0131\u015f i\u00e7ki yapmak i\u00e7in gerekli etil alkol\u00fcn izinsiz \u00fcretimi ise yasakt\u0131r. Be\u015feri durum mevcut yasal d\u00fczenlemeleri a\u015fm\u0131\u015ft\u0131r. Vatanda\u015flar evlerde dam\u0131t\u0131m yaparak tar\u0131msal k\u00f6kenli etil alkol yoluyla i\u00e7ki \u00fcretmek zorunda kalmaktad\u0131rlar. \u00d6te yandan bu topraklarda y\u00fczy\u0131llard\u0131r bo\u011fma rak\u0131 tabir edilen bir rak\u0131 t\u00fcr\u00fc \u00fcretilmektedir. Kimya M\u00fchendisleri Odas\u0131 olarak bu ger\u00e7ekten yola \u00e7\u0131karak amat\u00f6r olarak dam\u0131t\u0131m yapmak isteyenlerin bir ruhsatland\u0131rma sistemine dahil edilmesini \u00f6nermekteyiz&#8221; diye konu\u015ftu.<\/p>\n<p>&#8220;Anasondan dolay\u0131 su kat\u0131l\u0131nca beyazlamas\u0131 bu i\u00e7kinin rak\u0131 diye tan\u0131mlanmas\u0131n\u0131 do\u011furamaz&#8221;<\/p>\n<p>Metil alkolden yap\u0131lan i\u00e7kilerin \u00f6l\u00fcmlere sebep olabilece\u011fini belirterek vatanda\u015flara uyar\u0131larda bulunan Ba\u015fkan \u00c7al\u0131\u015f\u0131r, &#8220;Tar\u0131msal k\u00f6kenli etil alkol\u00fcn i\u00e7ine anason ya\u011f\u0131 ya da aromas\u0131 konularak yap\u0131lan i\u00e7ki maalesef rak\u0131 de\u011fildir. Bir i\u00e7kinin geleneksel rak\u0131 olarak adland\u0131r\u0131labilmesi i\u00e7in, arpa ve bu\u011fday gibi hububatlardan ya da \u015feker pancar\u0131 melas\u0131ndan de\u011fil \u00fcz\u00fcm, incir gibi meyvelerden elde edilen etil alkolden \u00fcretilmesi gerekmektedir. Evlerde yayg\u0131n olarak \u00fcretilen bu i\u00e7ki hem literat\u00fcre hem de karakteristik k\u00f6kenine g\u00f6re bir s\u0131n\u0131flamaya kar\u015f\u0131l\u0131k gelmemektedir. Bu i\u00e7kinin i\u00e7im tad\u0131, i\u00e7erdi\u011fi aroma maddelerinin t\u00fcr ve oranlar\u0131, geleneksel rak\u0131 ile ili\u015fkilendirilemez. Anasondan dolay\u0131 su kat\u0131l\u0131nca beyazlamas\u0131, bu i\u00e7kinin rak\u0131 diye tan\u0131mlanmas\u0131n\u0131 do\u011furamaz. \u00d6te yandan bu i\u00e7kinin sa\u011fl\u0131k riskleri hakk\u0131nda yap\u0131lm\u0131\u015f ara\u015ft\u0131rmalar ve \u00fcretim standartlar\u0131 belirlenmemi\u015f durumdad\u0131r ve metil alkolden yap\u0131lmas\u0131 halinde \u00f6l\u00fcmlere yol a\u00e7maktad\u0131r&#8221; ifadelerini kulland\u0131.<\/p>\n","protected":false},"excerpt":{"rendered":"<p>MERS\u0130N\u2019DE MET\u0130N ALKOL KULLANIMINDAN DOLAYI YA\u015eANAN \u00d6L\u00dcMLER\u0130N ARDINDAN K\u0130MYA M\u00dcHEND\u0130SLER\u0130 ODASI ESK\u0130\u015eEH\u0130R B\u00d6LGE TEMS\u0130LC\u0130L\u0130\u011e\u0130 BA\u015eKANI KENAN \u00c7ALI\u015eIR, KONUYLA \u0130LG\u0130L\u0130 B\u0130R A\u00c7IKLAMA YAPTI<\/p>\n","protected":false},"author":1,"featured_media":180619,"comment_status":"closed","ping_status":"open","sticky":false,"template":"","format":"standard","meta":{"jetpack_post_was_ever_published":false,"_jetpack_newsletter_access":"","_jetpack_dont_email_post_to_subs":false,"_jetpack_newsletter_tier_id":0,"_jetpack_memberships_contains_paywalled_content":false,"_jetpack_memberships_contains_paid_content":false,"footnotes":"","jetpack_publicize_message":"","jetpack_publicize_feature_enabled":true,"jetpack_social_post_already_shared":true,"jetpack_social_options":{"image_generator_settings":{"template":"highway","default_image_id":0,"font":"","enabled":false},"version":2}},"categories":[1],"tags":[3349,44454,3012,2218,44453,1130,572,28108],"class_list":["post-180618","post","type-post","status-publish","format-standard","has-post-thumbnail","hentry","category-genel","tag-aciklama","tag-alkolle","tag-ilgili","tag-mersinde","tag-metil","tag-neden","tag-olan","tag-olumlere"],"jetpack_publicize_connections":[],"jetpack_featured_media_url":"https:\/\/i0.wp.com\/www.tvturk.com\/wp-content\/uploads\/2019\/07\/mersinde-olumlere-neden-olan-metil-alkolle-ilgili-aciklama_7d9b6f0.jpg?fit=820%2C1000","jetpack_sharing_enabled":true,"jetpack_shortlink":"https:\/\/wp.me\/paKIfm-KZc","_links":{"self":[{"href":"http:\/\/www.tvturk.com\/index.php\/wp-json\/wp\/v2\/posts\/180618","targetHints":{"allow":["GET"]}}],"collection":[{"href":"http:\/\/www.tvturk.com\/index.php\/wp-json\/wp\/v2\/posts"}],"about":[{"href":"http:\/\/www.tvturk.com\/index.php\/wp-json\/wp\/v2\/types\/post"}],"author":[{"embeddable":true,"href":"http:\/\/www.tvturk.com\/index.php\/wp-json\/wp\/v2\/users\/1"}],"replies":[{"embeddable":true,"href":"http:\/\/www.tvturk.com\/index.php\/wp-json\/wp\/v2\/comments?post=180618"}],"version-history":[{"count":0,"href":"http:\/\/www.tvturk.com\/index.php\/wp-json\/wp\/v2\/posts\/180618\/revisions"}],"wp:featuredmedia":[{"embeddable":true,"href":"http:\/\/www.tvturk.com\/index.php\/wp-json\/wp\/v2\/media\/180619"}],"wp:attachment":[{"href":"http:\/\/www.tvturk.com\/index.php\/wp-json\/wp\/v2\/media?parent=180618"}],"wp:term":[{"taxonomy":"category","embeddable":true,"href":"http:\/\/www.tvturk.com\/index.php\/wp-json\/wp\/v2\/categories?post=180618"},{"taxonomy":"post_tag","embeddable":true,"href":"http:\/\/www.tvturk.com\/index.php\/wp-json\/wp\/v2\/tags?post=180618"}],"curies":[{"name":"wp","href":"https:\/\/api.w.org\/{rel}","templated":true}]}}