{"id":180620,"date":"2019-07-11T10:46:31","date_gmt":"2019-07-11T07:46:31","guid":{"rendered":"http:\/\/www.tvturk.com\/index.php\/sehitligin-bakimi-hukumlulerden\/"},"modified":"2019-07-11T10:46:31","modified_gmt":"2019-07-11T07:46:31","slug":"sehitligin-bakimi-hukumlulerden","status":"publish","type":"post","link":"http:\/\/www.tvturk.com\/index.php\/sehitligin-bakimi-hukumlulerden\/","title":{"rendered":"\u015eehitli\u011fin bak\u0131m\u0131 h\u00fck\u00fcml\u00fclerden"},"content":{"rendered":"<p>Ad\u0131yaman\u2019da denetimli serbestlikten yararlanan h\u00fck\u00fcml\u00fcler \u015fehitlikte bak\u0131m \u00e7al\u0131\u015fmalar\u0131 yapt\u0131.<\/p>\n<p>Denetimli serbestlik kapsam\u0131nda kamu yarar\u0131na \u00e7al\u0131\u015ft\u0131r\u0131lan 20\u2019ye yak\u0131n h\u00fck\u00fcml\u00fc, 15 Temmuz Milli Birlik ve Demokrasi G\u00fcn\u00fc etkinlikleri kapsam\u0131nda \u015fehitlikte bak\u0131m \u00e7al\u0131\u015fmas\u0131 ger\u00e7ekle\u015ftirdi. Denetimli Serbestlik M\u00fcd\u00fcrl\u00fc\u011f\u00fc g\u00f6revlilerince \u015fehitli\u011fe getirilen h\u00fck\u00fcml\u00fcler, burada ellerine ald\u0131klar\u0131 f\u0131r\u00e7alar ile \u00f6nce \u015fehitlikte bulunan a\u011fa\u00e7lar\u0131n g\u00f6vdelerine kire\u00e7 ile badana yapt\u0131. A\u011fa\u00e7lara yap\u0131lan bak\u0131m sonras\u0131nda kuru otlar, a\u011fa\u00e7lar\u0131n yaprak ve dallar\u0131 toplanarak \u00e7\u00f6pe at\u0131ld\u0131. H\u00fck\u00fcml\u00fclerin yapm\u0131\u015f oldu\u011fu temizlik ve bak\u0131m \u00e7al\u0131\u015fmalar\u0131 sonras\u0131nda \u015fehitlik p\u0131r\u0131l p\u0131r\u0131l bir hale geldi. \u015eehitlikte olman\u0131n ve burada \u00e7al\u0131\u015fman\u0131n kendilerini \u00e7ok mutlu etti\u011fini belirten h\u00fck\u00fcml\u00fcler, Ad\u0131yaman Denetimli Serbestlik M\u00fcd\u00fcrl\u00fc\u011f\u00fcne te\u015fekk\u00fcr ettiklerini s\u00f6yledi.<\/p>\n<p>\u015eehitliklerde bak\u0131m ve temizlik \u00e7al\u0131\u015fmalar\u0131n\u0131 bundan sonra da s\u00fcrd\u00fcrmeyi istediklerini vurgulayan Ad\u0131yaman Denetimli Serbestlik M\u00fcd\u00fcr\u00fc Murat Bayrak, \u201c\u00d6ncelikle b\u00fct\u00fcn \u015fehitlerimize Allah\u2019tan rahmet diliyorum. 15 Temmuz Milli Birlik ve Demokrasi G\u00fcn\u00fc m\u00fcnasebetiyle y\u00fck\u00fcml\u00fclerimiz ile beraber t\u00fcm \u015fehitlerimizin bulundu\u011fu \u015fehitli\u011fimizde a\u011fa\u00e7lar\u0131n badanas\u0131, yerlerin bak\u0131mlar\u0131, bordur ta\u015flar\u0131n\u0131n bak\u0131m\u0131, a\u011fa\u00e7 bak\u0131m\u0131 gibi i\u015fleri yaparak in\u015fallah bizler de burada hizmetimizi sunaca\u011f\u0131z. Bu \u00e7al\u0131\u015famaya kat\u0131lan b\u00fct\u00fcn y\u00fck\u00fcml\u00fclerimize ve denetimli serbestlik \u00e7al\u0131\u015fanlar\u0131m\u0131za te\u015fekk\u00fcr ediyorum\u201d dedi.<\/p>\n<p>Daha sonra konu\u015fan h\u00fck\u00fcml\u00fclerden T.G., &#8220;15 Temmuz \u00f6ncesi buraya gelerek bir hay\u0131r i\u015fledik. Denetimli Serbestlik M\u00fcd\u00fcrl\u00fc\u011f\u00fcm\u00fcz bizlere b\u00f6yle bir imkan sa\u011flad\u0131. Burada a\u011fa\u00e7lar\u0131n bak\u0131m\u0131, mezarlar\u0131n bak\u0131m\u0131, \u00e7evre d\u00fczenlemesi yapt\u0131k. G\u00fczel yani bizleri en az\u0131ndan topluma kazand\u0131r\u0131yorlar. Bizim i\u00e7in faydal\u0131 b\u00f6yle bir hayra vesile oldular. Yani \u015fehitli\u011fe geldik ve olduk\u00e7a faydal\u0131 bir i\u015f yap\u0131yoruz. Mutluyuz, bizim i\u00e7in g\u00fczel bir \u015fey\u201d \u015feklinde konu\u015ftu.<\/p>\n<p>Ad\u0131yaman Denetimli Serbestlik M\u00fcd\u00fcrl\u00fc\u011f\u00fc Denetimli Serbestlik Uzman\u0131 H\u00fcseyin Baydil ise konu\u015fmas\u0131nda, &#8220;15 Temmuz Demokrasi ve Milli Birlik etkinlikleri kapsam\u0131nda bir plan dahilinde h\u00fck\u00fcml\u00fclerimizle kamuya yararl\u0131 bir i\u015fte \u015fehitli\u011fimizde \u00e7al\u0131\u015fma ger\u00e7ekle\u015ftirmek \u00fczere bir plan kurduk. Bu plan dahilinde h\u00fck\u00fcml\u00fcler ile beraber buraya geldik ve gerekli \u00e7al\u0131\u015fmalar\u0131 yapt\u0131k. Yani bize d\u00fc\u015fen g\u00f6revi tam yapt\u0131\u011f\u0131m\u0131z\u0131 s\u00f6yleyemiyoruz fakat elimizden geldi\u011fince bunu yapmaya \u00e7al\u0131\u015f\u0131yoruz. Gerek \u015fehitlerimizin an\u0131lmas\u0131, gerekse de h\u00fck\u00fcml\u00fclerin topluma kazand\u0131r\u0131lmas\u0131 konusunda bu \u00e7al\u0131\u015fmalar\u0131m\u0131za devam edece\u011fiz. Ben kendi ad\u0131ma ve m\u00fcd\u00fcrl\u00fc\u011f\u00fcm\u00fcz ad\u0131na \u00f6ncelikle burada \u00e7al\u0131\u015fan h\u00fck\u00fcml\u00fc karde\u015flerime te\u015fekk\u00fcr ediyorum\u201d ifadelerini kulland\u0131.<\/p>\n","protected":false},"excerpt":{"rendered":"<p>ADIYAMAN DENET\u0130ML\u0130 SERBESTL\u0130K M\u00dcD\u00dcRL\u00dc\u011e\u00dc TARAFINDAN, DENET\u0130ML\u0130 SERBESTL\u0130K YASASINDAN YARALANAN H\u00dcK\u00dcML\u00dcLER \u015eEH\u0130TL\u0130\u011eE BAKIM YAPTI.<\/p>\n","protected":false},"author":1,"featured_media":180621,"comment_status":"closed","ping_status":"open","sticky":false,"template":"","format":"standard","meta":{"jetpack_post_was_ever_published":false,"_jetpack_newsletter_access":"","_jetpack_dont_email_post_to_subs":false,"_jetpack_newsletter_tier_id":0,"_jetpack_memberships_contains_paywalled_content":false,"_jetpack_memberships_contains_paid_content":false,"footnotes":"","jetpack_publicize_message":"","jetpack_publicize_feature_enabled":true,"jetpack_social_post_already_shared":true,"jetpack_social_options":{"image_generator_settings":{"template":"highway","default_image_id":0,"font":"","enabled":false},"version":2}},"categories":[1],"tags":[753,44456,44455],"class_list":["post-180620","post","type-post","status-publish","format-standard","has-post-thumbnail","hentry","category-genel","tag-bakimi","tag-hukumlulerden","tag-sehitligin"],"jetpack_publicize_connections":[],"jetpack_featured_media_url":"https:\/\/i0.wp.com\/www.tvturk.com\/wp-content\/uploads\/2019\/07\/sehitligin-bakimi-hukumlulerden_590cd58.jpg?fit=1000%2C666","jetpack_sharing_enabled":true,"jetpack_shortlink":"https:\/\/wp.me\/paKIfm-KZe","_links":{"self":[{"href":"http:\/\/www.tvturk.com\/index.php\/wp-json\/wp\/v2\/posts\/180620","targetHints":{"allow":["GET"]}}],"collection":[{"href":"http:\/\/www.tvturk.com\/index.php\/wp-json\/wp\/v2\/posts"}],"about":[{"href":"http:\/\/www.tvturk.com\/index.php\/wp-json\/wp\/v2\/types\/post"}],"author":[{"embeddable":true,"href":"http:\/\/www.tvturk.com\/index.php\/wp-json\/wp\/v2\/users\/1"}],"replies":[{"embeddable":true,"href":"http:\/\/www.tvturk.com\/index.php\/wp-json\/wp\/v2\/comments?post=180620"}],"version-history":[{"count":0,"href":"http:\/\/www.tvturk.com\/index.php\/wp-json\/wp\/v2\/posts\/180620\/revisions"}],"wp:featuredmedia":[{"embeddable":true,"href":"http:\/\/www.tvturk.com\/index.php\/wp-json\/wp\/v2\/media\/180621"}],"wp:attachment":[{"href":"http:\/\/www.tvturk.com\/index.php\/wp-json\/wp\/v2\/media?parent=180620"}],"wp:term":[{"taxonomy":"category","embeddable":true,"href":"http:\/\/www.tvturk.com\/index.php\/wp-json\/wp\/v2\/categories?post=180620"},{"taxonomy":"post_tag","embeddable":true,"href":"http:\/\/www.tvturk.com\/index.php\/wp-json\/wp\/v2\/tags?post=180620"}],"curies":[{"name":"wp","href":"https:\/\/api.w.org\/{rel}","templated":true}]}}