{"id":180638,"date":"2019-07-11T11:02:07","date_gmt":"2019-07-11T08:02:07","guid":{"rendered":"http:\/\/www.tvturk.com\/index.php\/altin-kemer-istanbulda-verilecek\/"},"modified":"2019-07-11T11:02:07","modified_gmt":"2019-07-11T08:02:07","slug":"altin-kemer-istanbulda-verilecek","status":"publish","type":"post","link":"http:\/\/www.tvturk.com\/index.php\/altin-kemer-istanbulda-verilecek\/","title":{"rendered":"Alt\u0131n kemer \u0130stanbul\u2019da verilecek"},"content":{"rendered":"<p>T\u00fcrk boksunun gelecekteki starlar\u0131ndan Emre \u00c7ukur, Almanya\u2019n\u0131n M\u00fcnih \u015fehrinde tarihi ma\u00e7a \u00e7\u0131k\u0131yor. \u0130lk rakibi ma\u00e7tan \u00e7ekilince yeni rakip bulundu ancak federasyon bu durumda alt\u0131n kemeri vermekten vazge\u00e7ti. Yap\u0131lan pazarl\u0131klar sonucunda, D\u00fcnya K\u0131talar Aras\u0131 Kemerinin \u0130stanbul\u2019da EC BOXING\u2019in yapaca\u011f\u0131 dev boks galas\u0131nda verilmesi kararla\u015ft\u0131r\u0131ld\u0131.<\/p>\n<p>Almanya\u2019n\u0131n M\u00fcnih kentinde 13 Temmuz gecesi eski d\u00fcnya \u015fampiyonlar\u0131ndan Levent \u00c7ukur\u2019un organize edece\u011fi galada o\u011flu Emre \u00c7ukur, d\u00fcnya k\u0131talararas\u0131 alt\u0131n kemer m\u00fcsabakas\u0131nda yeni rakibi Moldova\u2019dan Vadim Gurau\u2019ya kar\u015f\u0131 yumruk sallayacak ancak kar\u015f\u0131la\u015fmada \u00f6nemli bir de\u011fi\u015fikli\u011fe gidilerek son anda kemer iptal edildi. Konu hakk\u0131nda bir a\u00e7\u0131klama yapan Lion Sport Promot\u00f6r Y\u00f6netim Kurulu Ba\u015fkan\u0131 Levent \u00c7ukur, &#8220;Kar\u015f\u0131la\u015fmada ilk rakibimiz ma\u00e7a \u00e7\u0131kmaktan son anda vazge\u00e7mi\u015fti ve biz federasyona ilk rakibimize g\u00f6re kemer i\u00e7in m\u00fcracaat etmi\u015ftik. Rakip \u00e7ekilince aceleden yeni rakibimiz Vadim Guru ile ma\u00e7 i\u00e7in anla\u015ft\u0131k bunun \u00fczerine boks federasyonu bu ma\u00e7 i\u00e7in ortaya kemer koyamayacaklar\u0131n\u0131 ancak s\u00f6ylediler. Yapt\u0131\u011f\u0131m\u0131z g\u00f6r\u00fc\u015fmeler sonucu 26.10.2019 tarihinde \u0130stanbul\u2019da ba\u015far\u0131l\u0131 promot\u00f6r\u00fcm\u00fcz Erol Ceylan\u2019\u0131n yapaca\u011f\u0131 galada kemeri ortaya koyabileceklerini s\u00f6ylediler ve biz de ikna olduk&#8221; dedi.<\/p>\n<p>&#8220;Kemeri istanbulda verece\u011fiz&#8221;<\/p>\n<p>Levent \u00c7ukur, T\u00fcrkiye\u2019de bu kemeri kazanman\u0131n daha anlaml\u0131 olaca\u011f\u0131n\u0131 vurgulayarak, &#8220;Sonu\u00e7ta kendi \u00fclkemiz ve seyircimiz \u00f6n\u00fcnde alt\u0131n kemer m\u00fccadelesi. Bizim i\u00e7in daha anlaml\u0131 geldi. Ge\u00e7ti\u011fimiz ma\u00e7ta yaralanan sporcumuz Hector Hernandez\u2019i muayene eden doktoru ma\u00e7 yapabilece\u011fini belirtmesi \u00fczerine ringe \u00e7\u0131kacak. Emre\u2019nin antrenmanlar\u0131 \u00e7ok iyi gidiyor. Formunun zirvesinde, moral motivasyon \u00e7ok iyi bu kar\u015f\u0131la\u015fmadan zaferle ayr\u0131laca\u011f\u0131m\u0131z\u0131 d\u00fc\u015f\u00fcn\u00fcyoruz. Ayr\u0131ca Lions Sport Boks Kul\u00fcb\u00fc sporcumuz Yusuf Sultano\u011flu ve Emre G\u00f6\u00e7men\u2019de y\u00fckselme ma\u00e7\u0131 yapacak&#8221; \u015feklinde konu\u015ftu.<\/p>\n<p>Vedat Alyaz: &#8220;Galam\u0131za ilgi yo\u011fun&#8221;<\/p>\n<p>Lion Sport Promotion bas\u0131n dan\u0131\u015fman\u0131 Vedat Alyaz, T\u00fcrkiye\u2019den be\u015f y\u00fcz bayrak \u0131smarlad\u0131klar\u0131n\u0131 belirterek, &#8220;Bu bayraklar\u0131n sat\u0131\u015f\u0131ndan elde edilecek geliri kul\u00fcb\u00fcm\u00fcz ad\u0131na engelli \u00e7ocuklara ba\u011f\u0131\u015flayaca\u011f\u0131z. Ayr\u0131ca y\u00fcz metre uzunlu\u011funda bir bayrak \u0131smarlad\u0131k ve bunu ma\u00e7ta a\u00e7may\u0131 d\u00fc\u015f\u00fcn\u00fcyoruz ancak T\u00fcrk seyircilerden fazla destek g\u00f6remiyoruz. Bilet sat\u0131\u015flar\u0131m\u0131z \u00e7ok iyi gitmesine ra\u011fmen daha \u00e7ok Alman ve eski Yugoslav \u00fclkelerinden seyirciler al\u0131yorlar. Bu bayraklar\u0131 ta\u015f\u0131malar\u0131 i\u00e7in T\u00fcrk seyircilere ihtiyac\u0131m\u0131z var bu m\u00fccadelede bizleri yaln\u0131z b\u0131rakmas\u0131nlar. Biz burada \u00fclkemizi temsilen \u00e7al\u0131\u015fmalar yap\u0131yoruz ve bu \u00f6nemli organizasyonda gurbet\u00e7i vatanda\u015flar\u0131m\u0131za da g\u00f6rev d\u00fc\u015f\u00fcyor. Galam\u0131za gelip sporcular\u0131m\u0131z\u0131 desteklemelerini bekliyoruz&#8221; a\u00e7\u0131klamas\u0131n\u0131 yapt\u0131.<\/p>\n","protected":false},"excerpt":{"rendered":"<p>T\u00dcRK BOKSUNUN GELECEKTEK\u0130 STARLARINDAN EMRE \u00c7UKUR, ALMANYA&#8217;NIN M\u00dcN\u0130H \u015eEHR\u0130NDE TAR\u0130H\u0130 MA\u00c7A \u00c7IKIYOR. \u0130LK RAK\u0130B\u0130 MA\u00c7TAN \u00c7EK\u0130L\u0130NCE YEN\u0130 RAK\u0130P BULUNDU ANCAK FEDERASYON BU DURUMDA ALTIN KEMER\u0130 VERMEKTEN VAZGE\u00c7T\u0130. YAPILAN PAZARLIKLAR SONUCUNDA, D\u00dcNYA KITALAR ARASI KEMER\u0130N\u0130N \u0130STANBUL\u2019DA EC BOXING\u2019\u0130N YAPACA\u011eI DEV BOKS GALASINDA VER\u0130LMES\u0130 KARARLA\u015eTIRILDI.<\/p>\n","protected":false},"author":1,"featured_media":180639,"comment_status":"closed","ping_status":"open","sticky":false,"template":"","format":"standard","meta":{"jetpack_post_was_ever_published":false,"_jetpack_newsletter_access":"","_jetpack_dont_email_post_to_subs":false,"_jetpack_newsletter_tier_id":0,"_jetpack_memberships_contains_paywalled_content":false,"_jetpack_memberships_contains_paid_content":false,"footnotes":"","jetpack_publicize_message":"","jetpack_publicize_feature_enabled":true,"jetpack_social_post_already_shared":true,"jetpack_social_options":{"image_generator_settings":{"template":"highway","default_image_id":0,"font":"","enabled":false},"version":2}},"categories":[657],"tags":[596,1268,5867,2112],"class_list":["post-180638","post","type-post","status-publish","format-standard","has-post-thumbnail","hentry","category-spor","tag-altin","tag-istanbulda","tag-kemer","tag-verilecek"],"jetpack_publicize_connections":[],"jetpack_featured_media_url":"https:\/\/i0.wp.com\/www.tvturk.com\/wp-content\/uploads\/2019\/07\/altin-kemer-istanbulda-verilecek_ba6f3de.jpg?fit=1000%2C666","jetpack_sharing_enabled":true,"jetpack_shortlink":"https:\/\/wp.me\/paKIfm-KZw","_links":{"self":[{"href":"http:\/\/www.tvturk.com\/index.php\/wp-json\/wp\/v2\/posts\/180638","targetHints":{"allow":["GET"]}}],"collection":[{"href":"http:\/\/www.tvturk.com\/index.php\/wp-json\/wp\/v2\/posts"}],"about":[{"href":"http:\/\/www.tvturk.com\/index.php\/wp-json\/wp\/v2\/types\/post"}],"author":[{"embeddable":true,"href":"http:\/\/www.tvturk.com\/index.php\/wp-json\/wp\/v2\/users\/1"}],"replies":[{"embeddable":true,"href":"http:\/\/www.tvturk.com\/index.php\/wp-json\/wp\/v2\/comments?post=180638"}],"version-history":[{"count":0,"href":"http:\/\/www.tvturk.com\/index.php\/wp-json\/wp\/v2\/posts\/180638\/revisions"}],"wp:featuredmedia":[{"embeddable":true,"href":"http:\/\/www.tvturk.com\/index.php\/wp-json\/wp\/v2\/media\/180639"}],"wp:attachment":[{"href":"http:\/\/www.tvturk.com\/index.php\/wp-json\/wp\/v2\/media?parent=180638"}],"wp:term":[{"taxonomy":"category","embeddable":true,"href":"http:\/\/www.tvturk.com\/index.php\/wp-json\/wp\/v2\/categories?post=180638"},{"taxonomy":"post_tag","embeddable":true,"href":"http:\/\/www.tvturk.com\/index.php\/wp-json\/wp\/v2\/tags?post=180638"}],"curies":[{"name":"wp","href":"https:\/\/api.w.org\/{rel}","templated":true}]}}