{"id":180662,"date":"2019-07-11T11:46:17","date_gmt":"2019-07-11T08:46:17","guid":{"rendered":"http:\/\/www.tvturk.com\/index.php\/sutte-yeni-nesil-ambalaj\/"},"modified":"2019-07-11T11:46:17","modified_gmt":"2019-07-11T08:46:17","slug":"sutte-yeni-nesil-ambalaj","status":"publish","type":"post","link":"http:\/\/www.tvturk.com\/index.php\/sutte-yeni-nesil-ambalaj\/","title":{"rendered":"S\u00fctte yeni nesil ambalaj"},"content":{"rendered":"<p>\u0130\u00e7im, past\u00f6rize s\u00fct\u00fc ilk g\u00fcnk\u00fc tazeli\u011fini korumak amac\u0131yla yeni nesil \u015feffaf ambalaj\u0131n\u0131 t\u00fcketiciyle bulu\u015fturdu. Yeni nesil \u015fi\u015fe; karton ve opak \u015fi\u015felerin aksine; i\u00e7indeki s\u00fct\u00fcn g\u00f6r\u00fcnmesi, ta\u015f\u0131ma kolayl\u0131\u011f\u0131 ve k\u0131r\u0131lma ve ezilmelere kar\u015f\u0131 dayan\u0131kl\u0131 olmas\u0131n\u0131 sa\u011fl\u0131yor.<\/p>\n<p>\u0130novatif \u00fcr\u00fcnlerle s\u00fct t\u00fcketimini art\u0131rmay\u0131 ama\u00e7layan \u0130\u00e7im, past\u00f6rize s\u00fct\u00fc ilk g\u00fcnk\u00fc tazeli\u011fini korumak amac\u0131yla yeni nesil \u015feffaf ambalaj\u0131n\u0131 t\u00fcketiciyle bulu\u015fturdu. Marka, de\u011fi\u015fen t\u00fcketici ihtiya\u00e7lar\u0131n\u0131 ve ara\u015ft\u0131rma i\u00e7g\u00f6r\u00fclerini g\u00f6zeterek geli\u015ftirdi\u011fi yeni nesil \u015fi\u015feleriyle T\u00fcrkiye\u2019de s\u00fct t\u00fcketimini art\u0131rmay\u0131 hedefliyor. Yap\u0131lan bilgilendirmede; past\u00f6rize s\u00fct\u00fcn\u00fc yeni nesil \u015feffaf ve dayan\u0131kl\u0131 \u015fi\u015feye ta\u015f\u0131yan marka, karton ve opak \u015fi\u015felerin aksine; i\u00e7indeki s\u00fct\u00fcn g\u00f6r\u00fcnmesi, ta\u015f\u0131ma kolayl\u0131\u011f\u0131 ve k\u0131r\u0131lma ve ezilmelere kar\u015f\u0131 dayan\u0131kl\u0131 olmas\u0131n\u0131 sa\u011fl\u0131yor.<\/p>\n<p>&#8220;Ezilme, patlama ve k\u0131r\u0131lmalara kar\u015f\u0131 da dayan\u0131kl\u0131 hale getirdik&#8221;<\/p>\n<p>Pazar ara\u015ft\u0131rmalar\u0131 neticesinde s\u00fct al\u0131rken t\u00fcketici \u00f6nceliklerinin tazelik, lezzet, ta\u015f\u0131ma kolayl\u0131\u011f\u0131, besin de\u011ferinin korunmas\u0131 ve ula\u015f\u0131labilir fiyat oldu\u011funu belirten \u0130\u00e7im Pazarlama Direkt\u00f6r\u00fc Selin Dora Falay; &#8220;Biz t\u00fcketicinin s\u00fcte en taze haliyle ula\u015fmas\u0131n\u0131 hedefliyoruz. Bu sebeple, uzun soluklu AR-GE \u00e7al\u0131\u015fmalar\u0131m\u0131z neticesinde g\u00fcnl\u00fck \u00fcretilen past\u00f6rize s\u00fctleri, d\u00fcnya genelinde y\u00fckselen bir trende sahip olan ve s\u00fct kategorisinde gelece\u011fin ambalaj\u0131 olarak nitelendirilen yeni nesil \u015feffaf \u015fi\u015felere ta\u015f\u0131d\u0131k. H\u00e2lihaz\u0131rda cam \u015fi\u015felerde yer alan g\u00fcnl\u00fck s\u00fctlerimizin yan\u0131na, kullan\u0131m kolayl\u0131\u011f\u0131 ve s\u00fct\u00fc g\u00f6rerek almay\u0131 sa\u011flayan \u015feffaf \u015fi\u015felerdeki past\u00f6rize s\u00fctleri ekledik. \u00d6zellikle buzdolaplar\u0131m\u0131zdan eksik etmedi\u011fimiz s\u00fct\u00fc; ezilme, patlama ve k\u0131r\u0131lmalara kar\u015f\u0131 da dayan\u0131kl\u0131 hale getirdik. Geli\u015ftirdi\u011fimiz yeni nesil \u015feffaf \u015fi\u015feler ve kulland\u0131\u011f\u0131m\u0131z \u00f6zel kapak sayesinde t\u00fcketicilerin g\u00fcvenli bir \u015fekilde kaliteli, taze ve besin de\u011feri korunmu\u015f s\u00fcte ula\u015fmas\u0131n\u0131 kolayla\u015ft\u0131r\u0131yoruz&#8221; ifadelerini kulland\u0131.<\/p>\n<p>Ayr\u0131ca Selin Dora Falay, yeni nesil \u015feffaf \u015fi\u015fedeki tam ya\u011fl\u0131, yar\u0131m ya\u011fl\u0131 ve sade \u00e7e\u015fitlerinin yan\u0131 s\u0131ra, s\u00fct i\u00e7meyenlerin bile i\u00e7ece\u011fi \u00e7ikolatal\u0131 s\u00fct\u00fc, \u00fcr\u00fcn gam\u0131na katt\u0131klar\u0131n\u0131 belirterek, &#8220;\u00d6n\u00fcm\u00fczdeki s\u00fcre\u00e7te de inovatif \u00fcr\u00fcnleri t\u00fcketiciyle bulu\u015fturmak ve s\u00fct t\u00fcketimini art\u0131rmak i\u00e7in \u00e7al\u0131\u015fmalar\u0131m\u0131za devam edece\u011fiz\u201d dedi.<\/p>\n","protected":false},"excerpt":{"rendered":"<p>\u0130\u00c7\u0130M, PAST\u00d6R\u0130ZE S\u00dcT\u00dc \u0130LK G\u00dcNK\u00dc TAZEL\u0130\u011e\u0130N\u0130 KORUMAK AMACIYLA YEN\u0130 NES\u0130L \u015eEFFAF AMBALAJINI T\u00dcKET\u0130C\u0130YLE BULU\u015eTURDU.<\/p>\n","protected":false},"author":1,"featured_media":180663,"comment_status":"closed","ping_status":"open","sticky":false,"template":"","format":"standard","meta":{"jetpack_post_was_ever_published":false,"_jetpack_newsletter_access":"","_jetpack_dont_email_post_to_subs":false,"_jetpack_newsletter_tier_id":0,"_jetpack_memberships_contains_paywalled_content":false,"_jetpack_memberships_contains_paid_content":false,"footnotes":"","jetpack_publicize_message":"","jetpack_publicize_feature_enabled":true,"jetpack_social_post_already_shared":true,"jetpack_social_options":{"image_generator_settings":{"template":"highway","default_image_id":0,"font":"","enabled":false},"version":2}},"categories":[19],"tags":[12559,390,42126,87],"class_list":["post-180662","post","type-post","status-publish","format-standard","has-post-thumbnail","hentry","category-ekonomi","tag-ambalaj","tag-nesil","tag-sutte","tag-yeni"],"jetpack_publicize_connections":[],"jetpack_featured_media_url":"https:\/\/i0.wp.com\/www.tvturk.com\/wp-content\/uploads\/2019\/07\/sutte-yeni-nesil-ambalaj_d209cbc.jpg?fit=1000%2C689","jetpack_sharing_enabled":true,"jetpack_shortlink":"https:\/\/wp.me\/paKIfm-KZU","_links":{"self":[{"href":"http:\/\/www.tvturk.com\/index.php\/wp-json\/wp\/v2\/posts\/180662","targetHints":{"allow":["GET"]}}],"collection":[{"href":"http:\/\/www.tvturk.com\/index.php\/wp-json\/wp\/v2\/posts"}],"about":[{"href":"http:\/\/www.tvturk.com\/index.php\/wp-json\/wp\/v2\/types\/post"}],"author":[{"embeddable":true,"href":"http:\/\/www.tvturk.com\/index.php\/wp-json\/wp\/v2\/users\/1"}],"replies":[{"embeddable":true,"href":"http:\/\/www.tvturk.com\/index.php\/wp-json\/wp\/v2\/comments?post=180662"}],"version-history":[{"count":0,"href":"http:\/\/www.tvturk.com\/index.php\/wp-json\/wp\/v2\/posts\/180662\/revisions"}],"wp:featuredmedia":[{"embeddable":true,"href":"http:\/\/www.tvturk.com\/index.php\/wp-json\/wp\/v2\/media\/180663"}],"wp:attachment":[{"href":"http:\/\/www.tvturk.com\/index.php\/wp-json\/wp\/v2\/media?parent=180662"}],"wp:term":[{"taxonomy":"category","embeddable":true,"href":"http:\/\/www.tvturk.com\/index.php\/wp-json\/wp\/v2\/categories?post=180662"},{"taxonomy":"post_tag","embeddable":true,"href":"http:\/\/www.tvturk.com\/index.php\/wp-json\/wp\/v2\/tags?post=180662"}],"curies":[{"name":"wp","href":"https:\/\/api.w.org\/{rel}","templated":true}]}}