{"id":180674,"date":"2019-07-11T11:47:06","date_gmt":"2019-07-11T08:47:06","guid":{"rendered":"http:\/\/www.tvturk.com\/index.php\/kirsehir-belediyespor-transfer-calismalarina-basladi\/"},"modified":"2019-07-11T11:47:06","modified_gmt":"2019-07-11T08:47:06","slug":"kirsehir-belediyespor-transfer-calismalarina-basladi","status":"publish","type":"post","link":"http:\/\/www.tvturk.com\/index.php\/kirsehir-belediyespor-transfer-calismalarina-basladi\/","title":{"rendered":"K\u0131r\u015fehir Belediyespor, transfer \u00e7al\u0131\u015fmalar\u0131na ba\u015flad\u0131"},"content":{"rendered":"<p>B\u00f6lgesel Amat\u00f6r Lig\u2019den 3. Lig\u2019e oradan da \u015fampiyon olarak 2. Lig\u2019e y\u00fckselen K\u0131r\u015fehir Belediyespor, yeni sezon \u00f6ncesi transfer ata\u011f\u0131na ge\u00e7ti.<\/p>\n<p>K\u0131r\u015fehir Belediyespor\u2019da yeni transferler Onur Karakabak, Erbay Eker ve \u0130smail D\u00fczg\u00fcn, ye\u015fil-beyaz forma giyerek s\u00f6zle\u015fmelerini imzalad\u0131. Kul\u00fcb\u00fcn G\u00fcneykent Tesisleri\u2019nde yeni oyuncular\u0131n bas\u0131na tan\u0131t\u0131m toplant\u0131s\u0131nda konu\u015fan Kul\u00fcp Ba\u015fkan\u0131 Osman U\u00e7ar, &#8220;Herkes biraz sab\u0131rl\u0131 olmal\u0131, \u015fehri ile b\u00fct\u00fcnle\u015fen bir tak\u0131m olu\u015fturarak 2. Lig\u2019de de ba\u015far\u0131l\u0131 bir grafik \u00e7izece\u011fiz&#8221; dedi. Tak\u0131m\u0131n yeni sezonda ilk transferlerini yapt\u0131\u011f\u0131n\u0131 belirten U\u00e7ar, &#8220;Bu sezonun ilk s\u00f6zle\u015fmelerini imzalad\u0131k. K\u0131r\u015fehir ve K\u0131r\u015fehir Belediyespor\u2019a g\u00f6n\u00fcl veren herkesten biz sab\u0131r istiyoruz. Zamanla \u015fehre ve tak\u0131ma yak\u0131\u015f\u0131r oyuncular alaca\u011f\u0131z&#8221; \u015feklinde konu\u015ftu.<\/p>\n<p>K\u0131r\u015fehir Belediyespor\u2019u takip ettiklerini ve tak\u0131m\u0131n y\u00fckseli\u015finin fark\u0131nda olduklar\u0131n\u0131 anlatan futbolcular ise a\u00e7\u0131klamalar\u0131nda, &#8220;2. Lig i\u00e7in iyi bir \u00e7\u0131k\u0131\u015f yakalad\u0131lar ve ba\u015far\u0131l\u0131 oldular. Bu y\u0131lda play-off yolunda \u015fehre lay\u0131k olmak ve bizleri isteyen Belediye Ba\u015fkan\u0131 Selahattin Ekicio\u011flun\u2019a te\u015fekk\u00fcr ederiz. Uyum i\u00e7erisinde \u00e7al\u0131\u015facak ve tecr\u00fcbelerimizi tak\u0131ma kataca\u011f\u0131z&#8221; dediler.<\/p>\n<p>S\u00f6zle\u015fmeleri imzalanan oyuncular, kul\u00fcp y\u00f6netiminin de yer ald\u0131\u011f\u0131 toplant\u0131da tatl\u0131 ikram\u0131n\u0131n ard\u0131ndan tesisleri gezerek incelemelerde bulundu.<\/p>\n<p>2019-2020 Sezonu TFF 2. Lig guruplar\u0131 kura \u00e7ekiminde K\u0131rm\u0131z\u0131 Grup\u2019ta yer alan K\u0131r\u015fehir Belediyespor\u2019un rakipleri ise Ergene Velime\u015fespor, Band\u0131rma Baltokspor, Tuzlaspor, Ey\u00fcpspor,  Kardemir Karab\u00fckspor, Etimesgutspor, Ankara Demirspor, Kastamonuspor, Sivas Belediyespor, Bayburt \u0130l \u00d6zel \u0130dare, Van B\u00fcy\u00fck\u015fehir Belediyespor, Birevim Elaz\u0131gspor, Kahramanmara\u015fspor, Nigde Anadolu FK , Bodrum Belediyesispor, Uta\u015f U\u015fakspor olacak.<\/p>\n","protected":false},"excerpt":{"rendered":"<p>B\u00d6LGESEL AMAT\u00d6R L\u0130G \u2019DEN 3. L\u0130GE ORADAN DA \u015eAMP\u0130YON OLARAK 2. L\u0130GE Y\u00dcKSELEN KIR\u015eEH\u0130R BELED\u0130YESPOR TAKIMI YEN\u0130 SEZON \u00d6NCES\u0130 TRANSFER ATA\u011eINA GE\u00c7T\u0130.<\/p>\n","protected":false},"author":1,"featured_media":180675,"comment_status":"closed","ping_status":"open","sticky":false,"template":"","format":"standard","meta":{"jetpack_post_was_ever_published":false,"_jetpack_newsletter_access":"","_jetpack_dont_email_post_to_subs":false,"_jetpack_newsletter_tier_id":0,"_jetpack_memberships_contains_paywalled_content":false,"_jetpack_memberships_contains_paid_content":false,"footnotes":"","jetpack_publicize_message":"","jetpack_publicize_feature_enabled":true,"jetpack_social_post_already_shared":true,"jetpack_social_options":{"image_generator_settings":{"template":"highway","default_image_id":0,"font":"","enabled":false},"version":2}},"categories":[657],"tags":[55,2556,58,8510,2518],"class_list":["post-180674","post","type-post","status-publish","format-standard","has-post-thumbnail","hentry","category-spor","tag-basladi","tag-belediyespor","tag-calismalarina","tag-kirsehir","tag-transfer"],"jetpack_publicize_connections":[],"jetpack_featured_media_url":"https:\/\/i0.wp.com\/www.tvturk.com\/wp-content\/uploads\/2019\/07\/kirsehir-belediyespor-transfer-calismalarina-basladi_6b1f610.jpg?fit=1000%2C666","jetpack_sharing_enabled":true,"jetpack_shortlink":"https:\/\/wp.me\/paKIfm-L06","_links":{"self":[{"href":"http:\/\/www.tvturk.com\/index.php\/wp-json\/wp\/v2\/posts\/180674","targetHints":{"allow":["GET"]}}],"collection":[{"href":"http:\/\/www.tvturk.com\/index.php\/wp-json\/wp\/v2\/posts"}],"about":[{"href":"http:\/\/www.tvturk.com\/index.php\/wp-json\/wp\/v2\/types\/post"}],"author":[{"embeddable":true,"href":"http:\/\/www.tvturk.com\/index.php\/wp-json\/wp\/v2\/users\/1"}],"replies":[{"embeddable":true,"href":"http:\/\/www.tvturk.com\/index.php\/wp-json\/wp\/v2\/comments?post=180674"}],"version-history":[{"count":0,"href":"http:\/\/www.tvturk.com\/index.php\/wp-json\/wp\/v2\/posts\/180674\/revisions"}],"wp:featuredmedia":[{"embeddable":true,"href":"http:\/\/www.tvturk.com\/index.php\/wp-json\/wp\/v2\/media\/180675"}],"wp:attachment":[{"href":"http:\/\/www.tvturk.com\/index.php\/wp-json\/wp\/v2\/media?parent=180674"}],"wp:term":[{"taxonomy":"category","embeddable":true,"href":"http:\/\/www.tvturk.com\/index.php\/wp-json\/wp\/v2\/categories?post=180674"},{"taxonomy":"post_tag","embeddable":true,"href":"http:\/\/www.tvturk.com\/index.php\/wp-json\/wp\/v2\/tags?post=180674"}],"curies":[{"name":"wp","href":"https:\/\/api.w.org\/{rel}","templated":true}]}}