{"id":180688,"date":"2019-07-11T12:16:56","date_gmt":"2019-07-11T09:16:56","guid":{"rendered":"http:\/\/www.tvturk.com\/index.php\/dunya-sampiyonu-beytullah-eroglu-tekrar-dunya-sampiyonu-olmak-istiyor\/"},"modified":"2019-07-11T12:16:56","modified_gmt":"2019-07-11T09:16:56","slug":"dunya-sampiyonu-beytullah-eroglu-tekrar-dunya-sampiyonu-olmak-istiyor","status":"publish","type":"post","link":"http:\/\/www.tvturk.com\/index.php\/dunya-sampiyonu-beytullah-eroglu-tekrar-dunya-sampiyonu-olmak-istiyor\/","title":{"rendered":"D\u00fcnya \u015fampiyonu Beytullah Ero\u011flu, tekrar d\u00fcnya \u015fampiyonu olmak istiyor"},"content":{"rendered":"<p>Paralimpik D\u00fcnya Y\u00fczme \u015eampiyonu Beytullah Ero\u011flu Marmaris\u2019te kamp yap\u0131yor. Eyl\u00fcl ay\u0131nda Londra\u2019da yap\u0131lacak olan Paralimpik D\u00fcnya Y\u00fczme \u015eampiyonas\u0131\u2019nda tekrar \u015fampiyon olmak istedi\u011fini belirten Ero\u011flu, &#8220;\u0130n\u015fallah bir kez daha \u015fampiyon olaca\u011f\u0131m. Orada \u00fclkemizi en iyi \u015fekilde temsil etmek i\u00e7in \u00e7al\u0131\u015f\u0131yoruz&#8221; dedi.<\/p>\n<p>Mu\u011fla\u2019n\u0131n Marmaris il\u00e7esi paralimpik milli y\u00fcz\u00fcc\u00fclerini a\u011f\u0131rl\u0131yor. \u0130stanbul B\u00fcy\u00fck\u015fehir Belediyesi Engelli Y\u00fczme Tak\u0131m\u0131 9-15 Eyl\u00fcl tarihleri aras\u0131nda \u0130ngiltere\u2019nin Londra kentinde yap\u0131lacak olan Paralimpik D\u00fcnya Y\u00fczme \u015eampiyonas\u0131\u2019na Marmaris\u2019te haz\u0131rlan\u0131yor. Kapal\u0131 Y\u00fczme Havuzu\u2019nda ger\u00e7ekle\u015fen antrenmanlara kul\u00fcb\u00fcn alt\u0131 milli sporcusu kat\u0131l\u0131yor. Y\u00fcz\u00fcc\u00fcler aras\u0131nda 2017 y\u0131l\u0131nda Meksika\u2019n\u0131n Mexico City kentinde Paralimpik D\u00fcnya Y\u00fczme \u015eampiyonas\u0131\u2019na 50 metre kelebekte d\u00fcnya \u015fampiyonu olan Beytullah Ero\u011flu da yer al\u0131yor. Ero\u011flu y\u00fczme antrenman\u0131n yap\u0131ld\u0131\u011f\u0131 havuzda \u0130HA\u2019ya a\u00e7\u0131klamalarda bulundu.<\/p>\n<p>&#8220;\u00dclkemize madalyalarla d\u00f6nmek istiyoruz&#8221;<\/p>\n<p>Londra\u2019da yap\u0131lacak olan organizasyonda tekrar d\u00fcnya \u015fampiyonu olmak istedi\u011fini belirten Ero\u011flu, &#8220;Buraya d\u00fcnya \u015fampiyonas\u0131na haz\u0131rlanmak i\u00e7in geldik. Milli tak\u0131m kamp\u0131 \u00f6ncesi son bir kul\u00fcp kamp\u0131 yap\u0131yoruz. Ben en son d\u00fcnya \u015fampiyonuyum. \u0130n\u015fallah bir kez daha \u015fampiyon olaca\u011f\u0131m. Orada \u00fclkemizi en iyi \u015fekilde temsil etmek i\u00e7in \u00e7al\u0131\u015f\u0131yoruz. Bir \u00f6nceki d\u00fcnya \u015fampiyonas\u0131na \u00fc\u00e7 ki\u015fi kat\u0131lm\u0131\u015ft\u0131k. \u015eu an alt\u0131 ki\u015fiyle kat\u0131l\u0131yoruz. B\u00fcy\u00fck bir geli\u015fim sergiliyoruz. \u0130n\u015fallah bu geli\u015fimi s\u00fcrd\u00fcr\u00fcp \u00fclkemize madalyalarla d\u00f6nmek istiyoruz&#8221; \u015feklinde konu\u015ftu.<\/p>\n<p>Antren\u00f6r Fatih Kurt: &#8220;Haz\u0131rl\u0131klar\u0131m\u0131z\u0131 \u00c7anakkale\u2019de tamamlayaca\u011f\u0131z&#8221;<\/p>\n<p>Kul\u00fcp olarak milli tak\u0131ma alt\u0131 sporcu verdiklerini belirten \u0130stanbul B\u00fcy\u00fck\u015fehir Belediyesi Spor Kul\u00fcb\u00fc y\u00fczme ba\u015f antren\u00f6r\u00fc Mehmet Fatih Kurt, &#8220;Bu kamp\u0131m\u0131z d\u00fcnya \u015fampiyonas\u0131na haz\u0131rl\u0131k kamplar\u0131n\u0131n birinci aya\u011f\u0131. Buradan sporcular\u0131m\u0131z Ankara\u2019ya ge\u00e7ecek. Daha sonra \u00c7anakkale\u2019de yap\u0131lacak olan \u00fc\u00e7\u00fcnc\u00fc kamp\u0131m\u0131z ile haz\u0131rl\u0131klar\u0131m\u0131z\u0131 tamamlam\u0131\u015f olaca\u011f\u0131z&#8221; ifadelerini kulland\u0131.<\/p>\n<p>Antren\u00f6r Berna Bal: &#8220;Bu kamp bizim i\u00e7in \u00e7ok iyi oldu&#8221;<\/p>\n<p>Marmaris\u2019te iyi bir kamp d\u00f6nemi ge\u00e7irdiklerini belirten \u0130stanbul B\u00fcy\u00fck\u015fehir Belediyesi Spor Kul\u00fcb\u00fc y\u00fczme antren\u00f6r\u00fc Berna Bal ise, &#8220;2019 Paralimpik D\u00fcnya Y\u00fczme \u015eampiyonas\u0131\u2019na haz\u0131rlanacak olan 6 milli sporcumuzla birlikte bu kampa kat\u0131l\u0131m sa\u011flad\u0131k. Bu sporcular\u0131m\u0131z i\u00e7inde d\u00fcnya barajlar\u0131n\u0131 ge\u00e7mi\u015f Avrupa \u00fc\u00e7\u00fcnc\u00fcs\u00fc, d\u00fcnya \u015fampiyonumuz Beytullah Ero\u011flu, b\u00fct\u00fcn sporcular\u0131m\u0131z burada bulunmakta. Bizim i\u00e7in bu kamp \u00e7ok iyi oldu&#8221; diye konu\u015ftu.<\/p>\n","protected":false},"excerpt":{"rendered":"<p>PARAL\u0130MP\u0130K D\u00dcNYA Y\u00dcZME \u015eAMP\u0130YONU BEYTULLAH ERO\u011eLU MARMAR\u0130S\u2019TE KAMP YAPIYOR. EYL\u00dcL AYINDA LONDRA\u2019DA YAPILACAK OLAN PARAL\u0130MP\u0130K D\u00dcNYA Y\u00dcZME \u015eAMP\u0130YONASI\u2019NDA TEKRAR \u015eAMP\u0130YON OLMAK \u0130STED\u0130\u011e\u0130N\u0130 BEL\u0130RTEN ERO\u011eLU, &#8220;\u0130N\u015eALLAH B\u0130R KEZ DAHA \u015eAMP\u0130YON OLACA\u011eIM. ORADA \u00dcLKEM\u0130Z\u0130 EN \u0130Y\u0130 \u015eEK\u0130LDE TEMS\u0130L ETMEK \u0130\u00c7\u0130N \u00c7ALI\u015eIYORUZ&#8221; DED\u0130.<\/p>\n","protected":false},"author":1,"featured_media":180689,"comment_status":"closed","ping_status":"open","sticky":false,"template":"","format":"standard","meta":{"jetpack_post_was_ever_published":false,"_jetpack_newsletter_access":"","_jetpack_dont_email_post_to_subs":false,"_jetpack_newsletter_tier_id":0,"_jetpack_memberships_contains_paywalled_content":false,"_jetpack_memberships_contains_paid_content":false,"footnotes":"","jetpack_publicize_message":"","jetpack_publicize_feature_enabled":true,"jetpack_social_post_already_shared":true,"jetpack_social_options":{"image_generator_settings":{"template":"highway","default_image_id":0,"font":"","enabled":false},"version":2}},"categories":[657],"tags":[349,44477,4403,99,1364,2415,842],"class_list":["post-180688","post","type-post","status-publish","format-standard","has-post-thumbnail","hentry","category-spor","tag-dunya","tag-beytullah","tag-eroglu","tag-istiyor","tag-olmak","tag-sampiyonu","tag-tekrar"],"jetpack_publicize_connections":[],"jetpack_featured_media_url":"https:\/\/i0.wp.com\/www.tvturk.com\/wp-content\/uploads\/2019\/07\/dunya-sampiyonu-beytullah-eroglu-tekrar-dunya-sampiyonu-olmak-istiyor_5b7f368.jpg?fit=1000%2C666","jetpack_sharing_enabled":true,"jetpack_shortlink":"https:\/\/wp.me\/paKIfm-L0k","_links":{"self":[{"href":"http:\/\/www.tvturk.com\/index.php\/wp-json\/wp\/v2\/posts\/180688","targetHints":{"allow":["GET"]}}],"collection":[{"href":"http:\/\/www.tvturk.com\/index.php\/wp-json\/wp\/v2\/posts"}],"about":[{"href":"http:\/\/www.tvturk.com\/index.php\/wp-json\/wp\/v2\/types\/post"}],"author":[{"embeddable":true,"href":"http:\/\/www.tvturk.com\/index.php\/wp-json\/wp\/v2\/users\/1"}],"replies":[{"embeddable":true,"href":"http:\/\/www.tvturk.com\/index.php\/wp-json\/wp\/v2\/comments?post=180688"}],"version-history":[{"count":0,"href":"http:\/\/www.tvturk.com\/index.php\/wp-json\/wp\/v2\/posts\/180688\/revisions"}],"wp:featuredmedia":[{"embeddable":true,"href":"http:\/\/www.tvturk.com\/index.php\/wp-json\/wp\/v2\/media\/180689"}],"wp:attachment":[{"href":"http:\/\/www.tvturk.com\/index.php\/wp-json\/wp\/v2\/media?parent=180688"}],"wp:term":[{"taxonomy":"category","embeddable":true,"href":"http:\/\/www.tvturk.com\/index.php\/wp-json\/wp\/v2\/categories?post=180688"},{"taxonomy":"post_tag","embeddable":true,"href":"http:\/\/www.tvturk.com\/index.php\/wp-json\/wp\/v2\/tags?post=180688"}],"curies":[{"name":"wp","href":"https:\/\/api.w.org\/{rel}","templated":true}]}}