{"id":180740,"date":"2019-07-11T13:16:30","date_gmt":"2019-07-11T10:16:30","guid":{"rendered":"http:\/\/www.tvturk.com\/index.php\/fetih-muzesi-su-kabaginda-hayat-buldu\/"},"modified":"2019-07-11T13:16:30","modified_gmt":"2019-07-11T10:16:30","slug":"fetih-muzesi-su-kabaginda-hayat-buldu","status":"publish","type":"post","link":"http:\/\/www.tvturk.com\/index.php\/fetih-muzesi-su-kabaginda-hayat-buldu\/","title":{"rendered":"Fetih M\u00fczesi su kaba\u011f\u0131nda hayat buldu"},"content":{"rendered":"<p>Osmangazi Belediyesi\u2019nin gelece\u011fe \u0131\u015f\u0131k tutan projelerinden \u2018Panorama 1326 Bursa\u2019 Fetih M\u00fczesi, su kaba\u011f\u0131 i\u015flemecili\u011fi sanat\u0131yla hayat buldu.<\/p>\n<p>Osmangazi Belediyesi\u2019nin Halk E\u011fitim Merkezi i\u015fbirli\u011fi ile \u00fccretsiz olarak d\u00fczenledi\u011fi OSMEK\u2019te su kaba\u011f\u0131 i\u015flemecili\u011fi kursuna kat\u0131lan kursiyerler, yeniliklere a\u00e7\u0131l\u0131yor. Bursa\u2019n\u0131n tarih\u00ee mek\u00e2nlar\u0131n\u0131n i\u015flendi\u011fi kabaklar, ge\u00e7mi\u015f ve gelecek aras\u0131nda k\u00f6pr\u00fc kuruyor. Tam\u00e2men el i\u015f\u00e7ili\u011fi ile yap\u0131lan \u2018Panorama 1326 Bursa\u2019 Fetih M\u00fczesi kaba\u011f\u0131, Bursal\u0131 sanatseverler taraf\u0131ndan b\u00fcy\u00fck ilgi g\u00f6r\u00fcyor. \u015eeyh Edeb\u00e2li\u2019nin Osman Gazi ile sohbeti, Osman Gazi\u2019nin o\u011flu Orhan Gazi\u2019ye v\u00e2siyeti, Emir Sultan ve \u00c7elebi Mehmed\u2019in k\u0131l\u0131\u00e7 ku\u015fanma merasimi, Ye\u015fil T\u00fcrbe\u2019nin in\u015faat\u0131 s\u0131ras\u0131nda \u0130vaz Pa\u015fa\u2019n\u0131n \u00e7ini se\u00e7imi gibi \u00f6nemli olaylar\u0131n anlat\u0131ld\u0131\u011f\u0131 eser, fetih d\u00f6neminin g\u00fczelliklerini yans\u0131t\u0131yor.<\/p>\n<p>Mimar\u00eesi ve sanat \u00f6zellikleriyle dikkat \u00e7eken Fetih M\u00fczesi\u2019nin kursiyerleri taraf\u0131ndan b\u00fcy\u00fck ilgi g\u00f6rd\u00fc\u011f\u00fcn\u00fc dile getiren kurs hocas\u0131 Fatma G\u00fcler, \u201cM\u00fczeyi ilk gezdi\u011fimde b\u00fcy\u00fclenerek buran\u0131n bir hik\u00e2yesi olmal\u0131 dedim. Kursiyerim Ebru Ayd\u0131n ile \u00e7al\u0131\u015fmalar\u0131m\u0131za ba\u015flayarak, eserimizi son haline getirdik. Panorama 1326 Bursa Fetih M\u00fczesi, bizlere \u00e2det\u00e2 ilham kayna\u011f\u0131 oldu. Kaba\u011f\u0131m\u0131z\u0131n d\u0131\u015f\u0131n\u0131 m\u00fczede bulunan tablolardaki eserler ile i\u00e7ini de eski Bursa evleri, Ye\u015fil T\u00fcrbe, Uluda\u011f, Karag\u00f6z ve Hacivat gibi objelerle s\u00fcsledik. B\u00f6ylece kaybolmaya y\u00fcz tutan sanat\u0131m\u0131z insanlar taraf\u0131ndan yeniden ilgi g\u00f6rmeye ba\u015flad\u0131\u201d dedi.<\/p>\n<p>El eme\u011fi g\u00f6z nuru \u00e7al\u0131\u015fman\u0131n ortaya \u00e7\u0131kmas\u0131nda b\u00fcy\u00fck eme\u011fi olan kursiyer Ebru Ayd\u0131n ise b\u00f6ylesine g\u00fczel bir k\u00fclt\u00fcrel miras\u0131 T\u00fcrkiye\u2019ye kazand\u0131rd\u0131\u011f\u0131 i\u00e7in Osmangazi Belediye Ba\u015fkan\u0131 Mustafa D\u00fcndar\u2019a te\u015fekk\u00fcr etti.<\/p>\n","protected":false},"excerpt":{"rendered":"<p>OSMANGAZ\u0130 BELED\u0130YES\u0130\u2019N\u0130N GELECE\u011eE I\u015eIK TUTAN PROJELER\u0130NDEN \u2018PANORAMA 1326 BURSA\u2019 FET\u0130H M\u00dcZES\u0130, SU KABA\u011eI \u0130\u015eLEMEC\u0130L\u0130\u011e\u0130 SANATINDA HAYAT BULDU.<\/p>\n","protected":false},"author":1,"featured_media":180741,"comment_status":"closed","ping_status":"open","sticky":false,"template":"","format":"standard","meta":{"jetpack_post_was_ever_published":false,"_jetpack_newsletter_access":"","_jetpack_dont_email_post_to_subs":false,"_jetpack_newsletter_tier_id":0,"_jetpack_memberships_contains_paywalled_content":false,"_jetpack_memberships_contains_paid_content":false,"footnotes":"","jetpack_publicize_message":"","jetpack_publicize_feature_enabled":true,"jetpack_social_post_already_shared":true,"jetpack_social_options":{"image_generator_settings":{"template":"highway","default_image_id":0,"font":"","enabled":false},"version":2}},"categories":[1],"tags":[5392,12420,606,44504,802],"class_list":["post-180740","post","type-post","status-publish","format-standard","has-post-thumbnail","hentry","category-genel","tag-buldu","tag-fetih","tag-hayat","tag-kabaginda","tag-muzesi"],"jetpack_publicize_connections":[],"jetpack_featured_media_url":"https:\/\/i0.wp.com\/www.tvturk.com\/wp-content\/uploads\/2019\/07\/fetih-muzesi-su-kabaginda-hayat-buldu_e33d3f5.jpg?fit=1000%2C666","jetpack_sharing_enabled":true,"jetpack_shortlink":"https:\/\/wp.me\/paKIfm-L1a","_links":{"self":[{"href":"http:\/\/www.tvturk.com\/index.php\/wp-json\/wp\/v2\/posts\/180740","targetHints":{"allow":["GET"]}}],"collection":[{"href":"http:\/\/www.tvturk.com\/index.php\/wp-json\/wp\/v2\/posts"}],"about":[{"href":"http:\/\/www.tvturk.com\/index.php\/wp-json\/wp\/v2\/types\/post"}],"author":[{"embeddable":true,"href":"http:\/\/www.tvturk.com\/index.php\/wp-json\/wp\/v2\/users\/1"}],"replies":[{"embeddable":true,"href":"http:\/\/www.tvturk.com\/index.php\/wp-json\/wp\/v2\/comments?post=180740"}],"version-history":[{"count":0,"href":"http:\/\/www.tvturk.com\/index.php\/wp-json\/wp\/v2\/posts\/180740\/revisions"}],"wp:featuredmedia":[{"embeddable":true,"href":"http:\/\/www.tvturk.com\/index.php\/wp-json\/wp\/v2\/media\/180741"}],"wp:attachment":[{"href":"http:\/\/www.tvturk.com\/index.php\/wp-json\/wp\/v2\/media?parent=180740"}],"wp:term":[{"taxonomy":"category","embeddable":true,"href":"http:\/\/www.tvturk.com\/index.php\/wp-json\/wp\/v2\/categories?post=180740"},{"taxonomy":"post_tag","embeddable":true,"href":"http:\/\/www.tvturk.com\/index.php\/wp-json\/wp\/v2\/tags?post=180740"}],"curies":[{"name":"wp","href":"https:\/\/api.w.org\/{rel}","templated":true}]}}